{"id":37914,"date":"2018-11-09T00:09:13","date_gmt":"2018-11-08T23:09:13","guid":{"rendered":"\/parlonsen\/?p=37914"},"modified":"2018-11-09T00:10:23","modified_gmt":"2018-11-08T23:10:23","slug":"le-journal-dun-corps-theatre-a-salvagnac-81","status":"publish","type":"post","link":"https:\/\/www.o-p-i.fr\/parlonsen\/localisation\/au-pays-des-tescous\/salvagnac\/le-journal-dun-corps-theatre-a-salvagnac-81\/","title":{"rendered":"\u00ab\u00a0Le journal d&rsquo;un corps\u00a0\u00bb, th\u00e9\u00e2tre&#8230;\u00e0 Salvagnac (81)"},"content":{"rendered":"<p><strong>Samedi 17 novembre 2018<\/strong>, d\u00e8s 19h.30 au Galetas.<!--more--><img data-recalc-dims=\"1\" loading=\"lazy\" decoding=\"async\" class=\"alignright size-full wp-image-37915\" src=\"https:\/\/i0.wp.com\/www.o-p-i.fr\/parlonsen\/wp-content\/uploads\/combelles-1.jpg?resize=425%2C358&#038;ssl=1\" alt=\"\" width=\"425\" height=\"358\" srcset=\"https:\/\/i0.wp.com\/www.o-p-i.fr\/parlonsen\/wp-content\/uploads\/combelles-1.jpg?w=425&amp;ssl=1 425w, https:\/\/i0.wp.com\/www.o-p-i.fr\/parlonsen\/wp-content\/uploads\/combelles-1.jpg?resize=300%2C253&amp;ssl=1 300w, https:\/\/i0.wp.com\/www.o-p-i.fr\/parlonsen\/wp-content\/uploads\/combelles-1.jpg?resize=150%2C126&amp;ssl=1 150w, https:\/\/i0.wp.com\/www.o-p-i.fr\/parlonsen\/wp-content\/uploads\/combelles-1.jpg?resize=400%2C337&amp;ssl=1 400w\" sizes=\"auto, (max-width: 425px) 100vw, 425px\" \/><br \/>\nREPAS MAISON (SUR R\u00c9SERVATION) \u00c0 19H30 : 7,50 \u20ac (5,00 \u20ac POUR LES -12 ANS)<br \/>\nR\u00c9SERVATION OBLIGATOIRE POUR LE REPAS AU : 05 63 40 56 26<\/p>\n<p>SPECTACLE \u00c0 21H00 : 7,50 \u20ac (GRATUIT POUR LES -12 ANS)<\/p>\n<p>LE JOURNAL D&rsquo;UN CORPS<br \/>\nInterpr\u00e9tation : Jean-Marie Combelles<br \/>\nDe ses 12 ans jusqu&rsquo;\u00e0 sa mort, soit durant soixante-quinze ann\u00e9es, le narrateur tient un journal intime.<br \/>\nIl n&rsquo;y confie pas ses pens\u00e9es secr\u00e8tes, il tient le journal de son corps.<br \/>\nVoici donc un journal exclusivement centr\u00e9 sur les d\u00e9couvertes et les surprises que nous r\u00e9serve notre corps.<br \/>\nLe r\u00e9cit empreint de tendresse et d&rsquo;humanit\u00e9 est \u00e0 la fois dr\u00f4le et \u00e9mouvant, grave et malicieux, po\u00e9tique et truculent, pudique et cru, \u00e9l\u00e9gant et caustique et merveilleusement bien \u00e9crit.<\/p>\n<figure id=\"attachment_12241\" aria-describedby=\"caption-attachment-12241\" style=\"width: 350px\" class=\"wp-caption alignleft\"><img data-recalc-dims=\"1\" loading=\"lazy\" decoding=\"async\" class=\"size-full wp-image-12241\" src=\"https:\/\/i0.wp.com\/www.o-p-i.fr\/parlonsen\/wp-content\/uploads\/logo_galetas.jpg?resize=350%2C112&#038;ssl=1\" alt=\"\" width=\"350\" height=\"112\" srcset=\"https:\/\/i0.wp.com\/www.o-p-i.fr\/parlonsen\/wp-content\/uploads\/logo_galetas.jpg?w=350&amp;ssl=1 350w, https:\/\/i0.wp.com\/www.o-p-i.fr\/parlonsen\/wp-content\/uploads\/logo_galetas.jpg?resize=300%2C96&amp;ssl=1 300w\" sizes=\"auto, (max-width: 350px) 100vw, 350px\" \/><figcaption id=\"caption-attachment-12241\" class=\"wp-caption-text\">Le Galetas &#8211; Salvagnac (81)<\/figcaption><\/figure>\n<p>&nbsp;<\/p>\n<p>&nbsp;<\/p>\n<p>&nbsp;<\/p>\n<p>&nbsp;<\/p>\n<p>&nbsp;<\/p>\n<p><em>Information communiqu\u00e9e par l&rsquo;\u00e9quipe du Galetas<\/em><\/p>\n<p><a href=\"https:\/\/www.o-p-i.fr\/parlonsen\/agenda\/\"><strong>Retrouvez tous les \u00e9v\u00e9nements dans l&rsquo;agenda !<\/strong><\/a><\/p>\n","protected":false},"excerpt":{"rendered":"<div class=\"mh-excerpt\">Samedi 17 novembre 2018, d\u00e8s 19h.30 au Galetas.<\/div>\n","protected":false},"author":4,"featured_media":0,"comment_status":"open","ping_status":"open","sticky":false,"template":"","format":"standard","meta":{"om_disable_all_campaigns":false,"advanced_seo_description":"","jetpack_seo_html_title":"","jetpack_seo_noindex":false,"_jetpack_memberships_contains_paid_content":false,"footnotes":"","_links_to":"","_links_to_target":""},"categories":[54,25,3387],"tags":[57,2548,157,1319],"class_list":{"0":"post-37914","1":"post","2":"type-post","3":"status-publish","4":"format-standard","6":"category-loisirs","7":"category-salvagnac","8":"category-n152-novembre-2018","9":"tag-theatre","10":"tag-salvagnac","11":"tag-repas","12":"tag-le-galetas"},"jetpack_featured_media_url":"","views":{"total":0,"cached_at":"","cached_date":1738394457},"jetpack_likes_enabled":true,"jetpack_sharing_enabled":true,"jetpack_shortlink":"https:\/\/wp.me\/pg7Wxj-9Rw","jetpack-related-posts":[],"_links":{"self":[{"href":"https:\/\/www.o-p-i.fr\/parlonsen\/wp-json\/wp\/v2\/posts\/37914","targetHints":{"allow":["GET"]}}],"collection":[{"href":"https:\/\/www.o-p-i.fr\/parlonsen\/wp-json\/wp\/v2\/posts"}],"about":[{"href":"https:\/\/www.o-p-i.fr\/parlonsen\/wp-json\/wp\/v2\/types\/post"}],"author":[{"embeddable":true,"href":"https:\/\/www.o-p-i.fr\/parlonsen\/wp-json\/wp\/v2\/users\/4"}],"replies":[{"embeddable":true,"href":"https:\/\/www.o-p-i.fr\/parlonsen\/wp-json\/wp\/v2\/comments?post=37914"}],"version-history":[{"count":0,"href":"https:\/\/www.o-p-i.fr\/parlonsen\/wp-json\/wp\/v2\/posts\/37914\/revisions"}],"wp:attachment":[{"href":"https:\/\/www.o-p-i.fr\/parlonsen\/wp-json\/wp\/v2\/media?parent=37914"}],"wp:term":[{"taxonomy":"category","embeddable":true,"href":"https:\/\/www.o-p-i.fr\/parlonsen\/wp-json\/wp\/v2\/categories?post=37914"},{"taxonomy":"post_tag","embeddable":true,"href":"https:\/\/www.o-p-i.fr\/parlonsen\/wp-json\/wp\/v2\/tags?post=37914"}],"curies":[{"name":"wp","href":"https:\/\/api.w.org\/{rel}","templated":true}]}}