{"id":37925,"date":"2018-11-11T16:33:44","date_gmt":"2018-11-11T15:33:44","guid":{"rendered":"\/parlonsen\/?p=37925"},"modified":"2018-11-12T08:59:53","modified_gmt":"2018-11-12T07:59:53","slug":"prochaine-collecte-don-de-sang-a-gaillac-81","status":"publish","type":"post","link":"https:\/\/www.o-p-i.fr\/parlonsen\/localisation\/a-cote-de-chez-nous\/prochaine-collecte-don-de-sang-a-gaillac-81\/","title":{"rendered":"Prochaine collecte \u00ab\u00a0don de sang\u00a0\u00bb&#8230;\u00e0 Gaillac (81)"},"content":{"rendered":"<p>Du <strong>mercredi 14 au vendredi 16 novembre 2018<\/strong> ,de 14h \u00e0 19h, \u00e0 la salle BOUZINAC.<!--more--><\/p>\n<p><img data-recalc-dims=\"1\" loading=\"lazy\" decoding=\"async\" class=\"alignright size-full wp-image-34203\" src=\"https:\/\/i0.wp.com\/www.o-p-i.fr\/parlonsen\/wp-content\/uploads\/sang-2.jpg?resize=340%2C340&#038;ssl=1\" alt=\"\" width=\"340\" height=\"340\" srcset=\"https:\/\/i0.wp.com\/www.o-p-i.fr\/parlonsen\/wp-content\/uploads\/sang-2.jpg?w=340&amp;ssl=1 340w, https:\/\/i0.wp.com\/www.o-p-i.fr\/parlonsen\/wp-content\/uploads\/sang-2.jpg?resize=150%2C150&amp;ssl=1 150w, https:\/\/i0.wp.com\/www.o-p-i.fr\/parlonsen\/wp-content\/uploads\/sang-2.jpg?resize=300%2C300&amp;ssl=1 300w\" sizes=\"auto, (max-width: 340px) 100vw, 340px\" \/>Nous comptons sur un maximum de donneurs, et ce pour r\u00e9pondre au besoin de poche de sang dans les centres de transfusion.<\/p>\n<p><strong>Donner son sang : c\u2019est quoi ?<\/strong> Un acte simple, facile, g\u00e9n\u00e9reux et qui ne demande qu\u2019une demi-heure \u00e0 une heure maximum de votre temps.<\/p>\n<p>La transfusion sanguine est une th\u00e9rapeutique indispensable dans le traitement de nombreuses maladies et affections. Ces traitements d\u00e9pendent de la g\u00e9n\u00e9rosit\u00e9 des donneurs de sang et de la r\u00e9gularit\u00e9 de leurs dons.<\/p>\n<p>Les femmes peuvent donner 4 fois par an, et les hommes 6 fois en respectant un d\u00e9lai d\u2019au moins 8 semaines entre chaque don. Les donneurs de groupe \u00ab O \u00bb, dits donneurs universels, sont particuli\u00e8rement recherch\u00e9s car le sang peut \u00eatre transfus\u00e9 \u00e0 un tr\u00e8s grand nombre de patients. Tous les groupes restent n\u00e9anmoins recherch\u00e9s, et Donner son sang peut sauver une vie.<\/p>\n<p>Toutes les pr\u00e9cautions sont prises pour garantir la s\u00e9curit\u00e9 du donneur et des receveurs. Un don de sang est un processus par lequel le donneur est volontaire pour se voir pr\u00e9lever du sang qui sera stock\u00e9 dans une banque du sang en attendant d\u2019\u00eatre transfus\u00e9 \u00e0 un malade lors d\u2019une transfusion sanguine. Le Don du Sang et volontaire et gratuit. Ce don du sang implique le respect de contraintes biologiques, immunologiques, m\u00e9dicales, mais aussi r\u00e9glementaires et l\u00e9gislatives encadrant cette pratique. La collecte commence par un questionnaire m\u00e9dical simple, et qui permet de mieux connaitre le profil du donneur quand aux facteurs de risques comme les prises de m\u00e9dicaments, les tatouages, les derniers voyages internationaux\u2026Les r\u00e9ponses sont associ\u00e9es au sang donn\u00e9, mais l\u2019anonymat reste garanti. Un rendez vous avec un m\u00e9decin suit, et apr\u00e8s le don, une collation est offerte.<\/p>\n<p>Il est conseill\u00e9 de bien manger et d\u2019\u00eatre en forme avant de donner son sang.<\/p>\n<p>D\u2019autre part, l\u2019association des donneurs de sang de Gaillac remercie vivement les 311 personnes qui ont r\u00e9pondu pr\u00e9sentes \u00e0 la derni\u00e8re collecte organis\u00e9e \u00e0 la salle Bouzinac \u00e0 Gaillac, et vous souhaite encore plus nombreux ce mois ci.<\/p>\n<p>L\u2019<a href=\"http:\/\/www.ville-gaillac.fr\/associations-solidarite\/76\/218-association-des-donneurs-de-sang-du-gaillacois\" target=\"_blank\" rel=\"noopener noreferrer\"><strong>association des donneurs de sang<\/strong> <\/a>et l\u2019\u00e9quipe m\u00e9dicale du centre de transfusion du Tarn vous attendent donc \u00e0 la salle Bouzinac d\u00e8s mercredi 14 et jusqu\u2019au samedi 16 novembre 2018<\/p>\n<p>Association des donneurs de Sang Gaillac, Marie Th\u00e9r\u00e8se Larroque , pr\u00e9sidente .<\/p>\n<p><em>Information communiqu\u00e9e par Evelyne\u00a0<\/em><\/p>\n<p><a href=\"https:\/\/www.o-p-i.fr\/parlonsen\/agenda\/\"><strong>Retrouvez tous les \u00e9v\u00e9nements dans l&rsquo;agenda !<\/strong><\/a><\/p>\n","protected":false},"excerpt":{"rendered":"<div class=\"mh-excerpt\">Du mercredi 14 au vendredi 16 novembre 2018 ,de 14h \u00e0 19h, \u00e0 la salle BOUZINAC.<\/div>\n","protected":false},"author":4,"featured_media":0,"comment_status":"open","ping_status":"open","sticky":false,"template":"","format":"standard","meta":{"om_disable_all_campaigns":false,"advanced_seo_description":"","jetpack_seo_html_title":"","jetpack_seo_noindex":false,"_jetpack_memberships_contains_paid_content":false,"footnotes":"","_links_to":"","_links_to_target":""},"categories":[42,290,3387],"tags":[215,1586,3427],"class_list":{"0":"post-37925","1":"post","2":"type-post","3":"status-publish","4":"format-standard","6":"category-a-cote-de-chez-nous","7":"category-entraide","8":"category-n152-novembre-2018","9":"tag-gaillac","10":"tag-don-de-sang","11":"tag-collecte-don-de-sang"},"jetpack_featured_media_url":"","views":{"total":0,"cached_at":"","cached_date":1738482508},"jetpack_likes_enabled":true,"jetpack_sharing_enabled":true,"jetpack_shortlink":"https:\/\/wp.me\/pg7Wxj-9RH","jetpack-related-posts":[],"_links":{"self":[{"href":"https:\/\/www.o-p-i.fr\/parlonsen\/wp-json\/wp\/v2\/posts\/37925","targetHints":{"allow":["GET"]}}],"collection":[{"href":"https:\/\/www.o-p-i.fr\/parlonsen\/wp-json\/wp\/v2\/posts"}],"about":[{"href":"https:\/\/www.o-p-i.fr\/parlonsen\/wp-json\/wp\/v2\/types\/post"}],"author":[{"embeddable":true,"href":"https:\/\/www.o-p-i.fr\/parlonsen\/wp-json\/wp\/v2\/users\/4"}],"replies":[{"embeddable":true,"href":"https:\/\/www.o-p-i.fr\/parlonsen\/wp-json\/wp\/v2\/comments?post=37925"}],"version-history":[{"count":0,"href":"https:\/\/www.o-p-i.fr\/parlonsen\/wp-json\/wp\/v2\/posts\/37925\/revisions"}],"wp:attachment":[{"href":"https:\/\/www.o-p-i.fr\/parlonsen\/wp-json\/wp\/v2\/media?parent=37925"}],"wp:term":[{"taxonomy":"category","embeddable":true,"href":"https:\/\/www.o-p-i.fr\/parlonsen\/wp-json\/wp\/v2\/categories?post=37925"},{"taxonomy":"post_tag","embeddable":true,"href":"https:\/\/www.o-p-i.fr\/parlonsen\/wp-json\/wp\/v2\/tags?post=37925"}],"curies":[{"name":"wp","href":"https:\/\/api.w.org\/{rel}","templated":true}]}}