{"id":37979,"date":"2018-11-15T19:58:10","date_gmt":"2018-11-15T18:58:10","guid":{"rendered":"\/parlonsen\/?p=37979"},"modified":"2018-11-15T20:00:30","modified_gmt":"2018-11-15T19:00:30","slug":"4eme-edition-de-la-fabrique-ephemere-a-salvagnac-81","status":"publish","type":"post","link":"https:\/\/www.o-p-i.fr\/parlonsen\/parlons-en\/pratique\/4eme-edition-de-la-fabrique-ephemere-a-salvagnac-81\/","title":{"rendered":"4\u00e8me \u00e9dition de \u00ab\u00a0La Fabrique Eph\u00e9m\u00e8re\u00a0\u00bb &#8230;\u00e0 Salvagnac (81)"},"content":{"rendered":"<p><strong>Samedi 15 d\u00e9cembre 2018,\u00a0<\/strong>d\u00e9couvrez le programme:<br \/>\n<!--more--><img data-recalc-dims=\"1\" loading=\"lazy\" decoding=\"async\" class=\"aligncenter size-full wp-image-37980\" src=\"https:\/\/i0.wp.com\/www.o-p-i.fr\/parlonsen\/wp-content\/uploads\/fabrique.jpg?resize=595%2C842&#038;ssl=1\" alt=\"\" width=\"595\" height=\"842\" srcset=\"https:\/\/i0.wp.com\/www.o-p-i.fr\/parlonsen\/wp-content\/uploads\/fabrique.jpg?w=595&amp;ssl=1 595w, https:\/\/i0.wp.com\/www.o-p-i.fr\/parlonsen\/wp-content\/uploads\/fabrique.jpg?resize=212%2C300&amp;ssl=1 212w, https:\/\/i0.wp.com\/www.o-p-i.fr\/parlonsen\/wp-content\/uploads\/fabrique.jpg?resize=106%2C150&amp;ssl=1 106w, https:\/\/i0.wp.com\/www.o-p-i.fr\/parlonsen\/wp-content\/uploads\/fabrique.jpg?resize=400%2C566&amp;ssl=1 400w\" sizes=\"auto, (max-width: 595px) 100vw, 595px\" \/><br \/>\nLa Fabrique \u00c9ph\u00e9m\u00e8re, 29 Grand&rsquo; rue &#8211; Salvagnac<\/p>\n<ul>\n<li>10h : Atelier Country blaster solaire (pour 8 personnes \/ 20\u20ac \/ 10h30-19h<br \/>\n<em>(Le Country Blaster est une enceinte portative faite \u00e0 partir de composants recycl\u00e9s. Elle se charge gr\u00e2ce \u00e0 l&rsquo;\u00e9nergie solaire).<br \/>\n<\/em>Inscription obligatoire et validation sur: <a href=\"mailto:elektropol61@orange.fr\">elektropol61@orange.fr<\/a><\/li>\n<li>13h: March\u00e9 de No\u00ebl de petits cr\u00e9ateurs, Atelier, Cin\u00e9ma<\/li>\n<li>21h: Concert de Ely &amp; L\u00e9o (folklore latino-chilien)<\/li>\n<\/ul>\n<p>Buvette &amp; restauration sur place<\/p>\n<p><a href=\"mailto:contactlabobine@gmail.com\">contactlabobine@gmail.com<\/a><\/p>\n<p><em>Information communiqu\u00e9e par Yvan POIRIER<\/em><\/p>\n<p><a href=\"https:\/\/www.o-p-i.fr\/parlonsen\/agenda\/\"><strong>Retrouvez tous les \u00e9v\u00e9nements dans l&rsquo;agenda !<\/strong><\/a><\/p>\n","protected":false},"excerpt":{"rendered":"<div class=\"mh-excerpt\">Samedi 15 d\u00e9cembre 2018,\u00a0d\u00e9couvrez le programme:<\/div>\n","protected":false},"author":4,"featured_media":0,"comment_status":"open","ping_status":"open","sticky":false,"template":"","format":"standard","meta":{"om_disable_all_campaigns":false,"advanced_seo_description":"","jetpack_seo_html_title":"","jetpack_seo_noindex":false,"_jetpack_memberships_contains_paid_content":false,"footnotes":"","_links_to":"","_links_to_target":""},"categories":[54,6,25,3406],"tags":[2548,180,3432],"class_list":{"0":"post-37979","1":"post","2":"type-post","3":"status-publish","4":"format-standard","6":"category-loisirs","7":"category-pratique","8":"category-salvagnac","9":"category-n153-decembre-2018","10":"tag-salvagnac","11":"tag-atelier","12":"tag-la-fabrique-ephemere"},"jetpack_featured_media_url":"","views":{"total":0,"cached_at":"","cached_date":1738474673},"jetpack_likes_enabled":true,"jetpack_sharing_enabled":true,"jetpack_shortlink":"https:\/\/wp.me\/pg7Wxj-9Sz","jetpack-related-posts":[],"_links":{"self":[{"href":"https:\/\/www.o-p-i.fr\/parlonsen\/wp-json\/wp\/v2\/posts\/37979","targetHints":{"allow":["GET"]}}],"collection":[{"href":"https:\/\/www.o-p-i.fr\/parlonsen\/wp-json\/wp\/v2\/posts"}],"about":[{"href":"https:\/\/www.o-p-i.fr\/parlonsen\/wp-json\/wp\/v2\/types\/post"}],"author":[{"embeddable":true,"href":"https:\/\/www.o-p-i.fr\/parlonsen\/wp-json\/wp\/v2\/users\/4"}],"replies":[{"embeddable":true,"href":"https:\/\/www.o-p-i.fr\/parlonsen\/wp-json\/wp\/v2\/comments?post=37979"}],"version-history":[{"count":0,"href":"https:\/\/www.o-p-i.fr\/parlonsen\/wp-json\/wp\/v2\/posts\/37979\/revisions"}],"wp:attachment":[{"href":"https:\/\/www.o-p-i.fr\/parlonsen\/wp-json\/wp\/v2\/media?parent=37979"}],"wp:term":[{"taxonomy":"category","embeddable":true,"href":"https:\/\/www.o-p-i.fr\/parlonsen\/wp-json\/wp\/v2\/categories?post=37979"},{"taxonomy":"post_tag","embeddable":true,"href":"https:\/\/www.o-p-i.fr\/parlonsen\/wp-json\/wp\/v2\/tags?post=37979"}],"curies":[{"name":"wp","href":"https:\/\/api.w.org\/{rel}","templated":true}]}}