{"id":38020,"date":"2018-11-21T16:37:38","date_gmt":"2018-11-21T15:37:38","guid":{"rendered":"\/parlonsen\/?p=38020"},"modified":"2018-11-22T07:25:41","modified_gmt":"2018-11-22T06:25:41","slug":"energies-citoyennes-ouest-tarn-a-couffouleux-81","status":"publish","type":"post","link":"https:\/\/www.o-p-i.fr\/parlonsen\/parlons-en\/pratique\/energies-citoyennes-ouest-tarn-a-couffouleux-81\/","title":{"rendered":"\u00ab\u00a0Energies Citoyennes Ouest Tarn\u00a0\u00bb&#8230;\u00e0 Couffouleux (81)"},"content":{"rendered":"<p><strong>Jeudi 29\u00a0novembre 2018<\/strong>, salle Herv\u00e9 de Guerdavid \u00e0 partir de 19 h.<!--more--><br \/>\n<img data-recalc-dims=\"1\" loading=\"lazy\" decoding=\"async\" class=\"alignright wp-image-38023\" src=\"https:\/\/i0.wp.com\/www.o-p-i.fr\/parlonsen\/wp-content\/uploads\/ECOT81.jpg?resize=550%2C390&#038;ssl=1\" alt=\"\" width=\"550\" height=\"390\" srcset=\"https:\/\/i0.wp.com\/www.o-p-i.fr\/parlonsen\/wp-content\/uploads\/ECOT81.jpg?w=425&amp;ssl=1 425w, https:\/\/i0.wp.com\/www.o-p-i.fr\/parlonsen\/wp-content\/uploads\/ECOT81.jpg?resize=300%2C212&amp;ssl=1 300w, https:\/\/i0.wp.com\/www.o-p-i.fr\/parlonsen\/wp-content\/uploads\/ECOT81.jpg?resize=150%2C106&amp;ssl=1 150w, https:\/\/i0.wp.com\/www.o-p-i.fr\/parlonsen\/wp-content\/uploads\/ECOT81.jpg?resize=400%2C283&amp;ssl=1 400w\" sizes=\"auto, (max-width: 550px) 100vw, 550px\" \/>se tiendra l\u2019<strong>Assembl\u00e9e G\u00e9n\u00e9rale constitutive de la coop\u00e9rative citoyenne Energies Citoyennes Ouest Tarn (ECOT81)<\/strong>. L\u2019association organisatrice de pr\u00e9figuration, vous invite \u00e0 participer \u00e0 cet \u00e9v\u00e9nement. A ne pas manquer, pour tous les citoyens de l\u2019ouest du Tarn d\u00e9sireux de contribuer \u00e0 la transition \u00e9nerg\u00e9tique de leur territoire.<br \/>\nSelon son objet, la SCIC\/SAS, vise \u00e0 tendre vers l\u2019autonomie \u00e9nerg\u00e9tique du territoire, en se basant sur la participation citoyenne, \u00e0 travers une gouvernance favorisant la d\u00e9mocratie participative, par l\u2019efficacit\u00e9, la sobri\u00e9t\u00e9 et la mise en valeur du potentiel de ressources d\u2019\u00e9nergies renouvelables du territoire de fa\u00e7on \u00e0 \u00e9quilibrer temporellement consommation et production d\u2019\u00e9nergie et ainsi tendre vers l\u2019autonomie \u00e9nerg\u00e9tique du territoire.<br \/>\nL\u2019int\u00e9r\u00eat collectif d\u00e9fini en pr\u00e9ambule, se r\u00e9alise notamment \u00e0 travers les activit\u00e9s suivantes :<\/p>\n<ul>\n<li>Conseil, sensibilisation, information et formation sur l\u2019efficacit\u00e9 \u00e9nerg\u00e9tique et les \u00e9conomies d\u2019\u00e9nergie.<\/li>\n<li>Etude et accompagnement \u00e0 la mise en place de projets de production d\u2019\u00e9nergies renouvelables.<\/li>\n<li>Investissements sur des installations de production d\u2019\u00e9nergies renouvelables.<\/li>\n<li>Suivi et exploitation de sites de production d\u2019\u00e9nergies renouvelables.<\/li>\n<li>Achat group\u00e9 de mat\u00e9riels efficaces \u00e9nerg\u00e9tiquement.<\/li>\n<li>Vente d\u2019\u00e9nergies renouvelables<\/li>\n<\/ul>\n<p>L\u2019activit\u00e9 de la coop\u00e9rative est territorialis\u00e9e principalement mais non exclusivement sur les communes \u00e0 l\u2019Ouest du d\u00e9partement du Tarn.<\/p>\n<p>Comme l\u2019annonce le pr\u00e9ambule des statuts qui seront soumis \u00e0 l\u2019AG :<br \/>\n<strong>SES VALEURS<\/strong><br \/>\nLe choix de la forme de soci\u00e9t\u00e9 coop\u00e9rative d\u2019int\u00e9r\u00eat collectif constitue une adh\u00e9sion \u00e0 des valeurs \u00e9thiques fondamentales :<\/p>\n<ul>\n<li>Pr\u00e9\u00e9minence de la personne (1 personne = 1 voix), de la d\u00e9mocratie, de la solidarit\u00e9 et de la concertation.<\/li>\n<li>D\u00e9veloppement de l\u2019\u00e9conomie sociale et solidaire.<\/li>\n<li>D\u00e9marche collective, ouverte et participative qui permettra \u00e0 tous les habitants, acteurs associatifs, collectivit\u00e9s et entreprises qui le souhaitent de la soutenir en s\u2019engageant dans la ma\u00eetrise des consommations d\u2019\u00e9nergie et le d\u00e9veloppement des \u00e9nergies renouvelables.<\/li>\n<li>La parit\u00e9 \u00e0 tous les \u00e9chelons et sur l\u2019ensemble des actions et fonctionnement de la coop\u00e9rative sera recherch\u00e9e.<\/li>\n<li>P\u00e9dagogie de l\u2019action par :\n<ul>\n<li>L\u2019acc\u00e8s \u00e0 l\u2019information garanti pour tous, concernant notamment le fonctionnement, le d\u00e9veloppement et les r\u00e9sultats de la coop\u00e9rative,<\/li>\n<li>l\u2019acc\u00e8s aux donn\u00e9es financi\u00e8res, juridiques et \u00e9conomiques (Tra\u00e7abilit\u00e9, archivage).<\/li>\n<li>La transparence et clart\u00e9 des \u00e9changes et accords financiers entre les parties concern\u00e9es, au sein de la coop\u00e9rative, comme pour les fournisseurs et clients de la coop\u00e9rative<\/li>\n<li>Une \u00e9valuation continue de nos pratiques et de nos activit\u00e9s, une r\u00e9flexion \u00e9thique ouverte tous, concernant les enjeux et les positionnements de la coop\u00e9rative Ceci devant se faire dans le respect de la vie priv\u00e9e de chacun.<\/li>\n<\/ul>\n<\/li>\n<li>\u00a0Lucrativit\u00e9 limit\u00e9e et un r\u00e9sultat \u00e9conomique majoritairement affect\u00e9 au d\u00e9veloppement de la structure \u00e0 travers les r\u00e9serves impartageables permettant l&rsquo;ind\u00e9pendance de l&rsquo;entreprise et sa transmission solidaire entre g\u00e9n\u00e9rations de coop\u00e9rateurs pour la p\u00e9rennit\u00e9 de l\u2019entreprise.<\/li>\n<li>Coop\u00e9ration entre acteurs de l\u2019\u00e9nergie et de l\u2019\u00e9conomie sociale et solidaire : nos valeurs ne sont pas celles de la comp\u00e9tition avec les acteurs de l\u2019\u00e9nergie. Nous souhaitons \u00eatre inclusifs, d\u00e9velopper des partenariats, pour atteindre les objectifs d\u2019un territoire \u00e0 \u00e9nergie positive. Nous nous inspirerons de l\u2019exp\u00e9rience des projets citoyens qui, ailleurs, sont plus avanc\u00e9s que nous et nous partagerons notre exp\u00e9rience afin que cette initiative en suscite d\u2019autres pour acc\u00e9l\u00e9rer la<br \/>\ntransition \u00e9nerg\u00e9tique de la R\u00e9gion Occitanie.<\/li>\n<li>L\u2019inscription de notre activit\u00e9 dans la dur\u00e9e et l\u2019ouverture au monde ext\u00e9rieur : le territoire se situe au sein de nombreuses interactions g\u00e9ographiques, politiques, \u00e9conomiques, sociales et environnementales. Il s\u2019agira de les respecter et d\u00e9velopper notre action en les prenant en compte.<\/li>\n<\/ul>\n<p><strong>\u00a0SES AMBITIONS<\/strong><br \/>\nNotre projet citoyen a l\u2019ambition de faire de la p\u00e9dagogie par l\u2019\u00e9co-responsabilit\u00e9 \u00e9nerg\u00e9tique en permettant \u00e0 tout un chacun de s\u2019auto-\u00e9valuer au sein de la transition \u00e9nerg\u00e9tique.<br \/>\nL\u2019\u00e9co-responsabilit\u00e9 \u00e9nerg\u00e9tique, c\u2019est prendre la responsabilit\u00e9 sur les plans \u00e9conomique, soci\u00e9tal et \u00e9cologique d&rsquo;assumer ses consommations d&rsquo;\u00e9nergie, dans un souci de solidarit\u00e9, de sobri\u00e9t\u00e9 et d&rsquo;efficacit\u00e9 \u00e9nerg\u00e9tique (selon l\u2019approche de la d\u00e9marche N\u00e9gaWatt), en participant au financement de la production \u00e9quivalente en \u00e9nergies renouvelables.<br \/>\nCe projet a \u00e9galement pour ambition de relocaliser de l\u2019\u00e9conomie et de l\u2019emploi<br \/>\nEn produisant l\u2019\u00e9nergie que nous consommons sur notre territoire dans une d\u00e9marche non sp\u00e9culative, nous relocalisons l\u2019\u00e9conomie en cr\u00e9ant de la richesse locale.<\/p>\n<p><strong>SA FINALITE D\u2019INTERET COLLECTIF<\/strong><br \/>\nLa promotion et le d\u00e9veloppement des \u00e9conomies d\u2019\u00e9nergie et de la production d\u2019ENergies Renouvelables permettant l\u2019ind\u00e9pendance \u00e9nerg\u00e9tique du territoire.<\/p>\n<p><strong>SA PLUS-VALUE SOCIALE<\/strong><br \/>\nContribuer \u00e0 la transition \u00e9nerg\u00e9tique, \u00e9conomique, soci\u00e9tale et \u00e9cologique par :<\/p>\n<ul>\n<li>la r\u00e9duction des \u00e9missions des gaz \u00e0 effet de serre et des d\u00e9chets et pollutions radioactives ;l<\/li>\n<li>la d\u00e9carbonisation de l\u2019\u00e9conomie ;<\/li>\n<li>la participation citoyenne vers un avenir d\u00e9sirable, respectant l\u2019humain et l\u2019environnement.<\/li>\n<\/ul>\n<p><a href=\"https:\/\/www.o-p-i.fr\/parlonsen\/wp-content\/uploads\/Projet-Energie-Citoyenne-Ouest-Tarn.pdf\" target=\"_blank\" rel=\"noopener noreferrer\"><img data-recalc-dims=\"1\" loading=\"lazy\" decoding=\"async\" class=\"alignleft size-full wp-image-38025\" src=\"https:\/\/i0.wp.com\/www.o-p-i.fr\/parlonsen\/wp-content\/uploads\/ECOT81-grappe.jpg?resize=283%2C372&#038;ssl=1\" alt=\"\" width=\"283\" height=\"372\" srcset=\"https:\/\/i0.wp.com\/www.o-p-i.fr\/parlonsen\/wp-content\/uploads\/ECOT81-grappe.jpg?w=283&amp;ssl=1 283w, https:\/\/i0.wp.com\/www.o-p-i.fr\/parlonsen\/wp-content\/uploads\/ECOT81-grappe.jpg?resize=228%2C300&amp;ssl=1 228w, https:\/\/i0.wp.com\/www.o-p-i.fr\/parlonsen\/wp-content\/uploads\/ECOT81-grappe.jpg?resize=114%2C150&amp;ssl=1 114w\" sizes=\"auto, (max-width: 283px) 100vw, 283px\" \/><\/a><\/p>\n<p>Pour t\u00e9l\u00e9charger les infos et le bulletin d&rsquo;adh\u00e9sion, cliquez :<strong><a href=\"https:\/\/www.o-p-i.fr\/parlonsen\/wp-content\/uploads\/Adh\u00e9sion-ECOT-81.pdf\" target=\"_blank\" rel=\"noopener noreferrer\">Adh\u00e9sion ECOT 81<\/a><\/strong><\/p>\n<p>&nbsp;<\/p>\n<h4>\u00a0Un projet \u00e9co-responsable de grappe de toits photovolta\u00efques<br \/>\nPour que chaque citoyen ma\u00eetrise sa consommation avec sobri\u00e9t\u00e9 et efficacit\u00e9 \u00e9nerg\u00e9tique et assume sa production d\u2019\u00e9nergies renouvelables sur son territoire.<\/h4>\n<p>Pour t\u00e9l\u00e9charger le d\u00e9tail du projet, cliquez :\u00a0<strong><a href=\"https:\/\/www.o-p-i.fr\/parlonsen\/wp-content\/uploads\/Projet-Energie-Citoyenne-Ouest-Tarn.pdf\" target=\"_blank\" rel=\"noopener noreferrer\">Projet Energie Citoyenne Ouest Tarn<\/a><\/strong><\/p>\n<p>&nbsp;<\/p>\n<p>Information communiqu\u00e9e par Christian PINCE<br \/>\n<a href=\"https:\/\/www.o-p-i.fr\/parlonsen\/agenda\/\"><strong>Retrouvez tous les \u00e9v\u00e9nements dans l&rsquo;agenda !<\/strong><\/a><\/p>\n","protected":false},"excerpt":{"rendered":"<div class=\"mh-excerpt\">Jeudi 29\u00a0novembre 2018, salle Herv\u00e9 de Guerdavid \u00e0 partir de 19 h.<\/div>\n","protected":false},"author":4,"featured_media":0,"comment_status":"open","ping_status":"open","sticky":false,"template":"","format":"standard","meta":{"om_disable_all_campaigns":false,"advanced_seo_description":"","jetpack_seo_html_title":"","jetpack_seo_noindex":false,"_jetpack_memberships_contains_paid_content":false,"footnotes":"","_links_to":"","_links_to_target":""},"categories":[52,42,6,3387],"tags":[148,524,817,3438],"class_list":{"0":"post-38020","1":"post","2":"type-post","3":"status-publish","4":"format-standard","6":"category-parlons-en","7":"category-a-cote-de-chez-nous","8":"category-pratique","9":"category-n152-novembre-2018","10":"tag-couffouleux","11":"tag-cooperative-dinteret-collectif","12":"tag-economies-denergie","13":"tag-ecot-81"},"jetpack_featured_media_url":"","views":{"total":0,"cached_at":"","cached_date":1738508565},"jetpack_likes_enabled":true,"jetpack_sharing_enabled":true,"jetpack_shortlink":"https:\/\/wp.me\/pg7Wxj-9Te","jetpack-related-posts":[],"_links":{"self":[{"href":"https:\/\/www.o-p-i.fr\/parlonsen\/wp-json\/wp\/v2\/posts\/38020","targetHints":{"allow":["GET"]}}],"collection":[{"href":"https:\/\/www.o-p-i.fr\/parlonsen\/wp-json\/wp\/v2\/posts"}],"about":[{"href":"https:\/\/www.o-p-i.fr\/parlonsen\/wp-json\/wp\/v2\/types\/post"}],"author":[{"embeddable":true,"href":"https:\/\/www.o-p-i.fr\/parlonsen\/wp-json\/wp\/v2\/users\/4"}],"replies":[{"embeddable":true,"href":"https:\/\/www.o-p-i.fr\/parlonsen\/wp-json\/wp\/v2\/comments?post=38020"}],"version-history":[{"count":0,"href":"https:\/\/www.o-p-i.fr\/parlonsen\/wp-json\/wp\/v2\/posts\/38020\/revisions"}],"wp:attachment":[{"href":"https:\/\/www.o-p-i.fr\/parlonsen\/wp-json\/wp\/v2\/media?parent=38020"}],"wp:term":[{"taxonomy":"category","embeddable":true,"href":"https:\/\/www.o-p-i.fr\/parlonsen\/wp-json\/wp\/v2\/categories?post=38020"},{"taxonomy":"post_tag","embeddable":true,"href":"https:\/\/www.o-p-i.fr\/parlonsen\/wp-json\/wp\/v2\/tags?post=38020"}],"curies":[{"name":"wp","href":"https:\/\/api.w.org\/{rel}","templated":true}]}}