{"id":38065,"date":"2018-11-22T20:50:58","date_gmt":"2018-11-22T19:50:58","guid":{"rendered":"\/parlonsen\/?p=38065"},"modified":"2018-11-22T20:50:58","modified_gmt":"2018-11-22T19:50:58","slug":"memoires-de-la-retirada-huit-ans-de-republique-en-espagne-a-gaillac-81","status":"publish","type":"post","link":"https:\/\/www.o-p-i.fr\/parlonsen\/parlons-en\/culture\/memoires-de-la-retirada-huit-ans-de-republique-en-espagne-a-gaillac-81\/","title":{"rendered":"M\u00e9moires de la Retirada, \u00ab\u00a0Huit ans de R\u00e9publique en Espagne&#8230;\u00a0\u00bb&#8230;\u00e0 Gaillac (81)"},"content":{"rendered":"<p><strong>Samedi 15 d\u00e9cembre 2018<\/strong>, \u00e0 17 h. \u00e0 la M.J.C.<!--more--><img data-recalc-dims=\"1\" loading=\"lazy\" decoding=\"async\" class=\"alignright size-full wp-image-38067\" src=\"https:\/\/i0.wp.com\/www.o-p-i.fr\/parlonsen\/wp-content\/uploads\/8-ans.jpg?resize=283%2C429&#038;ssl=1\" alt=\"\" width=\"283\" height=\"429\" srcset=\"https:\/\/i0.wp.com\/www.o-p-i.fr\/parlonsen\/wp-content\/uploads\/8-ans.jpg?w=283&amp;ssl=1 283w, https:\/\/i0.wp.com\/www.o-p-i.fr\/parlonsen\/wp-content\/uploads\/8-ans.jpg?resize=198%2C300&amp;ssl=1 198w, https:\/\/i0.wp.com\/www.o-p-i.fr\/parlonsen\/wp-content\/uploads\/8-ans.jpg?resize=99%2C150&amp;ssl=1 99w\" sizes=\"auto, (max-width: 283px) 100vw, 283px\" \/>M\u00e9moires de la Retirada :\u00a0Pr\u00e9sentation de l&rsquo;ouvrage collectif \u00ab\u00a0Huit ans de R\u00e9publique en Espagne &#8211; Entre r\u00e9forme, guerre et r\u00e9volution (1931-1939\u00a0\u00bb par Jean-Pierre Amalric (professeur \u00e9m\u00e9rite d&rsquo;Histoire de l&rsquo;Universit\u00e9 Toulouse &#8211; Jean-Jaur\u00e8s) et Bruno Vargas (Ma\u00eetre de conf\u00e9rences \u00e0 l&rsquo;Institut National Universitaire Champollion), auteurs avec Genevi\u00e8ve Dreyfus-Armand (ancienne directrice de la Biblioth\u00e8que de Documentation Internationale Contemporaine et du Mus\u00e9e d&rsquo;Histoire Contemporaine), Presses universitaires du Midi, Toulouse, 2018<\/p>\n<p>Ce livre en vente sur place pourra vous \u00eatre d\u00e9dicac\u00e9 par leurs auteurs.<\/p>\n<p>Cette manifestation, destin\u00e9e \u00e0 marquer le 80\u00e8me anniversaire de la Retirada, est le fruit d&rsquo;un partenariat entre la MJC de Gaillac, l&rsquo;association Caspe-Gaillac-Santa Maria a Vico, l&rsquo;Association pour Perp\u00e9tuer le Souvenir des Intern\u00e9es des Camps de Brens et de Rieucros ainsi qu&rsquo;avec le M\u00e9morial du camp de Rivesaltes pour la manifestation r\u00e9gionale Terre de M\u00e9moires qui concerne13 communes des 11 d\u00e9partements de la R\u00e9gion Occitanie.<\/p>\n<p><strong> Pour y aller:<\/strong><br \/>\nMJC de Gaillac 10, avenue Aspirant Buffet<br \/>\n81600-GAILLAC<\/p>\n<p><strong> Organisateur : <\/strong>MJC de Gaillac, Association Caspe-Gaillac-Santa Maria a Vico, Association pour Perp\u00e9tuer le Souvenir des Intern\u00e9es des Camps de Brens et de Rieucros &amp; M\u00e9morial du camp de Rivesaltes<\/p>\n<p><strong>Contact :\u00a0<\/strong>Demonsant Remi<br \/>\nT\u00e9l. :06 16 19 76 65<br \/>\nCourriel:\u00a0<a href=\"mailto:remi.demonsant@gmail.com\">remi.demonsant@gmail.com<\/a><\/p>\n<p>Site :\u00a0<a href=\"https:\/\/apsicbr.wordpress.com\/2018\/11\/15\/memoires-de-la-retirada\/\" target=\"_blank\" rel=\"noopener noreferrer\">Association pour Perp\u00e9tuer le Souvenir des Intern\u00e9es des Camps de Brens et de Rieucros<\/a><\/p>\n<p><em>Information communiqu\u00e9e par Remi DEMONSANT<\/em><\/p>\n<p><a href=\"https:\/\/www.o-p-i.fr\/parlonsen\/agenda\/\"><strong>Retrouvez tous les \u00e9v\u00e9nements dans l&rsquo;agenda !<\/strong><\/a><\/p>\n","protected":false},"excerpt":{"rendered":"<div class=\"mh-excerpt\">Samedi 15 d\u00e9cembre 2018, \u00e0 17 h. \u00e0 la M.J.C.<\/div>\n","protected":false},"author":4,"featured_media":0,"comment_status":"open","ping_status":"open","sticky":false,"template":"","format":"standard","meta":{"om_disable_all_campaigns":false,"advanced_seo_description":"","jetpack_seo_html_title":"","jetpack_seo_noindex":false,"_jetpack_memberships_contains_paid_content":false,"footnotes":"","_links_to":"","_links_to_target":""},"categories":[42,1,3406],"tags":[147,202,215,424,3439],"class_list":{"0":"post-38065","1":"post","2":"type-post","3":"status-publish","4":"format-standard","6":"category-a-cote-de-chez-nous","7":"category-culture","8":"category-n153-decembre-2018","9":"tag-dedicace","10":"tag-mjc","11":"tag-gaillac","12":"tag-livre","13":"tag-retirada"},"jetpack_featured_media_url":"","views":{"total":0,"cached_at":"","cached_date":1738417302},"jetpack_likes_enabled":true,"jetpack_sharing_enabled":true,"jetpack_shortlink":"https:\/\/wp.me\/pg7Wxj-9TX","jetpack-related-posts":[],"_links":{"self":[{"href":"https:\/\/www.o-p-i.fr\/parlonsen\/wp-json\/wp\/v2\/posts\/38065","targetHints":{"allow":["GET"]}}],"collection":[{"href":"https:\/\/www.o-p-i.fr\/parlonsen\/wp-json\/wp\/v2\/posts"}],"about":[{"href":"https:\/\/www.o-p-i.fr\/parlonsen\/wp-json\/wp\/v2\/types\/post"}],"author":[{"embeddable":true,"href":"https:\/\/www.o-p-i.fr\/parlonsen\/wp-json\/wp\/v2\/users\/4"}],"replies":[{"embeddable":true,"href":"https:\/\/www.o-p-i.fr\/parlonsen\/wp-json\/wp\/v2\/comments?post=38065"}],"version-history":[{"count":0,"href":"https:\/\/www.o-p-i.fr\/parlonsen\/wp-json\/wp\/v2\/posts\/38065\/revisions"}],"wp:attachment":[{"href":"https:\/\/www.o-p-i.fr\/parlonsen\/wp-json\/wp\/v2\/media?parent=38065"}],"wp:term":[{"taxonomy":"category","embeddable":true,"href":"https:\/\/www.o-p-i.fr\/parlonsen\/wp-json\/wp\/v2\/categories?post=38065"},{"taxonomy":"post_tag","embeddable":true,"href":"https:\/\/www.o-p-i.fr\/parlonsen\/wp-json\/wp\/v2\/tags?post=38065"}],"curies":[{"name":"wp","href":"https:\/\/api.w.org\/{rel}","templated":true}]}}