{"id":38085,"date":"2018-11-22T23:29:08","date_gmt":"2018-11-22T22:29:08","guid":{"rendered":"\/parlonsen\/?p=38085"},"modified":"2018-11-22T23:33:50","modified_gmt":"2018-11-22T22:33:50","slug":"marche-de-noel-a-monclar-de-quercy-82-3","status":"publish","type":"post","link":"https:\/\/www.o-p-i.fr\/parlonsen\/parlons-en\/pratique\/marche-de-noel-a-monclar-de-quercy-82-3\/","title":{"rendered":"March\u00e9 de No\u00ebl&#8230; \u00e0 Monclar de Quercy (82)"},"content":{"rendered":"<p><strong>Dimanche 16 D\u00e9cembre 2018,<\/strong> de 10h \u00e0 15h, Place des Capitouls.<!--more--><\/p>\n<p><img data-recalc-dims=\"1\" loading=\"lazy\" decoding=\"async\" class=\"alignright wp-image-38086\" src=\"https:\/\/i0.wp.com\/www.o-p-i.fr\/parlonsen\/wp-content\/uploads\/noel-monclar.jpg?resize=520%2C735&#038;ssl=1\" alt=\"\" width=\"520\" height=\"735\" srcset=\"https:\/\/i0.wp.com\/www.o-p-i.fr\/parlonsen\/wp-content\/uploads\/noel-monclar.jpg?resize=725%2C1024&amp;ssl=1 725w, https:\/\/i0.wp.com\/www.o-p-i.fr\/parlonsen\/wp-content\/uploads\/noel-monclar.jpg?resize=212%2C300&amp;ssl=1 212w, https:\/\/i0.wp.com\/www.o-p-i.fr\/parlonsen\/wp-content\/uploads\/noel-monclar.jpg?resize=106%2C150&amp;ssl=1 106w, https:\/\/i0.wp.com\/www.o-p-i.fr\/parlonsen\/wp-content\/uploads\/noel-monclar.jpg?resize=400%2C565&amp;ssl=1 400w, https:\/\/i0.wp.com\/www.o-p-i.fr\/parlonsen\/wp-content\/uploads\/noel-monclar.jpg?w=750&amp;ssl=1 750w\" sizes=\"auto, (max-width: 520px) 100vw, 520px\" \/>Les Truffes organisent le traditionnel March\u00e9 de l&rsquo;Avent.<\/p>\n<p>Couramment appel\u00e9 march\u00e9 de No\u00ebl, cette manifestation devrait r\u00e9unir une vingtaine d&rsquo;exposants : artisans, cr\u00e9ateurs, producteurs locaux&#8230;<\/p>\n<p>Mais ce march\u00e9, cr\u00e9\u00e9 il y a plus de 30 ans, permet aussi \u00e0 chacune et chacun, enfant comme adulte, de se faire plaisir dans les domaines les plus vari\u00e9s : p\u00e2tisserie, peinture, couture, bricolage&#8230;<\/p>\n<p>Ce sera l&rsquo;occasion de satisfaire sa gourmandise (friandises, vin chaud, sabl\u00e9s de No\u00ebl&#8230;), de d\u00e9couvrir cr\u00e9ations et d\u00e9corations originales ou tout simplement de passer un moment en famille autour des jeux en bois g\u00e9ants mis \u00e0 disposition.<\/p>\n<p>Les inscriptions sont ouvertes:<br \/>\npour t\u00e9l\u00e9charger le bulletin cliquez:<br \/>\n<a href=\"https:\/\/www.o-p-i.fr\/parlonsen\/wp-content\/uploads\/Inscription-March\u00e9-de-No\u00ebl-Monclar-2018.pdf\">Inscription March\u00e9 de No\u00ebl Monclar 2018<\/a><\/p>\n<p>Artisanat local, produits du terroir, jeux en bois g\u00e9ants.<br \/>\nPetite restauration sur place.<\/p>\n<p><strong>Contact<\/strong> : Les Truffes<br \/>\n3592 Route de Monclar<br \/>\n81630 SAINT-URCISSE<br \/>\nT\u00e9l. : 05 63 40 55 41<br \/>\n06 13 18 20 48<br \/>\nCourriel : <a href=\"mailto:mate-mc@orange.fr\">mate-mc@orange.fr<\/a><\/p>\n<p><em>Information communiqu\u00e9e par Emilie VIADER pour Les Truffes<\/em><\/p>\n<p><a href=\"https:\/\/www.o-p-i.fr\/parlonsen\/agenda\/\"><strong>Retrouvez tous les \u00e9v\u00e9nements dans l&rsquo;agenda !<\/strong><\/a><\/p>\n","protected":false},"excerpt":{"rendered":"<div class=\"mh-excerpt\">Dimanche 16 D\u00e9cembre 2018, de 10h \u00e0 15h, Place des Capitouls.<\/div>\n","protected":false},"author":4,"featured_media":0,"comment_status":"open","ping_status":"open","sticky":false,"template":"","format":"standard","meta":{"om_disable_all_campaigns":false,"advanced_seo_description":"","jetpack_seo_html_title":"","jetpack_seo_noindex":false,"_jetpack_memberships_contains_paid_content":false,"footnotes":"","_links_to":"","_links_to_target":""},"categories":[16,54,775,6,3406],"tags":[143,233,757,3446],"class_list":{"0":"post-38085","1":"post","2":"type-post","3":"status-publish","4":"format-standard","6":"category-monclar","7":"category-loisirs","8":"category-cest-noel","9":"category-pratique","10":"category-n153-decembre-2018","11":"tag-monclar-de-quercy","12":"tag-marche-de-lavent","13":"tag-marche-de-noel","14":"tag-les-truffes"},"jetpack_featured_media_url":"","views":{"total":0,"cached_at":"","cached_date":1738280126},"jetpack_likes_enabled":true,"jetpack_sharing_enabled":true,"jetpack_shortlink":"https:\/\/wp.me\/pg7Wxj-9Uh","jetpack-related-posts":[],"_links":{"self":[{"href":"https:\/\/www.o-p-i.fr\/parlonsen\/wp-json\/wp\/v2\/posts\/38085","targetHints":{"allow":["GET"]}}],"collection":[{"href":"https:\/\/www.o-p-i.fr\/parlonsen\/wp-json\/wp\/v2\/posts"}],"about":[{"href":"https:\/\/www.o-p-i.fr\/parlonsen\/wp-json\/wp\/v2\/types\/post"}],"author":[{"embeddable":true,"href":"https:\/\/www.o-p-i.fr\/parlonsen\/wp-json\/wp\/v2\/users\/4"}],"replies":[{"embeddable":true,"href":"https:\/\/www.o-p-i.fr\/parlonsen\/wp-json\/wp\/v2\/comments?post=38085"}],"version-history":[{"count":0,"href":"https:\/\/www.o-p-i.fr\/parlonsen\/wp-json\/wp\/v2\/posts\/38085\/revisions"}],"wp:attachment":[{"href":"https:\/\/www.o-p-i.fr\/parlonsen\/wp-json\/wp\/v2\/media?parent=38085"}],"wp:term":[{"taxonomy":"category","embeddable":true,"href":"https:\/\/www.o-p-i.fr\/parlonsen\/wp-json\/wp\/v2\/categories?post=38085"},{"taxonomy":"post_tag","embeddable":true,"href":"https:\/\/www.o-p-i.fr\/parlonsen\/wp-json\/wp\/v2\/tags?post=38085"}],"curies":[{"name":"wp","href":"https:\/\/api.w.org\/{rel}","templated":true}]}}