{"id":38201,"date":"2018-11-29T17:37:36","date_gmt":"2018-11-29T16:37:36","guid":{"rendered":"\/parlonsen\/?p=38201"},"modified":"2019-02-21T17:52:33","modified_gmt":"2019-02-21T16:52:33","slug":"reunions-publiques-sur-le-plu-au-pays-des-tescous","status":"publish","type":"post","link":"https:\/\/www.o-p-i.fr\/parlonsen\/parlons-en\/pratique\/reunions-publiques-sur-le-plu-au-pays-des-tescous\/","title":{"rendered":"R\u00e9unions publiques sur le \u00ab\u00a0PLU\u00a0\u00bb&#8230;au Pays des Tescou&rsquo;s"},"content":{"rendered":"<p><strong>Jeudi 6 d\u00e9cembre 2018,<\/strong> 18h.30 \u00e0 Montgaillard, 20h.30 \u00e0 Salvagnac<!--more--><\/p>\n<p><img data-recalc-dims=\"1\" loading=\"lazy\" decoding=\"async\" class=\"aligncenter size-full wp-image-38202\" src=\"https:\/\/i0.wp.com\/www.o-p-i.fr\/parlonsen\/wp-content\/uploads\/plu.jpg?resize=567%2C336&#038;ssl=1\" alt=\"\" width=\"567\" height=\"336\" srcset=\"https:\/\/i0.wp.com\/www.o-p-i.fr\/parlonsen\/wp-content\/uploads\/plu.jpg?w=567&amp;ssl=1 567w, https:\/\/i0.wp.com\/www.o-p-i.fr\/parlonsen\/wp-content\/uploads\/plu.jpg?resize=300%2C178&amp;ssl=1 300w, https:\/\/i0.wp.com\/www.o-p-i.fr\/parlonsen\/wp-content\/uploads\/plu.jpg?resize=150%2C89&amp;ssl=1 150w, https:\/\/i0.wp.com\/www.o-p-i.fr\/parlonsen\/wp-content\/uploads\/plu.jpg?resize=400%2C237&amp;ssl=1 400w\" sizes=\"auto, (max-width: 567px) 100vw, 567px\" \/><\/p>\n<p style=\"text-align: center;\"><img data-recalc-dims=\"1\" loading=\"lazy\" decoding=\"async\" class=\"alignleft wp-image-38203\" src=\"https:\/\/i0.wp.com\/www.o-p-i.fr\/parlonsen\/wp-content\/uploads\/AGGLO.jpg?resize=250%2C99&#038;ssl=1\" alt=\"\" width=\"250\" height=\"99\" srcset=\"https:\/\/i0.wp.com\/www.o-p-i.fr\/parlonsen\/wp-content\/uploads\/AGGLO.jpg?w=552&amp;ssl=1 552w, https:\/\/i0.wp.com\/www.o-p-i.fr\/parlonsen\/wp-content\/uploads\/AGGLO.jpg?resize=300%2C118&amp;ssl=1 300w, https:\/\/i0.wp.com\/www.o-p-i.fr\/parlonsen\/wp-content\/uploads\/AGGLO.jpg?resize=150%2C59&amp;ssl=1 150w, https:\/\/i0.wp.com\/www.o-p-i.fr\/parlonsen\/wp-content\/uploads\/AGGLO.jpg?resize=400%2C158&amp;ssl=1 400w\" sizes=\"auto, (max-width: 250px) 100vw, 250px\" \/>Jeudi 6 d\u00e9cembre \u00e0 18h.30 salle Charles Gayral, \u00e0 <strong>MONTGAILLARD<\/strong><\/p>\n<p style=\"text-align: center;\">Jeudi 6 d\u00e9cembre 2018 \u00e0 20h.30 salle du billard de <strong>SALVAGNAC<\/strong><\/p>\n<p style=\"text-align: left;\"><em>Information communiqu\u00e9e par Marie Claire MATE<\/em><\/p>\n<p><a href=\"https:\/\/www.o-p-i.fr\/parlonsen\/agenda\/\"><strong>Retrouvez tous les \u00e9v\u00e9nements dans l&rsquo;agenda !<\/strong><\/a><\/p>\n","protected":false},"excerpt":{"rendered":"<div class=\"mh-excerpt\">Jeudi 6 d\u00e9cembre 2018, 18h.30 \u00e0 Montgaillard, 20h.30 \u00e0 Salvagnac<\/div>\n","protected":false},"author":4,"featured_media":0,"comment_status":"open","ping_status":"open","sticky":false,"template":"","format":"standard","meta":{"om_disable_all_campaigns":false,"advanced_seo_description":"","jetpack_seo_html_title":"","jetpack_seo_noindex":false,"_jetpack_memberships_contains_paid_content":false,"footnotes":"","_links_to":"","_links_to_target":""},"categories":[31,6,25,3437],"tags":[2548,2554,3173,3458,3459],"class_list":{"0":"post-38201","1":"post","2":"type-post","3":"status-publish","4":"format-standard","6":"category-montgaillard","7":"category-pratique","8":"category-salvagnac","9":"category-n-154-janvier-2019","10":"tag-salvagnac","11":"tag-montgaillard","12":"tag-reunion-publique","13":"tag-plu","14":"tag-gaillac-graulhet-agglomeration"},"jetpack_featured_media_url":"","views":{"total":0,"cached_at":"","cached_date":1738511579},"jetpack_likes_enabled":true,"jetpack_sharing_enabled":true,"jetpack_shortlink":"https:\/\/wp.me\/pg7Wxj-9W9","jetpack-related-posts":[],"_links":{"self":[{"href":"https:\/\/www.o-p-i.fr\/parlonsen\/wp-json\/wp\/v2\/posts\/38201","targetHints":{"allow":["GET"]}}],"collection":[{"href":"https:\/\/www.o-p-i.fr\/parlonsen\/wp-json\/wp\/v2\/posts"}],"about":[{"href":"https:\/\/www.o-p-i.fr\/parlonsen\/wp-json\/wp\/v2\/types\/post"}],"author":[{"embeddable":true,"href":"https:\/\/www.o-p-i.fr\/parlonsen\/wp-json\/wp\/v2\/users\/4"}],"replies":[{"embeddable":true,"href":"https:\/\/www.o-p-i.fr\/parlonsen\/wp-json\/wp\/v2\/comments?post=38201"}],"version-history":[{"count":0,"href":"https:\/\/www.o-p-i.fr\/parlonsen\/wp-json\/wp\/v2\/posts\/38201\/revisions"}],"wp:attachment":[{"href":"https:\/\/www.o-p-i.fr\/parlonsen\/wp-json\/wp\/v2\/media?parent=38201"}],"wp:term":[{"taxonomy":"category","embeddable":true,"href":"https:\/\/www.o-p-i.fr\/parlonsen\/wp-json\/wp\/v2\/categories?post=38201"},{"taxonomy":"post_tag","embeddable":true,"href":"https:\/\/www.o-p-i.fr\/parlonsen\/wp-json\/wp\/v2\/tags?post=38201"}],"curies":[{"name":"wp","href":"https:\/\/api.w.org\/{rel}","templated":true}]}}