{"id":38292,"date":"2018-12-08T18:39:57","date_gmt":"2018-12-08T17:39:57","guid":{"rendered":"\/parlonsen\/?p=38292"},"modified":"2018-12-08T18:39:57","modified_gmt":"2018-12-08T17:39:57","slug":"vide-atelier-dartiste-a-leojac-82","status":"publish","type":"post","link":"https:\/\/www.o-p-i.fr\/parlonsen\/parlons-en\/pratique\/vide-atelier-dartiste-a-leojac-82\/","title":{"rendered":"Vide atelier d&rsquo;artiste &#8230;\u00e0 L\u00e9ojac (82)"},"content":{"rendered":"<p><strong>Samedi 15 et dimanche 16 d\u00e9cembre<\/strong> 2018, de 14h. \u00e0 19h. chez Alain Mila<br \/>\n<!--more--><\/p>\n<p>En octobre l&rsquo;artiste Alain Mila (peintre, sculpteur, land artiste) a d\u00e9cid\u00e9 de se mettre en \u00ab sommeil \u00bb de son activit\u00e9 artistique&#8230; une p\u00e9riode sabbatique, sans expositions ni interventions, ni symposiums&#8230; Afin de se centrer sur mes cr\u00e9ations. Mais c&rsquo;est dommage pour toutes ses \u0153uvres qui, elles, sommeillent dans tous les coins de sa maison ! D&rsquo;o\u00f9 ce vide atelier&#8230;<\/p>\n<p><img data-recalc-dims=\"1\" loading=\"lazy\" decoding=\"async\" class=\"aligncenter size-full wp-image-38293\" src=\"https:\/\/i0.wp.com\/www.o-p-i.fr\/parlonsen\/wp-content\/uploads\/mila.jpg?resize=567%2C729&#038;ssl=1\" alt=\"\" width=\"567\" height=\"729\" srcset=\"https:\/\/i0.wp.com\/www.o-p-i.fr\/parlonsen\/wp-content\/uploads\/mila.jpg?w=567&amp;ssl=1 567w, https:\/\/i0.wp.com\/www.o-p-i.fr\/parlonsen\/wp-content\/uploads\/mila.jpg?resize=233%2C300&amp;ssl=1 233w, https:\/\/i0.wp.com\/www.o-p-i.fr\/parlonsen\/wp-content\/uploads\/mila.jpg?resize=117%2C150&amp;ssl=1 117w, https:\/\/i0.wp.com\/www.o-p-i.fr\/parlonsen\/wp-content\/uploads\/mila.jpg?resize=400%2C514&amp;ssl=1 400w\" sizes=\"auto, (max-width: 567px) 100vw, 567px\" \/><\/p>\n<p><em>Information communiqu\u00e9e par Alain MILA<\/em><\/p>\n<p><a href=\"https:\/\/www.o-p-i.fr\/parlonsen\/agenda\/\"><strong>Retrouvez tous les \u00e9v\u00e9nements dans l&rsquo;agenda !<\/strong><\/a><\/p>\n","protected":false},"excerpt":{"rendered":"<div class=\"mh-excerpt\">Samedi 15 et dimanche 16 d\u00e9cembre 2018, de 14h. \u00e0 19h. chez Alain Mila<\/div>\n","protected":false},"author":4,"featured_media":0,"comment_status":"open","ping_status":"open","sticky":false,"template":"","format":"standard","meta":{"om_disable_all_campaigns":false,"advanced_seo_description":"","jetpack_seo_html_title":"","jetpack_seo_noindex":false,"_jetpack_memberships_contains_paid_content":false,"footnotes":"","_links_to":"","_links_to_target":""},"categories":[30,6,3406],"tags":[2553,178,342,517],"class_list":{"0":"post-38292","1":"post","2":"type-post","3":"status-publish","4":"format-standard","6":"category-leojac","7":"category-pratique","8":"category-n153-decembre-2018","9":"tag-leojac","10":"tag-peinture","11":"tag-sculpture","12":"tag-vide-atelier"},"jetpack_featured_media_url":"","views":{"total":0,"cached_at":"","cached_date":1738508821},"jetpack_likes_enabled":true,"jetpack_sharing_enabled":true,"jetpack_shortlink":"https:\/\/wp.me\/pg7Wxj-9XC","jetpack-related-posts":[],"_links":{"self":[{"href":"https:\/\/www.o-p-i.fr\/parlonsen\/wp-json\/wp\/v2\/posts\/38292","targetHints":{"allow":["GET"]}}],"collection":[{"href":"https:\/\/www.o-p-i.fr\/parlonsen\/wp-json\/wp\/v2\/posts"}],"about":[{"href":"https:\/\/www.o-p-i.fr\/parlonsen\/wp-json\/wp\/v2\/types\/post"}],"author":[{"embeddable":true,"href":"https:\/\/www.o-p-i.fr\/parlonsen\/wp-json\/wp\/v2\/users\/4"}],"replies":[{"embeddable":true,"href":"https:\/\/www.o-p-i.fr\/parlonsen\/wp-json\/wp\/v2\/comments?post=38292"}],"version-history":[{"count":0,"href":"https:\/\/www.o-p-i.fr\/parlonsen\/wp-json\/wp\/v2\/posts\/38292\/revisions"}],"wp:attachment":[{"href":"https:\/\/www.o-p-i.fr\/parlonsen\/wp-json\/wp\/v2\/media?parent=38292"}],"wp:term":[{"taxonomy":"category","embeddable":true,"href":"https:\/\/www.o-p-i.fr\/parlonsen\/wp-json\/wp\/v2\/categories?post=38292"},{"taxonomy":"post_tag","embeddable":true,"href":"https:\/\/www.o-p-i.fr\/parlonsen\/wp-json\/wp\/v2\/tags?post=38292"}],"curies":[{"name":"wp","href":"https:\/\/api.w.org\/{rel}","templated":true}]}}