{"id":3844,"date":"2010-05-18T11:43:50","date_gmt":"2010-05-18T09:43:50","guid":{"rendered":"\/parlonsen\/?p=3844"},"modified":"2010-05-20T15:28:59","modified_gmt":"2010-05-20T13:28:59","slug":"vide-grenier-et-marche-aux-fleurs-a-castelnau-de-montmiral","status":"publish","type":"post","link":"https:\/\/www.o-p-i.fr\/parlonsen\/parlons-en\/commerce\/vide-grenier-et-marche-aux-fleurs-a-castelnau-de-montmiral\/","title":{"rendered":"Vide-grenier et March\u00e9 aux fleurs &#8230; \u00e0 Castelnau de Montmiral"},"content":{"rendered":"<p>Le <span style=\"color: #008080;\"><strong>Dimanche 30 Mai<\/strong><\/span> 2010, de 9 h \u00e0 18 h, l&rsquo;Association des Parents d&rsquo;El\u00e8ves de Castelnau de Montmiral organise un <span style=\"color: #008080;\"><strong>Vide-Grenier<\/strong><\/span> et un <span style=\"color: #008080;\"><strong>March\u00e9 aux Fleurs<\/strong><\/span>.<!--more--><\/p>\n<figure id=\"attachment_3845\" aria-describedby=\"caption-attachment-3845\" style=\"width: 300px\" class=\"wp-caption alignleft\"><img data-recalc-dims=\"1\" loading=\"lazy\" decoding=\"async\" class=\"size-full wp-image-3845\" title=\"Castelnau de Montmiral (81)\" src=\"https:\/\/i0.wp.com\/www.o-p-i.fr\/parlonsen\/wp-content\/uploads\/photo_videgrenier.jpg?resize=300%2C295&#038;ssl=1\" alt=\"Castelnau de Montmiral (81)\" width=\"300\" height=\"295\" \/><figcaption id=\"caption-attachment-3845\" class=\"wp-caption-text\">Castelnau de Montmiral (81)<\/figcaption><\/figure>\n<p><span style=\"color: #008080;\"><strong>Lieu :<\/strong><\/span><br \/>\nsur l\u2019esplanade de Castelnau de Montmiral.<\/p>\n<p>Buvette et restauration rapide<\/p>\n<p><span style=\"color: #008080;\"><strong>Stands : <\/strong><\/span><br \/>\n3\u20ac le m\u00e8tre lin\u00e9aire<br \/>\n(d\u00e9ballage \u00e0 partir de 6h)<br \/>\nAp\u00e9ritif offert aux exposants<\/p>\n<p><span style=\"color: #008080;\"><strong>R\u00e9servations :<\/strong><\/span><br \/>\nAPE de Castelnau de Montmiral<br \/>\nT\u00e9l : 05.63.33.21.20 ou 05.63.33.27.38<\/p>\n<p><em>Communiqu\u00e9 de  Pascale del Porto pour l&rsquo;APE<br \/>\nPhoto : OPI des Tescou&rsquo;s<br \/>\n<\/em><\/p>\n<p><a href=\"https:\/\/www.o-p-i.fr\/parlonsen\/agenda\/\"><strong>Retrouvez tous les \u00e9v\u00e8nements dans l&rsquo;agenda !<\/strong><\/a><\/p>\n","protected":false},"excerpt":{"rendered":"<div class=\"mh-excerpt\">Le Dimanche 30 Mai 2010, de 9 h \u00e0 18 h, l&rsquo;Association des Parents d&rsquo;El\u00e8ves de Castelnau de Montmiral organise un Vide-Grenier et un March\u00e9 aux Fleurs.<\/div>\n","protected":false},"author":2,"featured_media":0,"comment_status":"open","ping_status":"open","sticky":false,"template":"","format":"standard","meta":{"om_disable_all_campaigns":false,"advanced_seo_description":"","jetpack_seo_html_title":"","jetpack_seo_noindex":false,"_jetpack_memberships_contains_paid_content":false,"footnotes":"","_links_to":"","_links_to_target":""},"categories":[4,22,54,503],"tags":[188,546,138,158],"class_list":{"0":"post-3844","1":"post","2":"type-post","3":"status-publish","4":"format-standard","6":"category-commerce","7":"category-castelnau","8":"category-loisirs","9":"category-n-49-mai-2010","10":"tag-ape","11":"tag-fleur","12":"tag-marche","13":"tag-castelnau-de-montmiral"},"jetpack_featured_media_url":"","views":{"total":0,"cached_at":"","cached_date":1738513864},"jetpack_likes_enabled":true,"jetpack_sharing_enabled":true,"jetpack_shortlink":"https:\/\/wp.me\/pg7Wxj-100","jetpack-related-posts":[],"_links":{"self":[{"href":"https:\/\/www.o-p-i.fr\/parlonsen\/wp-json\/wp\/v2\/posts\/3844","targetHints":{"allow":["GET"]}}],"collection":[{"href":"https:\/\/www.o-p-i.fr\/parlonsen\/wp-json\/wp\/v2\/posts"}],"about":[{"href":"https:\/\/www.o-p-i.fr\/parlonsen\/wp-json\/wp\/v2\/types\/post"}],"author":[{"embeddable":true,"href":"https:\/\/www.o-p-i.fr\/parlonsen\/wp-json\/wp\/v2\/users\/2"}],"replies":[{"embeddable":true,"href":"https:\/\/www.o-p-i.fr\/parlonsen\/wp-json\/wp\/v2\/comments?post=3844"}],"version-history":[{"count":0,"href":"https:\/\/www.o-p-i.fr\/parlonsen\/wp-json\/wp\/v2\/posts\/3844\/revisions"}],"wp:attachment":[{"href":"https:\/\/www.o-p-i.fr\/parlonsen\/wp-json\/wp\/v2\/media?parent=3844"}],"wp:term":[{"taxonomy":"category","embeddable":true,"href":"https:\/\/www.o-p-i.fr\/parlonsen\/wp-json\/wp\/v2\/categories?post=3844"},{"taxonomy":"post_tag","embeddable":true,"href":"https:\/\/www.o-p-i.fr\/parlonsen\/wp-json\/wp\/v2\/tags?post=3844"}],"curies":[{"name":"wp","href":"https:\/\/api.w.org\/{rel}","templated":true}]}}