{"id":38464,"date":"2019-01-03T19:53:18","date_gmt":"2019-01-03T18:53:18","guid":{"rendered":"\/parlonsen\/?p=38464"},"modified":"2019-01-06T19:00:32","modified_gmt":"2019-01-06T18:00:32","slug":"assemblee-generale-o-p-i-des-tescousparlons-en-a-monclar-de-quercy","status":"publish","type":"post","link":"https:\/\/www.o-p-i.fr\/parlonsen\/localisation\/au-pays-des-tescous\/monclar\/assemblee-generale-o-p-i-des-tescousparlons-en-a-monclar-de-quercy\/","title":{"rendered":"Assembl\u00e9e G\u00e9n\u00e9rale O.P.I des Tescou&rsquo;s\/Parlons-en&#8230; \u00e0 Monclar de Quercy"},"content":{"rendered":"<p>Le <strong>samedi 12 janvier 2019<\/strong>, \u00e0 14h.30 salle du G\u00e9n\u00e9ral Monclar \u00e0 la mairie.<!--more--><\/p>\n<p>Tout d&rsquo;abord, l&rsquo;\u00e9quipe d&rsquo;O.P.I. vous adresse ou vous renouvelle ses meilleurs v\u0153ux\u00a0: que 2019 vous permette \u00e0 vous et \u00e0 ceux qui vous entourent de r\u00e9aliser desseins et projets.<br \/>\nEn ce qui concerne notre association, qui nous l&rsquo;esp\u00e9rons est aussi la v\u00f4tre, nous avons besoin de vous. En effet, apr\u00e8s 10 ans de fonctionnement, nous nous devons de faire le point et de d\u00e9finir de nouveaux objectifs. C&rsquo;est pourquoi nous vous convions le samedi 12 janvier 2019\u00a0 \u00e0 14h30 \u00e0 l&rsquo;Assembl\u00e9e G\u00e9n\u00e9rale qui se tiendra \u00e0 la mairie de Monclar-de-Quercy dans la salle du G\u00e9n\u00e9ral Monclar.<br \/>\nIl y a longtemps que nous n&rsquo;avons pas fait d&rsquo;appel \u00e0 cotisation, mais aujourd&rsquo;hui il est important que les anciens adh\u00e9rents renouvellent et que ceux qui n&rsquo;ont pas encore adh\u00e9r\u00e9, nous rejoignent, car il est urgent d&rsquo;investir dans la modification du site pour le rendre \u00ab\u00a0responsive\u00a0\u00bb, c&rsquo;est \u00e0 dire lisible sur smartphones et tablettes, ces outils de plus en plus couramment utilis\u00e9s.<\/p>\n<p>Si vous souhaitez prendre connaissance des statuts de l&rsquo;association O.P.I. des Tescou&rsquo;s (Optimiser Promouvoir Initier au Pays des Tescou&rsquo;s), vous pouvez cliquer sur le lien ci-apr\u00e8s ou le recopier dans votre navigateur: <strong><a href=\"https:\/\/www.o-p-i.fr\/aupays\/opi\/ah-lasso\/\" target=\"_blank\" rel=\"noopener noreferrer\">https:\/\/www.o-p-i.fr\/aupays\/opi\/ah-lasso\/<\/a><\/strong><\/p>\n<p>Pour adh\u00e9rer\u00a0: <a href=\"https:\/\/www.o-p-i.fr\/aupays\/opi\/adherez-a-opi\/\" target=\"_blank\" rel=\"noopener noreferrer\"><strong>https:\/\/www.o-p-i.fr\/aupays\/opi\/adherez-a-opi\/<\/strong><\/a><\/p>\n<p>Si vous envisagez de devenir administrateur, vous pouvez poser votre candidature par courriel adress\u00e9 \u00e0 <strong><a href=\"mailto:contact@o-p-i.fr\">contact@o-p-i.fr<\/a><\/strong><\/p>\n<p>Vous voudriez en savoir davantage sur l&rsquo;association et l&rsquo;A.G.? Rendez-vous sur <strong><a href=\"https:\/\/www.o-p-i.fr\/parlonsen\/parlons-en\/pratique\/parlons-en-au-pays-des-tescous-hier-aujourdhui-demain\/\" target=\"_blank\" rel=\"noopener noreferrer\">https:\/\/www.o-p-i.fr\/parlonsen\/parlons-en\/pratique\/parlons-en-au-pays-des-tescous-hier-aujourdhui-demain\/<\/a><\/strong><\/p>\n<p><span style=\"color: #ff0000;\"><strong>IMPORTANT:<\/strong><\/span> Si vous ne pouvez pas assister \u00e0 l&rsquo;A.G., merci de renvoyer \u00e0 O.P.I. des Tescou&rsquo;s, 3592 route de Monclar 81630 ST URCISSE le pouvoir \u00e0 t\u00e9l\u00e9charger ICI :\u00a0<strong><a href=\"https:\/\/www.o-p-i.fr\/parlonsen\/wp-content\/uploads\/Pouvoir.pdf\">Pouvoir<\/a><\/strong><\/p>\n<p>Cathy et Robert<\/p>\n<p>06 99 11 43 21<\/p>\n","protected":false},"excerpt":{"rendered":"<div class=\"mh-excerpt\">Le samedi 12 janvier 2019, \u00e0 14h.30 salle du G\u00e9n\u00e9ral Monclar \u00e0 la mairie.<\/div>\n","protected":false},"author":4,"featured_media":0,"comment_status":"open","ping_status":"open","sticky":false,"template":"","format":"standard","meta":{"om_disable_all_campaigns":false,"advanced_seo_description":"","jetpack_seo_html_title":"","jetpack_seo_noindex":false,"_jetpack_memberships_contains_paid_content":false,"footnotes":"","_links_to":"","_links_to_target":""},"categories":[52,828,16,3437],"tags":[2619],"class_list":{"0":"post-38464","1":"post","2":"type-post","3":"status-publish","4":"format-standard","6":"category-parlons-en","7":"category-au-pays-des-tescous","8":"category-monclar","9":"category-n-154-janvier-2019","10":"tag-assemblee-generale"},"jetpack_featured_media_url":"","views":{"total":0,"cached_at":"","cached_date":1738520573},"jetpack_likes_enabled":true,"jetpack_sharing_enabled":true,"jetpack_shortlink":"https:\/\/wp.me\/pg7Wxj-a0o","jetpack-related-posts":[],"_links":{"self":[{"href":"https:\/\/www.o-p-i.fr\/parlonsen\/wp-json\/wp\/v2\/posts\/38464","targetHints":{"allow":["GET"]}}],"collection":[{"href":"https:\/\/www.o-p-i.fr\/parlonsen\/wp-json\/wp\/v2\/posts"}],"about":[{"href":"https:\/\/www.o-p-i.fr\/parlonsen\/wp-json\/wp\/v2\/types\/post"}],"author":[{"embeddable":true,"href":"https:\/\/www.o-p-i.fr\/parlonsen\/wp-json\/wp\/v2\/users\/4"}],"replies":[{"embeddable":true,"href":"https:\/\/www.o-p-i.fr\/parlonsen\/wp-json\/wp\/v2\/comments?post=38464"}],"version-history":[{"count":0,"href":"https:\/\/www.o-p-i.fr\/parlonsen\/wp-json\/wp\/v2\/posts\/38464\/revisions"}],"wp:attachment":[{"href":"https:\/\/www.o-p-i.fr\/parlonsen\/wp-json\/wp\/v2\/media?parent=38464"}],"wp:term":[{"taxonomy":"category","embeddable":true,"href":"https:\/\/www.o-p-i.fr\/parlonsen\/wp-json\/wp\/v2\/categories?post=38464"},{"taxonomy":"post_tag","embeddable":true,"href":"https:\/\/www.o-p-i.fr\/parlonsen\/wp-json\/wp\/v2\/tags?post=38464"}],"curies":[{"name":"wp","href":"https:\/\/api.w.org\/{rel}","templated":true}]}}