{"id":3871,"date":"2010-05-19T15:58:59","date_gmt":"2010-05-19T13:58:59","guid":{"rendered":"\/parlonsen\/?p=3871"},"modified":"2010-05-19T16:00:03","modified_gmt":"2010-05-19T14:00:03","slug":"comment-restaurer-et-connaitre-le-bati-en-terre-cru-a-la-salvetat-belmontet","status":"publish","type":"post","link":"https:\/\/www.o-p-i.fr\/parlonsen\/parlons-en\/culture\/comment-restaurer-et-connaitre-le-bati-en-terre-cru-a-la-salvetat-belmontet\/","title":{"rendered":"Comment restaurer et connaitre le bati en terre cru &#8230; \u00e0 La Salvetat Belmontet"},"content":{"rendered":"<p style=\"text-align: justify;\">Exposition, suivie d&rsquo;une conf\u00e9rence-d\u00e9bat avec des professionnels le <span style=\"color: #993300;\"><strong>Samedi 29 Mai \u00e0 15h<\/strong><\/span>, \u00e0 la Mairie de<span style=\"color: #993300;\"><strong> La Salvetat Belmontet <\/strong><\/span>(salle annexe).<!--more--><\/p>\n<figure id=\"attachment_3887\" aria-describedby=\"caption-attachment-3887\" style=\"width: 350px\" class=\"wp-caption aligncenter\"><img data-recalc-dims=\"1\" loading=\"lazy\" decoding=\"async\" class=\"size-full wp-image-3887\" title=\"La Salvetat Belmontet (82)\" src=\"https:\/\/i0.wp.com\/www.o-p-i.fr\/parlonsen\/wp-content\/uploads\/affiche_bati_salvetat.jpg?resize=350%2C500&#038;ssl=1\" alt=\"La Salvetat Belmontet (82)\" width=\"350\" height=\"500\" srcset=\"https:\/\/i0.wp.com\/www.o-p-i.fr\/parlonsen\/wp-content\/uploads\/affiche_bati_salvetat.jpg?w=350&amp;ssl=1 350w, https:\/\/i0.wp.com\/www.o-p-i.fr\/parlonsen\/wp-content\/uploads\/affiche_bati_salvetat.jpg?resize=210%2C300&amp;ssl=1 210w\" sizes=\"auto, (max-width: 350px) 100vw, 350px\" \/><figcaption id=\"caption-attachment-3887\" class=\"wp-caption-text\">La Salvetat Belmontet (82)<\/figcaption><\/figure>\n<p><em>Communiqu\u00e9 de la <a title=\"En savoir +\" href=\"https:\/\/www.o-p-i.fr\/aupays\/annuaire\/administrations\/mairie-a-la-salvetat-belmontet\/\">Mairie de La Salvetat Belmontet<\/a><\/em><\/p>\n<p><a href=\"https:\/\/www.o-p-i.fr\/parlonsen\/agenda\/\"><strong>Retrouvez tous les \u00e9v\u00e8nements dans l&rsquo;agenda !<\/strong><\/a><\/p>\n","protected":false},"excerpt":{"rendered":"<div class=\"mh-excerpt\">Exposition, suivie d&rsquo;une conf\u00e9rence-d\u00e9bat avec des professionnels le Samedi 29 Mai \u00e0 15h, \u00e0 la Mairie de La Salvetat Belmontet (salle annexe).<\/div>\n","protected":false},"author":2,"featured_media":0,"comment_status":"open","ping_status":"open","sticky":false,"template":"","format":"standard","meta":{"om_disable_all_campaigns":false,"advanced_seo_description":"","jetpack_seo_html_title":"","jetpack_seo_noindex":false,"_jetpack_memberships_contains_paid_content":false,"footnotes":"","_links_to":"","_links_to_target":""},"categories":[51,1,34,55,6,503],"tags":[108,379],"class_list":{"0":"post-3871","1":"post","2":"type-post","3":"status-publish","4":"format-standard","6":"category-artisanat","7":"category-culture","8":"category-salvetat","9":"category-environnement","10":"category-pratique","11":"category-n-49-mai-2010","12":"tag-terre","13":"tag-batiment"},"jetpack_featured_media_url":"","views":{"total":0,"cached_at":"","cached_date":1738514227},"jetpack_likes_enabled":true,"jetpack_sharing_enabled":true,"jetpack_shortlink":"https:\/\/wp.me\/pg7Wxj-10r","jetpack-related-posts":[],"_links":{"self":[{"href":"https:\/\/www.o-p-i.fr\/parlonsen\/wp-json\/wp\/v2\/posts\/3871","targetHints":{"allow":["GET"]}}],"collection":[{"href":"https:\/\/www.o-p-i.fr\/parlonsen\/wp-json\/wp\/v2\/posts"}],"about":[{"href":"https:\/\/www.o-p-i.fr\/parlonsen\/wp-json\/wp\/v2\/types\/post"}],"author":[{"embeddable":true,"href":"https:\/\/www.o-p-i.fr\/parlonsen\/wp-json\/wp\/v2\/users\/2"}],"replies":[{"embeddable":true,"href":"https:\/\/www.o-p-i.fr\/parlonsen\/wp-json\/wp\/v2\/comments?post=3871"}],"version-history":[{"count":0,"href":"https:\/\/www.o-p-i.fr\/parlonsen\/wp-json\/wp\/v2\/posts\/3871\/revisions"}],"wp:attachment":[{"href":"https:\/\/www.o-p-i.fr\/parlonsen\/wp-json\/wp\/v2\/media?parent=3871"}],"wp:term":[{"taxonomy":"category","embeddable":true,"href":"https:\/\/www.o-p-i.fr\/parlonsen\/wp-json\/wp\/v2\/categories?post=3871"},{"taxonomy":"post_tag","embeddable":true,"href":"https:\/\/www.o-p-i.fr\/parlonsen\/wp-json\/wp\/v2\/tags?post=3871"}],"curies":[{"name":"wp","href":"https:\/\/api.w.org\/{rel}","templated":true}]}}