{"id":3873,"date":"2010-05-19T15:29:51","date_gmt":"2010-05-19T13:29:51","guid":{"rendered":"\/parlonsen\/?p=3873"},"modified":"2010-09-22T22:21:06","modified_gmt":"2010-09-22T20:21:06","slug":"cine-monclar-en-juin","status":"publish","type":"post","link":"https:\/\/www.o-p-i.fr\/parlonsen\/parlons-en\/culture\/cine-monclar-en-juin\/","title":{"rendered":"Cin\u00e9 Monclar en Juin"},"content":{"rendered":"<p style=\"text-align: justify;\">A vos agendas ! Voil\u00e0 le programme de Cin\u00e9 Monclar pour le mois de Juin ! <!--more--><\/p>\n<blockquote>\n<figure id=\"attachment_3874\" aria-describedby=\"caption-attachment-3874\" style=\"width: 250px\" class=\"wp-caption alignright\"><img data-recalc-dims=\"1\" loading=\"lazy\" decoding=\"async\" class=\"size-full wp-image-3874\" title=\"Les invit\u00e9s de mon p\u00e8re - Cin\u00e9 Monclar (82)\" src=\"https:\/\/i0.wp.com\/www.o-p-i.fr\/parlonsen\/wp-content\/uploads\/invite_pere.jpg?resize=250%2C200&#038;ssl=1\" alt=\"Les invit\u00e9s de mon p\u00e8re - Cin\u00e9 Monclar (82)\" width=\"250\" height=\"200\" \/><figcaption id=\"caption-attachment-3874\" class=\"wp-caption-text\">Les invit\u00e9s de mon p\u00e8re - Cin\u00e9 Monclar (82)<\/figcaption><\/figure>\n<ul>\n<li><strong>Les invit\u00e9s de mon p\u00e8re<\/strong><\/li>\n<\/ul>\n<p><span style=\"color: #ff6600;\"><strong>Mardi 1er \u00e0 21h<\/strong><\/span><br \/>\nR\u00e9alis\u00e9 par Anne Le Ny<br \/>\nAvec Fabrice Luchini, Karin Viard, Michel Aumont<br \/>\nLong-m\u00e9trage fran\u00e7ais.<br \/>\nGenre : Com\u00e9die<br \/>\nDur\u00e9e : 01h40min<\/p>\n<p style=\"text-align: justify;\">Lucien Paumelle a toujours eu des convictions fortes. M\u00e9decin retrait\u00e9, il reste un homme d&rsquo;action, r\u00e9put\u00e9 pour son implication dans de nombreuses causes humanitaires.<br \/>\nSon engagement le conduit jusqu&rsquo;au mariage blanc avec une jeune femme moldave, Tatiana, pour lui \u00e9viter l&rsquo;expulsion.<br \/>\nMais ses enfants, Babette et Arnaud, s&rsquo;aper\u00e7oivent rapidement que le comportement de leur p\u00e8re n&rsquo;a plus grand-chose \u00e0 voir avec les principes qu&rsquo;il a toujours pr\u00f4n\u00e9s<\/p>\n<p style=\"text-align: justify;\"><em>Anne Le Ny sur Lucien\u00a0:\u00a0\u00ab\u00a0 Ce que j&rsquo;aime dans le personnage de Lucien, c&rsquo;est que ce qu&rsquo;il perd en respectabilit\u00e9, il le regagne aussit\u00f4t en humanit\u00e9. Bien s\u00fbr, vu la situation, son amour pour Tatiana ressemble fort \u00e0 de l&rsquo;abus de pouvoir ou du harc\u00e8lement sexuel, mais en m\u00eame temps, tomber amoureux fou \u00e0 80 ans, est-ce que ce ne serait pas la plus belle forme d&rsquo;h\u00e9ro\u00efsme que l&rsquo;on puisse imaginer ?\u00a0\u00bb<\/em><\/p>\n<p style=\"text-align: justify;\"><em>Le Parisien\u00a0: D&rsquo;abord f\u00e9rocement dr\u00f4le, puis dr\u00f4lement touchante, cette com\u00e9die dramatique t\u00e9moigne d&rsquo;une fine connaissance de la nature humaine.<\/em><\/p>\n<p style=\"text-align: justify;\"><em>Elle\u00a0: Anne le Ny gagne ici son pari. Le convaincant duo fraternel Fabrice Luchini &#8211; Karin Viard y contribue grandement.<\/em><\/p>\n<p style=\"text-align: justify;\">\n<figure id=\"attachment_3875\" aria-describedby=\"caption-attachment-3875\" style=\"width: 250px\" class=\"wp-caption alignright\"><strong><img data-recalc-dims=\"1\" loading=\"lazy\" decoding=\"async\" class=\"size-full wp-image-3875\" title=\"Camping 2 - Cin\u00e9 Monclar (82)\" src=\"https:\/\/i0.wp.com\/www.o-p-i.fr\/parlonsen\/wp-content\/uploads\/camping2.jpg?resize=250%2C200&#038;ssl=1\" alt=\"Camping 2 - Cin\u00e9 Monclar (82)\" width=\"250\" height=\"200\" \/><\/strong><figcaption id=\"caption-attachment-3875\" class=\"wp-caption-text\">Camping 2 - Cin\u00e9 Monclar (82)<\/figcaption><\/figure>\n<ul>\n<li><strong>Camping  2<\/strong><\/li>\n<\/ul>\n<p><span style=\"color: #ff6600;\">Mardi 8 \u00e0 21h<\/span><br \/>\nR\u00e9alis\u00e9 par Fabien Onteniente<br \/>\nAvec Franck Dubosc, Richard Anconina, Mathilde Seigner<br \/>\nLong-m\u00e9trage fran\u00e7ais.<br \/>\nGenre : Com\u00e9die<br \/>\nDur\u00e9e : 01h39min<\/p>\n<p style=\"text-align: justify;\">Arcachon. Mois d\u2019ao\u00fbt. Jean-Pierre Savelli, employ\u00e9 aux Mutuelles d\u2019Assurances de Clermont-Ferrand, apprend que Val\u00e9rie, sa fianc\u00e9e, veut faire un break. Pour se ressourcer et retrouver calme et s\u00e9r\u00e9nit\u00e9, il d\u00e9cide de changer de destination de vacances&#8230; Il atterrit au Camping des Flots Bleus et tombe sur Patrick Chirac et sa bande de campeurs irr\u00e9ductibles. Les vacances peuvent commencer ! Ap\u00e9ro !<\/p>\n<p style=\"text-align: justify;\">Franck Dubosc interrog\u00e9 sur ses partenaires \u00e0 l&rsquo;\u00e9cran raconte : \u00ab\u00a0On a gard\u00e9 le m\u00eame esprit, c\u2019est aussi la difficult\u00e9 d\u2019un num\u00e9ro 2. Les gens ont envie de retrouver les m\u00eames choses et, en m\u00eame temps, il faut du changement. C\u2019est comme les vacances, on veut retrouver le m\u00eame endroit et aller ailleurs. Il faut garder certains ingr\u00e9dients etrajouter quelques \u00e9l\u00e9ments. Richard Anconina en fait partie.\u00bb<\/p>\n<p style=\"text-align: justify;\"><em>Figaroscope\u00a0: Entre jeux de mots improbables du genre \u00ab\u00a0Christophe Colomb a d\u00e9couvert l&rsquo;Am\u00e9rique, moi j&rsquo;ai des couverts en plastique\u00a0\u00bb et gags lourds comme des enclumes, Camping 2 nous a, doigts de pied en \u00e9ventail, bien fait rigoler.<\/em><\/p>\n<p style=\"text-align: justify;\">\n<figure id=\"attachment_3876\" aria-describedby=\"caption-attachment-3876\" style=\"width: 250px\" class=\"wp-caption alignright\"><strong><img data-recalc-dims=\"1\" loading=\"lazy\" decoding=\"async\" class=\"size-full wp-image-3876\" title=\"Criquet - Cin\u00e9 Monclar (82)\" src=\"https:\/\/i0.wp.com\/www.o-p-i.fr\/parlonsen\/wp-content\/uploads\/criquet.jpg?resize=250%2C200&#038;ssl=1\" alt=\"Criquet - Cin\u00e9 Monclar (82)\" width=\"250\" height=\"200\" \/><\/strong><figcaption id=\"caption-attachment-3876\" class=\"wp-caption-text\">Le Criquet - Cin\u00e9 Monclar (82)<\/figcaption><\/figure>\n<ul>\n<li><strong>Le criquet<\/strong><\/li>\n<\/ul>\n<p><span style=\"color: #ff6600;\"><strong>Dimanche 13 \u00e0 16h<\/strong><\/span><br \/>\nR\u00e9alis\u00e9 par Zdenek Miller<br \/>\nMoyen-m\u00e9trage tch\u00e8que. Titre original : Cvrcek<br \/>\n<span style=\"color: #ff6600;\"><strong>Film pour enfants <\/strong><\/span><br \/>\nGenre : Animation<br \/>\nDur\u00e9e : 00h40min<\/p>\n<p style=\"text-align: justify;\">Les aventures du petit criquet qui, muni de son violon, croise la route de diff\u00e9rents animaux de la for\u00eat.<\/p>\n<p style=\"text-align: justify;\">Les films d\u2019animation de Zdenek Miler sont destin\u00e9s \u00e0 un (tr\u00e8s) jeune public, dans une vis\u00e9e p\u00e9dagogique.<\/p>\n<p style=\"text-align: justify;\"><em>Le Monde\u00a0: Tout cela, d\u00e9nu\u00e9 de dialogues mais p\u00e9tillant d&rsquo;intelligence et de charme, se d\u00e9roule sur des fonds dessin\u00e9s fixes qui accusent la convention na\u00efve de l&rsquo;animation et la rendent plus d\u00e9licieuse encore.<\/em><\/p>\n<p style=\"text-align: justify;\"><em>StudioCin\u00e9Live\u00a0: Une sortie id\u00e9ale pour les enfants de maternelle accompagn\u00e9s de leurs parents ou de leurs enseignants.<\/em><\/p>\n<p style=\"text-align: justify;\">\n<figure id=\"attachment_3877\" aria-describedby=\"caption-attachment-3877\" style=\"width: 250px\" class=\"wp-caption alignright\"><strong><img data-recalc-dims=\"1\" loading=\"lazy\" decoding=\"async\" class=\"size-full wp-image-3877\" title=\"Green Zone - Cin\u00e9 Monclar (82)\" src=\"https:\/\/i0.wp.com\/www.o-p-i.fr\/parlonsen\/wp-content\/uploads\/green_zone.jpg?resize=250%2C200&#038;ssl=1\" alt=\"Green Zone - Cin\u00e9 Monclar (82)\" width=\"250\" height=\"200\" \/><\/strong><figcaption id=\"caption-attachment-3877\" class=\"wp-caption-text\">Green Zone - Cin\u00e9 Monclar (82)<\/figcaption><\/figure>\n<ul>\n<li><strong>Green Zone<\/strong><\/li>\n<\/ul>\n<p><span style=\"color: #ff6600;\"><strong>Mardi 15<\/strong><\/span> <span style=\"color: #ff6600;\"><strong> \u00e0 21h<\/strong><\/span><br \/>\nR\u00e9alis\u00e9 par Paul Greengrass<br \/>\nAvec Matt Damon, Amy Ryan, Greg Kinnear, Long-m\u00e9trage am\u00e9ricain , britannique . Genre : Drame &#8211; 01h55min<\/p>\n<p style=\"text-align: justify;\">Pendant l&rsquo;occupation am\u00e9ricaine de Bagdad en 2003, l&rsquo;adjudant-chef Roy Miller et ses hommes ont pour mission de trouver des armes de destruction massive cens\u00e9es \u00eatre stock\u00e9es dans le d\u00e9sert iraquien. Ballot\u00e9s d&rsquo;un site pi\u00e9g\u00e9 \u00e0 un autre, les militaires d\u00e9couvrent rapidement une importante machination qui modifie le but de leur mission\u2026 L&rsquo;histoire tourne autour des agissements am\u00e9ricains en Irak et de la fa\u00e7on dont le gouvernement provisoire, organis\u00e9 par l&rsquo;administration Bush, s&rsquo;est constitu\u00e9 d&rsquo;amis loyaux du Pr\u00e9sident plut\u00f4t que de personnalit\u00e9s efficaces et capables.<\/p>\n<p style=\"text-align: justify;\">Green Zone est adapt\u00e9 du livre de Rajiv Chandrasekaran intitul\u00e9 Dans la zone verte : les am\u00e9ricains \u00e0 Bagdad. L&rsquo;auteur a \u00e9t\u00e9 journaliste pour le c\u00e9l\u00e8bre Washington Post (l\u2019affaire du Watergate). Il est en particulier charg\u00e9 de couvrir la guerre en Afghanistan, ou encore la reconstruction de l\u2019Irak. Une vingtaine de v\u00e9t\u00e9rans de guerre en Irak, une demi-douzaine d\u2019officiers de la CIA, et le chef d\u2019une \u00e9quipe paramilitaire d\u2019\u00e9lite de la CIA, qui a captur\u00e9 plusieurs des personnes les plus recherch\u00e9es d\u2019Irak, ont collabor\u00e9 activement \u00e0 ce projet.<\/p>\n<p style=\"text-align: justify;\"><em>Marianne\u00a0: Ce film d&rsquo;action parfaitement ma\u00eetris\u00e9 (&#8230;) est un thriller qui pense (bien).<\/em><\/p>\n<p style=\"text-align: justify;\"><em>T\u00e9l\u00e9Cin\u00e9Obs\u00a0: Greengrass assure le spectacle avec le m\u00e9tier qu&rsquo;on lui conna\u00eet depuis \u00ab\u00a0Bloody Sunday\u00a0\u00bb. Sa cam\u00e9ra mobile, hyperr\u00e9active, vous attrape d\u00e8s les premi\u00e8res images pour ne plus vous l\u00e2cher. Attention, blockbuster en col\u00e8re.<\/em><\/p>\n<p style=\"text-align: justify;\">\n<figure id=\"attachment_3878\" aria-describedby=\"caption-attachment-3878\" style=\"width: 250px\" class=\"wp-caption alignright\"><strong><img data-recalc-dims=\"1\" loading=\"lazy\" decoding=\"async\" class=\"size-full wp-image-3878\" title=\"Mammuth - Cin\u00e9 Monclar (82)\" src=\"https:\/\/i0.wp.com\/www.o-p-i.fr\/parlonsen\/wp-content\/uploads\/mammuth.jpg?resize=250%2C200&#038;ssl=1\" alt=\"Mammuth - Cin\u00e9 Monclar (82)\" width=\"250\" height=\"200\" \/><\/strong><figcaption id=\"caption-attachment-3878\" class=\"wp-caption-text\">Mammuth - Cin\u00e9 Monclar (82)<\/figcaption><\/figure>\n<ul>\n<li><strong>Mammuth<\/strong><\/li>\n<\/ul>\n<p><strong> <span style=\"color: #ff6600;\">Mardi 22<\/span><\/strong> <span style=\"color: #ff6600;\"><strong> \u00e0 21h<\/strong><\/span><br \/>\nR\u00e9alis\u00e9 par Gustave Kervern, Beno\u00eet Del\u00e9pine<br \/>\nAvec G\u00e9rard Depardieu, Yolande Moreau, Anna Mouglalis<br \/>\nLong-m\u00e9trage fran\u00e7ais.<br \/>\nGenre : Com\u00e9die<br \/>\nDur\u00e9e : 01h32min<\/p>\n<p style=\"text-align: justify;\">Serge Pilardosse vient d&rsquo;avoir 60 ans. Il travaille depuis l&rsquo;\u00e2ge de 16 ans, jamais au ch\u00f4mage, jamais malade. Mais l&rsquo;heure de la retraite a sonn\u00e9, et c&rsquo;est la d\u00e9sillusion : il lui manque des points, certains employeurs ayant oubli\u00e9 de le d\u00e9clarer ! Pouss\u00e9 par Catherine, sa femme, il enfourche sa vieille moto des ann\u00e9es 70, une \u00a0\u00bb Mammut \u00a0\u00bb qui lui vaut son surnom, et part \u00e0 la recherche de ses bulletins de salaires.<\/p>\n<p style=\"text-align: justify;\">Le titre du film Mammuth fait r\u00e9f\u00e9rence \u00e0 la M\u00fcnch Mammuth, une moto allemande cr\u00e9\u00e9e dans les ann\u00e9es 60 par un inventeur allemand qui a d\u00e9cid\u00e9 de placer un moteur de voiture et de le mettre dans un cadre de moto. Derri\u00e8re son aspect \u00ab\u00a0ob\u00e8se\u00a0\u00bb, la M\u00fcnch Mammuth fait partie des motos les plus puissantes du monde. Beno\u00eet Del\u00e9pine confie: \u00ab\u00a0Quand j&rsquo;\u00e9tais petit, \u00e0 la campagne, la moto repr\u00e9sentait vraiment pour moi une forme de lib\u00e9ration\u00a0\u00bb.<\/p>\n<p style=\"text-align: justify;\"><em>La Croix\u00a0:   Beno\u00eet Del\u00e9pine et Gustave Kervern signent un grand film (&#8230;) G\u00e9rard Depardieu interpr\u00e8te admirablement la m\u00e9lancolie de son personnage, avec une impressionnante justesse de jeu.<\/em><\/p>\n<p style=\"text-align: justify;\"><em>Le Canard Encha\u00een\u00e9\u00a0: S\u2019il tourne parfois \u00e0 l\u2019enquillage de sketches, ce film a cette qualit\u00e9 rare, d\u2019\u00eatre terriblement vivant.<\/em><\/p>\n<p style=\"text-align: justify;\">\n<figure id=\"attachment_3879\" aria-describedby=\"caption-attachment-3879\" style=\"width: 250px\" class=\"wp-caption alignright\"><img data-recalc-dims=\"1\" loading=\"lazy\" decoding=\"async\" class=\"size-full wp-image-3879\" title=\"Robin des Bois - Cin\u00e9 Monclar (82)\" src=\"https:\/\/i0.wp.com\/www.o-p-i.fr\/parlonsen\/wp-content\/uploads\/robin_des_bois.jpg?resize=250%2C200&#038;ssl=1\" alt=\"Robin des Bois - Cin\u00e9 Monclar (82)\" width=\"250\" height=\"200\" \/><figcaption id=\"caption-attachment-3879\" class=\"wp-caption-text\">Robin des Bois - Cin\u00e9 Monclar (82)<\/figcaption><\/figure>\n<ul>\n<li><strong>Robin des Bois<\/strong><\/li>\n<\/ul>\n<p><strong> <span style=\"color: #ff6600;\">Mardi 29 \u00e0 21h<\/span><\/strong><br \/>\nR\u00e9alis\u00e9 par Ridley Scott<br \/>\nAvec Russell Crowe, Cate Blanchett, Max von Sydow,<br \/>\nLong-m\u00e9trage britannique, am\u00e9ricain<br \/>\nGenre : Aventure<br \/>\nDur\u00e9e : 02h20min<\/p>\n<p style=\"text-align: justify;\">Dans un pays affaibli par des d\u00e9cennies de guerre, aux prises avec l\u2019inaptitude \u00e0 gouverner du nouveau monarque et vuln\u00e9rable aux menaces ext\u00e9rieures comme aux troubles internes, Robin et ses hommes sont entra\u00een\u00e9s dans une aventure d\u2019une nouvelle ampleur : le plus improbable des h\u00e9ros et ses alli\u00e9s se lancent \u00e0 la d\u00e9fense de leur peuple menac\u00e9 par une sanglante guerre civile.<\/p>\n<p style=\"text-align: justify;\">Ridley Scott insiste sur sa volont\u00e9 d\u2019ancrer l\u2019histoire de Robin des Bois dans un contexte historique sp\u00e9cifique, et d&rsquo;en finir avec l&rsquo;image st\u00e9r\u00e9otyp\u00e9e que les gens se font de ce personnage. Il a donc situ\u00e9 l&rsquo;intrigue du film au sein d&rsquo;une \u00e9poque particuli\u00e8rement d\u00e9licate pour l&rsquo;Angleterre, celle du financement des croisades d\u2019Henri II et de Richard C\u0153ur de Lion. Il s&rsquo;agit d&rsquo;une p\u00e9riode de crise pour ce pays, tant d&rsquo;un point de vue \u00e9conomique que politique.<\/p>\n<p style=\"text-align: justify;\"><em>Premi\u00e8re\u00a0: Au final, il y a une bonne et une bonne nouvelle. On commence par la bonne ? Scott a le bon go\u00fbt de ne jamais b\u00e9gayer son p\u00e9plum oscaris\u00e9. L\u2019autre, c\u2019est que Robin des Bois se pose tr\u00e8s vite comme le haut du carquois de la production estivale US et comme ce que le r\u00e9alisateur a fait de mieux depuis La Chute du Faucon Noir.<\/em><\/p>\n<\/blockquote>\n<p><em>Communiqu\u00e9 de <a title=\"En savoir +\" href=\"https:\/\/www.o-p-i.fr\/aupays\/annuaire\/loisirs\/cine-monclar\/\"><em>Cin\u00e9 Monclar<\/em><\/a><\/em><\/p>\n","protected":false},"excerpt":{"rendered":"<div class=\"mh-excerpt\">A vos agendas ! Voil\u00e0 le programme de Cin\u00e9 Monclar pour le mois de Juin !<\/div>\n","protected":false},"author":2,"featured_media":0,"comment_status":"open","ping_status":"open","sticky":false,"template":"","format":"standard","meta":{"om_disable_all_campaigns":false,"advanced_seo_description":"","jetpack_seo_html_title":"","jetpack_seo_noindex":false,"_jetpack_memberships_contains_paid_content":false,"footnotes":"","_links_to":"","_links_to_target":""},"categories":[1,16,54,503],"tags":[82,92,143,323],"class_list":{"0":"post-3873","1":"post","2":"type-post","3":"status-publish","4":"format-standard","6":"category-culture","7":"category-monclar","8":"category-loisirs","9":"category-n-49-mai-2010","10":"tag-aines","11":"tag-cine","12":"tag-monclar-de-quercy","13":"tag-enfant"},"jetpack_featured_media_url":"","views":{"total":0,"cached_at":"","cached_date":1738514276},"jetpack_likes_enabled":true,"jetpack_sharing_enabled":true,"jetpack_shortlink":"https:\/\/wp.me\/pg7Wxj-10t","jetpack-related-posts":[],"_links":{"self":[{"href":"https:\/\/www.o-p-i.fr\/parlonsen\/wp-json\/wp\/v2\/posts\/3873","targetHints":{"allow":["GET"]}}],"collection":[{"href":"https:\/\/www.o-p-i.fr\/parlonsen\/wp-json\/wp\/v2\/posts"}],"about":[{"href":"https:\/\/www.o-p-i.fr\/parlonsen\/wp-json\/wp\/v2\/types\/post"}],"author":[{"embeddable":true,"href":"https:\/\/www.o-p-i.fr\/parlonsen\/wp-json\/wp\/v2\/users\/2"}],"replies":[{"embeddable":true,"href":"https:\/\/www.o-p-i.fr\/parlonsen\/wp-json\/wp\/v2\/comments?post=3873"}],"version-history":[{"count":0,"href":"https:\/\/www.o-p-i.fr\/parlonsen\/wp-json\/wp\/v2\/posts\/3873\/revisions"}],"wp:attachment":[{"href":"https:\/\/www.o-p-i.fr\/parlonsen\/wp-json\/wp\/v2\/media?parent=3873"}],"wp:term":[{"taxonomy":"category","embeddable":true,"href":"https:\/\/www.o-p-i.fr\/parlonsen\/wp-json\/wp\/v2\/categories?post=3873"},{"taxonomy":"post_tag","embeddable":true,"href":"https:\/\/www.o-p-i.fr\/parlonsen\/wp-json\/wp\/v2\/tags?post=3873"}],"curies":[{"name":"wp","href":"https:\/\/api.w.org\/{rel}","templated":true}]}}