{"id":389,"date":"2009-09-08T16:14:59","date_gmt":"2009-09-08T14:14:59","guid":{"rendered":"\/parlonsen\/?p=389"},"modified":"2009-09-17T12:28:43","modified_gmt":"2009-09-17T10:28:43","slug":"a-tous-les-producteurs-fermiers-et-artisans-des-metiers-de-bouche-du-canton-de-salvagnac","status":"publish","type":"post","link":"https:\/\/www.o-p-i.fr\/parlonsen\/parlons-en\/agriculture\/a-tous-les-producteurs-fermiers-et-artisans-des-metiers-de-bouche-du-canton-de-salvagnac\/","title":{"rendered":"A tous les producteurs fermiers et artisans des m\u00e9tiers de bouche du canton de Salvagnac"},"content":{"rendered":"<p style=\"margin-bottom: 0cm;\">Un appel d&rsquo;Axelle PATOUREAU :<\/p>\n<p style=\"margin-bottom: 0cm;\">Depuis plusieurs ann\u00e9es, je suis convaincue de l\u2019opportunit\u00e9 que nous aurions tous \u00e0 proposer nos productions de fa\u00e7on group\u00e9e et r\u00e9guli\u00e8re \u00e0 la client\u00e8le locale et \u00e0 celle qui circule tous les jours sur la D999.<\/p>\n<p style=\"margin-bottom: 0cm;\">\n<p style=\"margin-bottom: 0cm;\">\n<p style=\"margin-bottom: 0cm;\"><!--more-->Aujourd\u2019hui, cette id\u00e9e rencontre le soutien de la communaut\u00e9 des communes de notre canton qui nous propose d\u2019accueillir notre \u00ab<strong> march\u00e9 de producteurs <\/strong>\u00bb sur le parking de la<strong> base des Sourigous<\/strong>, dot\u00e9 d\u2019un branchement \u00e9lectrique et d\u2019un point d\u2019eau, qui offre un large espace pour les exposants qui pourront garder leur v\u00e9hicule juste derri\u00e8re leur \u00e9talage et un grand parking pour les clients.<\/p>\n<p style=\"margin-bottom: 0cm;\">\n<p style=\"margin-bottom: 0cm;\">C\u2019est pourquoi, j\u2019y serais et vous tous je l\u2019esp\u00e8re aussi, <strong>\u00e0 partir du vendredi 25 septembre 2009<\/strong> et tous les vendredi <strong>de 16H \u00e0 20H<\/strong> . Il serait malin de me pr\u00e9venir d\u00e8s que vous aurez pris la bonne d\u00e9cision de venir exposer pour que je puisse organiser pour les branchements.<\/p>\n<p style=\"margin-bottom: 0cm;\">\n<p style=\"margin-bottom: 0cm;\">Les seules conditions sont actuellement\u00a0:<\/p>\n<ul>\n<li>Etre du canton de Salvagnac<\/li>\n<\/ul>\n<ul>\n<li>Etre producteur (et non revendeur) fermier ou artisan<\/li>\n<\/ul>\n<p style=\"margin-bottom: 0cm;\">Je me suis rapproch\u00e9e du r\u00e9seau \u00ab\u00a0march\u00e9 de producteurs de pays\u00a0\u00bb, nous verrons s\u2019il convient de faire un jour labelliser ce march\u00e9. Je pense raisonnable d\u2019essayer pendant une ann\u00e9e pour inciter les consommateurs locaux et passant \u00e0 prendre l\u2019habitude de ce nouvel emplacement.<\/p>\n<p style=\"margin-bottom: 0cm;\">En souhaitant que nous soyons nombreux \u00e0 encourager la consommation locale, je vous attends prochainement aux Sourrigous,<\/p>\n<p style=\"margin-bottom: 0cm;\">Amicalement,<\/p>\n<p style=\"margin-bottom: 0cm;\">Axelle Patoureau<\/p>\n<p style=\"margin-bottom: 0cm;\">CLAYRAC 81630 SALVAGNAC<\/p>\n<p style=\"margin-bottom: 0cm;\">TEL\/REP\/FAX 05 63 40 57 19<\/p>\n<p style=\"margin-bottom: 0cm;\">PS\u00a0:\u00a0 merci de diffuser largement cette information \u00e0 tous ceux (producteurs ou consommateurs) que ce march\u00e9 pourrait concerner.<\/p>\n","protected":false},"excerpt":{"rendered":"<div class=\"mh-excerpt\">Un appel d&rsquo;Axelle PATOUREAU : Depuis plusieurs ann\u00e9es, je suis convaincue de l\u2019opportunit\u00e9 que nous aurions tous \u00e0 proposer nos productions de fa\u00e7on group\u00e9e et r\u00e9guli\u00e8re \u00e0 la client\u00e8le locale et \u00e0 celle qui circule <a class=\"mh-excerpt-more\" href=\"https:\/\/www.o-p-i.fr\/parlonsen\/parlons-en\/agriculture\/a-tous-les-producteurs-fermiers-et-artisans-des-metiers-de-bouche-du-canton-de-salvagnac\/\" title=\"A tous les producteurs fermiers et artisans des m\u00e9tiers de bouche du canton de Salvagnac\">[&#8230;]<\/a><\/div>\n","protected":false},"author":3,"featured_media":0,"comment_status":"open","ping_status":"open","sticky":false,"template":"","format":"standard","meta":{"om_disable_all_campaigns":false,"advanced_seo_description":"","jetpack_seo_html_title":"","jetpack_seo_noindex":false,"_jetpack_memberships_contains_paid_content":false,"footnotes":"","_links_to":"","_links_to_target":""},"categories":[3,4,6,25,9],"tags":[],"class_list":{"0":"post-389","1":"post","2":"type-post","3":"status-publish","4":"format-standard","6":"category-agriculture","7":"category-commerce","8":"category-pratique","9":"category-salvagnac","10":"category-n_42"},"jetpack_featured_media_url":"","views":{"total":0,"cached_at":"","cached_date":1738516885},"jetpack_likes_enabled":true,"jetpack_sharing_enabled":true,"jetpack_shortlink":"https:\/\/wp.me\/pg7Wxj-6h","jetpack-related-posts":[],"_links":{"self":[{"href":"https:\/\/www.o-p-i.fr\/parlonsen\/wp-json\/wp\/v2\/posts\/389","targetHints":{"allow":["GET"]}}],"collection":[{"href":"https:\/\/www.o-p-i.fr\/parlonsen\/wp-json\/wp\/v2\/posts"}],"about":[{"href":"https:\/\/www.o-p-i.fr\/parlonsen\/wp-json\/wp\/v2\/types\/post"}],"author":[{"embeddable":true,"href":"https:\/\/www.o-p-i.fr\/parlonsen\/wp-json\/wp\/v2\/users\/3"}],"replies":[{"embeddable":true,"href":"https:\/\/www.o-p-i.fr\/parlonsen\/wp-json\/wp\/v2\/comments?post=389"}],"version-history":[{"count":0,"href":"https:\/\/www.o-p-i.fr\/parlonsen\/wp-json\/wp\/v2\/posts\/389\/revisions"}],"wp:attachment":[{"href":"https:\/\/www.o-p-i.fr\/parlonsen\/wp-json\/wp\/v2\/media?parent=389"}],"wp:term":[{"taxonomy":"category","embeddable":true,"href":"https:\/\/www.o-p-i.fr\/parlonsen\/wp-json\/wp\/v2\/categories?post=389"},{"taxonomy":"post_tag","embeddable":true,"href":"https:\/\/www.o-p-i.fr\/parlonsen\/wp-json\/wp\/v2\/tags?post=389"}],"curies":[{"name":"wp","href":"https:\/\/api.w.org\/{rel}","templated":true}]}}