{"id":3910,"date":"2010-05-25T12:06:00","date_gmt":"2010-05-25T10:06:00","guid":{"rendered":"\/parlonsen\/?p=3910"},"modified":"2010-05-28T13:28:00","modified_gmt":"2010-05-28T11:28:00","slug":"spectacle-equestre-dansant-a-monclar-de-quercy","status":"publish","type":"post","link":"https:\/\/www.o-p-i.fr\/parlonsen\/localisation\/au-pays-des-tescous\/monclar\/spectacle-equestre-dansant-a-monclar-de-quercy\/","title":{"rendered":"Spectacle \u00e9questre dansant &#8230; \u00e0 Monclar de Quercy"},"content":{"rendered":"<p style=\"text-align: justify;\">Le <strong><span style=\"color: #ff00ff;\">Samedi 29 mai 2010<\/span> <\/strong>\u00e0 partir de 19 heures, <span style=\"color: #ff00ff;\"><strong>spectacle \u00e9questre dansant sur le th\u00e8me \u00ab\u00a0Ancien temps\u00a0\u00bb<\/strong><\/span> sur la carri\u00e8re, esplanade des Lacs. <!--more--><\/p>\n<p style=\"text-align: justify;\">\n<figure id=\"attachment_3916\" aria-describedby=\"caption-attachment-3916\" style=\"width: 400px\" class=\"wp-caption alignleft\"><img data-recalc-dims=\"1\" loading=\"lazy\" decoding=\"async\" class=\"size-full wp-image-3916\" title=\"Photo : Sandra Bidault\" src=\"https:\/\/i0.wp.com\/www.o-p-i.fr\/parlonsen\/wp-content\/uploads\/sandra_spectacle.jpg?resize=400%2C302&#038;ssl=1\" alt=\"Photo : Sandra Bidault\" width=\"400\" height=\"302\" srcset=\"https:\/\/i0.wp.com\/www.o-p-i.fr\/parlonsen\/wp-content\/uploads\/sandra_spectacle.jpg?w=400&amp;ssl=1 400w, https:\/\/i0.wp.com\/www.o-p-i.fr\/parlonsen\/wp-content\/uploads\/sandra_spectacle.jpg?resize=300%2C226&amp;ssl=1 300w\" sizes=\"auto, (max-width: 400px) 100vw, 400px\" \/><figcaption id=\"caption-attachment-3916\" class=\"wp-caption-text\">Photo : Sandra Bidault<\/figcaption><\/figure>\n<p style=\"text-align: justify;\">C&rsquo;est un spectacle o\u00f9 vous trouverez des cavaliers voltigeurs, des  dresseurs de chevaux, des carousselles avec des chevaux de trait, et  sans oublier des danseuses sans chevaux qui seront la tout le long du  spectacle.<\/p>\n<p style=\"text-align: justify;\">Avec la participation de l&rsquo;\u00e9cole de danse Maryline\u00a0 de Montauban.<\/p>\n<p style=\"text-align: justify;\"><span style=\"color: #ff00ff;\"><strong>Tarif :<\/strong><\/span><br \/>\nEntr\u00e9e : 5 euros<\/p>\n<p style=\"text-align: justify;\">Buvette et restauration sur place<\/p>\n<p style=\"text-align: justify;\"><span style=\"color: #ff00ff;\"><strong>Dur\u00e9e du spectacle :<\/strong> <\/span>2h<\/p>\n<p style=\"text-align: justify;\"><span style=\"color: #ff00ff;\"><strong>Contact : Sandra BIDAULT<\/strong><br \/>\nT\u00e9l. : 06 76 48 51 51<\/span><\/p>\n","protected":false},"excerpt":{"rendered":"<div class=\"mh-excerpt\">Le Samedi 29 mai 2010 \u00e0 partir de 19 heures, spectacle \u00e9questre dansant sur le th\u00e8me \u00ab\u00a0Ancien temps\u00a0\u00bb sur la carri\u00e8re, esplanade des Lacs.<\/div>\n","protected":false},"author":2,"featured_media":0,"comment_status":"open","ping_status":"open","sticky":false,"template":"","format":"standard","meta":{"om_disable_all_campaigns":false,"advanced_seo_description":"","jetpack_seo_html_title":"","jetpack_seo_noindex":false,"_jetpack_memberships_contains_paid_content":false,"footnotes":"","_links_to":"","_links_to_target":""},"categories":[16,54,503],"tags":[82,84,132,143,323,555],"class_list":{"0":"post-3910","1":"post","2":"type-post","3":"status-publish","4":"format-standard","6":"category-monclar","7":"category-loisirs","8":"category-n-49-mai-2010","9":"tag-aines","10":"tag-danse","11":"tag-spectacle","12":"tag-monclar-de-quercy","13":"tag-enfant","14":"tag-equestre"},"jetpack_featured_media_url":"","views":{"total":0,"cached_at":"","cached_date":1738514100},"jetpack_likes_enabled":true,"jetpack_sharing_enabled":true,"jetpack_shortlink":"https:\/\/wp.me\/pg7Wxj-114","jetpack-related-posts":[],"_links":{"self":[{"href":"https:\/\/www.o-p-i.fr\/parlonsen\/wp-json\/wp\/v2\/posts\/3910","targetHints":{"allow":["GET"]}}],"collection":[{"href":"https:\/\/www.o-p-i.fr\/parlonsen\/wp-json\/wp\/v2\/posts"}],"about":[{"href":"https:\/\/www.o-p-i.fr\/parlonsen\/wp-json\/wp\/v2\/types\/post"}],"author":[{"embeddable":true,"href":"https:\/\/www.o-p-i.fr\/parlonsen\/wp-json\/wp\/v2\/users\/2"}],"replies":[{"embeddable":true,"href":"https:\/\/www.o-p-i.fr\/parlonsen\/wp-json\/wp\/v2\/comments?post=3910"}],"version-history":[{"count":0,"href":"https:\/\/www.o-p-i.fr\/parlonsen\/wp-json\/wp\/v2\/posts\/3910\/revisions"}],"wp:attachment":[{"href":"https:\/\/www.o-p-i.fr\/parlonsen\/wp-json\/wp\/v2\/media?parent=3910"}],"wp:term":[{"taxonomy":"category","embeddable":true,"href":"https:\/\/www.o-p-i.fr\/parlonsen\/wp-json\/wp\/v2\/categories?post=3910"},{"taxonomy":"post_tag","embeddable":true,"href":"https:\/\/www.o-p-i.fr\/parlonsen\/wp-json\/wp\/v2\/tags?post=3910"}],"curies":[{"name":"wp","href":"https:\/\/api.w.org\/{rel}","templated":true}]}}