{"id":3914,"date":"2010-05-25T12:16:31","date_gmt":"2010-05-25T10:16:31","guid":{"rendered":"\/parlonsen\/?p=3914"},"modified":"2010-05-25T12:16:31","modified_gmt":"2010-05-25T10:16:31","slug":"danse-africaine-a-lavaur","status":"publish","type":"post","link":"https:\/\/www.o-p-i.fr\/parlonsen\/localisation\/a-cote-de-chez-nous\/danse-africaine-a-lavaur\/","title":{"rendered":"Danse Africaine &#8230; \u00e0 Lavaur"},"content":{"rendered":"<p style=\"text-align: justify;\">L&rsquo;<span style=\"color: #ff6600;\"><strong>association Ebenbao<\/strong><\/span> vous invite \u00e0 partager une <span style=\"color: #ff6600;\"><strong>soir\u00e9e de danse<\/strong><\/span>, <span style=\"color: #ff6600;\"><strong>vendredi 25 juin<\/strong><\/span> \u00e0 20 h 30 \u00e0 la Halle ronde \u00e0 <span style=\"color: #ff6600;\"><strong>Lavaur<\/strong><\/span>.<!--more--><\/p>\n<p style=\"text-align: justify;\">\n<div class=\"mceTemp\" style=\"text-align: justify;\">\n<dl id=\"attachment_3915\" class=\"wp-caption alignleft\" style=\"width: 410px;\">\n<dt class=\"wp-caption-dt\"><img data-recalc-dims=\"1\" loading=\"lazy\" decoding=\"async\" class=\"size-full wp-image-3915\" title=\"Lavaur (81)\" src=\"https:\/\/i0.wp.com\/www.o-p-i.fr\/parlonsen\/wp-content\/uploads\/fly_ebenbao.jpg?resize=400%2C569&#038;ssl=1\" alt=\"Lavaur (81)\" width=\"400\" height=\"569\" srcset=\"https:\/\/i0.wp.com\/www.o-p-i.fr\/parlonsen\/wp-content\/uploads\/fly_ebenbao.jpg?w=400&amp;ssl=1 400w, https:\/\/i0.wp.com\/www.o-p-i.fr\/parlonsen\/wp-content\/uploads\/fly_ebenbao.jpg?resize=210%2C300&amp;ssl=1 210w\" sizes=\"auto, (max-width: 400px) 100vw, 400px\" \/><\/dt>\n<dd class=\"wp-caption-dd\">Lavaur (81)<\/dd>\n<\/dl>\n<\/div>\n<p style=\"text-align: justify;\">Les danseuses pr\u00e9senteront les chor\u00e9graphies apprises dans l&rsquo;ann\u00e9e, sur les trois cours, suivies par une d\u00e9monstration des artistes enseignants, <span style=\"color: #ff6600;\"><strong>Y\u00e9kini<\/strong><\/span> et <span style=\"color: #ff6600;\"><strong>Karine Barrera<\/strong><\/span>, avec pour terminer une invitation \u00e0 danser tous ensemble.<\/p>\n<p style=\"text-align: justify;\">\n<p style=\"text-align: justify;\">Un moment \u00e0 partager avant d&rsquo;aborder la tr\u00eave estivale.<\/p>\n<p style=\"text-align: justify;\">Entr\u00e9e Libre<\/p>\n<p style=\"text-align: justify;\"><span style=\"color: #ff6600;\"><strong>Contacts :<\/strong><\/span><span style=\"color: #ff6600;\"><strong><\/strong><\/span><\/p>\n<p style=\"text-align: justify;\"><span style=\"color: #ff6600;\"><strong>Association Ebenbao<\/strong><\/span><br \/>\nChantal Dimier<br \/>\nT\u00e9l. : 06 88 80 00 31<br \/>\nSite : <a title=\"Ouvre le site dans une nouvelle fen\u00eatre\" href=\"http:\/\/ebenbao.blogspot.com\" target=\"_blank\">ebenbao.blogspot.com<\/a><\/p>\n<p style=\"text-align: justify;\">\n<span style=\"color: #ff6600;\"><strong>Association <a href=\"https:\/\/www.o-p-i.fr\/aupays\/annuaire\/loisirs\/association-sanke-danse\/\">Sank\u00e9, danse !<\/a><\/strong><\/span><br \/>\n23 route de Montauban<br \/>\n82230 Monclar de Quercy<\/p>\n<p style=\"text-align: justify;\">Courriel : <a href=\"mailto:sankedanse@gmail.com\">sankedanse@gmail.com<\/a><\/p>\n<p style=\"text-align: justify;\"><em>Communiqu\u00e9 de l&rsquo;<a title=\"En savoir +\" href=\"https:\/\/www.o-p-i.fr\/aupays\/annuaire\/loisirs\/association-sanke-danse\/\">Association Sank\u00e9, danse !<\/a><\/em><\/p>\n","protected":false},"excerpt":{"rendered":"<div class=\"mh-excerpt\">L&rsquo;association Ebenbao vous invite \u00e0 partager une soir\u00e9e de danse, vendredi 25 juin \u00e0 20 h 30 \u00e0 la Halle ronde \u00e0 Lavaur.<\/div>\n","protected":false},"author":2,"featured_media":0,"comment_status":"open","ping_status":"open","sticky":false,"template":"","format":"standard","meta":{"om_disable_all_campaigns":false,"advanced_seo_description":"","jetpack_seo_html_title":"","jetpack_seo_noindex":false,"_jetpack_memberships_contains_paid_content":false,"footnotes":"","_links_to":"","_links_to_target":""},"categories":[42],"tags":[82,84,132,239,323,437],"class_list":{"0":"post-3914","1":"post","2":"type-post","3":"status-publish","4":"format-standard","6":"category-a-cote-de-chez-nous","7":"tag-aines","8":"tag-danse","9":"tag-spectacle","10":"tag-lavaur","11":"tag-enfant","12":"tag-culture-africaine"},"jetpack_featured_media_url":"","views":{"total":0,"cached_at":"","cached_date":1738514086},"jetpack_likes_enabled":true,"jetpack_sharing_enabled":true,"jetpack_shortlink":"https:\/\/wp.me\/pg7Wxj-118","jetpack-related-posts":[],"_links":{"self":[{"href":"https:\/\/www.o-p-i.fr\/parlonsen\/wp-json\/wp\/v2\/posts\/3914","targetHints":{"allow":["GET"]}}],"collection":[{"href":"https:\/\/www.o-p-i.fr\/parlonsen\/wp-json\/wp\/v2\/posts"}],"about":[{"href":"https:\/\/www.o-p-i.fr\/parlonsen\/wp-json\/wp\/v2\/types\/post"}],"author":[{"embeddable":true,"href":"https:\/\/www.o-p-i.fr\/parlonsen\/wp-json\/wp\/v2\/users\/2"}],"replies":[{"embeddable":true,"href":"https:\/\/www.o-p-i.fr\/parlonsen\/wp-json\/wp\/v2\/comments?post=3914"}],"version-history":[{"count":0,"href":"https:\/\/www.o-p-i.fr\/parlonsen\/wp-json\/wp\/v2\/posts\/3914\/revisions"}],"wp:attachment":[{"href":"https:\/\/www.o-p-i.fr\/parlonsen\/wp-json\/wp\/v2\/media?parent=3914"}],"wp:term":[{"taxonomy":"category","embeddable":true,"href":"https:\/\/www.o-p-i.fr\/parlonsen\/wp-json\/wp\/v2\/categories?post=3914"},{"taxonomy":"post_tag","embeddable":true,"href":"https:\/\/www.o-p-i.fr\/parlonsen\/wp-json\/wp\/v2\/tags?post=3914"}],"curies":[{"name":"wp","href":"https:\/\/api.w.org\/{rel}","templated":true}]}}