{"id":3949,"date":"2010-05-26T19:26:22","date_gmt":"2010-05-26T17:26:22","guid":{"rendered":"\/parlonsen\/?p=3949"},"modified":"2010-05-26T19:37:03","modified_gmt":"2010-05-26T17:37:03","slug":"cinema-de-villemur-sur-tarn-juin-2010","status":"publish","type":"post","link":"https:\/\/www.o-p-i.fr\/parlonsen\/parlons-en\/culture\/cinema-de-villemur-sur-tarn-juin-2010\/","title":{"rendered":"Cin\u00e9ma de Villemur sur Tarn &#8230; Juin 2010."},"content":{"rendered":"<p style=\"text-align: justify;\">Vous trouverez ci-dessous la <span style=\"color: #3366ff;\"><strong>programmation de Juin 2010<\/strong><\/span> pour le <span style=\"color: #3366ff;\"><strong>cin\u00e9ma des Greniers du Roy de Villemur sur Tarn<\/strong><\/span> ! <!--more--><\/p>\n<p style=\"text-align: justify;\"><strong><\/strong><\/p>\n<figure id=\"attachment_3950\" aria-describedby=\"caption-attachment-3950\" style=\"width: 250px\" class=\"wp-caption alignleft\"><strong><strong><img data-recalc-dims=\"1\" loading=\"lazy\" decoding=\"async\" class=\"size-full wp-image-3950\" title=\"Camping 2 - Villemur sur Tarn (31)\" src=\"https:\/\/i0.wp.com\/www.o-p-i.fr\/parlonsen\/wp-content\/uploads\/camping21.jpg?resize=250%2C314&#038;ssl=1\" alt=\"Camping 2 - Villemur sur Tarn (31)\" width=\"250\" height=\"314\" srcset=\"https:\/\/i0.wp.com\/www.o-p-i.fr\/parlonsen\/wp-content\/uploads\/camping21.jpg?w=250&amp;ssl=1 250w, https:\/\/i0.wp.com\/www.o-p-i.fr\/parlonsen\/wp-content\/uploads\/camping21.jpg?resize=238%2C300&amp;ssl=1 238w\" sizes=\"auto, (max-width: 250px) 100vw, 250px\" \/><\/strong><\/strong><figcaption id=\"caption-attachment-3950\" class=\"wp-caption-text\">Camping 2 - Villemur sur Tarn (31)<\/figcaption><\/figure>\n<p><strong>Cin\u00e9ma Tout Public<\/strong><br \/>\n<span style=\"color: #003366;\"><strong>Camping 2<\/strong><\/span><\/p>\n<p style=\"text-align: justify;\"><span style=\"color: #3366ff;\"><strong>le Jeudi 03 Juin \u00e0 20h45<\/strong><\/span><br \/>\nDe Fabien Onteniente- France 2009<br \/>\nAvec : Franck Dubosc, R. Anconina, M. Seigner<br \/>\nDur\u00e9\u00e9 : 1h39<\/p>\n<p style=\"text-align: justify;\">Arcachon. Mois d\u2019ao\u00fbt. Jean-Pierre Savelli, employ\u00e9 aux Mutuelles d\u2019Assurances de Clermont-Ferrand, apprend que Val\u00e9rie, sa fianc\u00e9e, veut faire un break. Pour se ressourcer et retrouver calme et s\u00e9r\u00e9nit\u00e9, il d\u00e9cide de changer de destination de vacances&#8230; Il atterrit au Camping des Flots Bleus et tombe sur Patrick Chirac et sa bande de campeurs irr\u00e9ductibles. Les vacances peuvent commencer ! Ap\u00e9ro !<\/p>\n<p style=\"text-align: justify;\"><span style=\"color: #000000;\"><strong><\/strong><\/span><\/p>\n<figure id=\"attachment_3951\" aria-describedby=\"caption-attachment-3951\" style=\"width: 250px\" class=\"wp-caption alignright\"><strong><strong><img data-recalc-dims=\"1\" loading=\"lazy\" decoding=\"async\" class=\"size-full wp-image-3951\" title=\"Green Zone - Villemur sur Tarn (31)\" src=\"https:\/\/i0.wp.com\/www.o-p-i.fr\/parlonsen\/wp-content\/uploads\/green_zone1.jpg?resize=250%2C313&#038;ssl=1\" alt=\"Green Zone - Villemur sur Tarn (31)\" width=\"250\" height=\"313\" srcset=\"https:\/\/i0.wp.com\/www.o-p-i.fr\/parlonsen\/wp-content\/uploads\/green_zone1.jpg?w=250&amp;ssl=1 250w, https:\/\/i0.wp.com\/www.o-p-i.fr\/parlonsen\/wp-content\/uploads\/green_zone1.jpg?resize=239%2C300&amp;ssl=1 239w\" sizes=\"auto, (max-width: 250px) 100vw, 250px\" \/><\/strong><\/strong><figcaption id=\"caption-attachment-3951\" class=\"wp-caption-text\">Green Zone - Villemur sur Tarn (31)<\/figcaption><\/figure>\n<p><strong>Cin\u00e9ma Tout Public<\/strong><br \/>\n<span style=\"color: #003366;\"><strong>Green Zone<\/strong><\/span><\/p>\n<p style=\"text-align: justify;\"><span style=\"color: #3366ff;\"><strong>le Jeudi 10 Juin \u00e0 20h45<\/strong><\/span><br \/>\nDe Paul Greengrass &#8211; Etats-Unis 2010<br \/>\nAvec : Matt Damon, Amy Ryan, Greg Kinnear<br \/>\nDur\u00e9e : 1h55<\/p>\n<p style=\"text-align: justify;\">Pendant l&rsquo;occupation am\u00e9ricaine de Bagdad en 2003, l&rsquo;adjudant-chef Roy Miller et ses hommes ont pour mission de trouver des armes de destruction massive cens\u00e9es \u00eatre stock\u00e9es dans le d\u00e9sert iraquien. Ballot\u00e9s d&rsquo;un site pi\u00e9g\u00e9 \u00e0 un autre, les militaires d\u00e9couvrent rapidement une importante machination qui modifie le but de leur mission\u2026 L&rsquo;histoire tourne autour des agissements am\u00e9ricains en Irak et de la fa\u00e7on dont le gouvernement provisoire, organis\u00e9 par l&rsquo;administration Bush, s&rsquo;est constitu\u00e9 d&rsquo;amis loyaux du Pr\u00e9sident plut\u00f4t que de personnalit\u00e9s efficaces et capables.<\/p>\n<p style=\"text-align: justify;\"><strong><\/strong><\/p>\n<figure id=\"attachment_3952\" aria-describedby=\"caption-attachment-3952\" style=\"width: 250px\" class=\"wp-caption alignleft\"><strong><strong><img data-recalc-dims=\"1\" loading=\"lazy\" decoding=\"async\" class=\"size-full wp-image-3952\" title=\"Le Criquet - Villemur sur Tarn (31)\" src=\"https:\/\/i0.wp.com\/www.o-p-i.fr\/parlonsen\/wp-content\/uploads\/le_criquet.jpg?resize=250%2C314&#038;ssl=1\" alt=\"Le Criquet - Villemur sur Tarn (31)\" width=\"250\" height=\"314\" srcset=\"https:\/\/i0.wp.com\/www.o-p-i.fr\/parlonsen\/wp-content\/uploads\/le_criquet.jpg?w=250&amp;ssl=1 250w, https:\/\/i0.wp.com\/www.o-p-i.fr\/parlonsen\/wp-content\/uploads\/le_criquet.jpg?resize=238%2C300&amp;ssl=1 238w\" sizes=\"auto, (max-width: 250px) 100vw, 250px\" \/><\/strong><\/strong><figcaption id=\"caption-attachment-3952\" class=\"wp-caption-text\">Le Criquet - Villemur sur Tarn (31)<\/figcaption><\/figure>\n<p><strong>Cin\u00e9ma (tr\u00e8s) Jeune Public<\/strong><br \/>\n<span style=\"color: #000080;\"><strong>Le Criquet<\/strong><\/span><\/p>\n<p style=\"text-align: justify;\"><span style=\"color: #3366ff;\"><strong>le Mercredi 16 Juin \u00e0 15h00<\/strong><\/span><br \/>\nDe Zdenek Miller &#8211; Moyen-m\u00e9trage tch\u00e8que &#8211;<br \/>\nFilm d\u2019animation de 1978<br \/>\nDur\u00e9e : 0h40<\/p>\n<p style=\"text-align: justify;\">Les aventures du petit criquet qui, muni de son violon, croise la route de diff\u00e9rents animaux de la for\u00eat.<br \/>\nLes films d\u2019animation de Zdenek Miler sont destin\u00e9s \u00e0 un (tr\u00e8s) jeune public, avec une vis\u00e9e p\u00e9dagogique.<br \/>\n<em>Film choisi par le Conseil Municipal Enfants de Villemur \/ Tarn.<\/em><\/p>\n<p style=\"text-align: justify;\"><strong><\/strong><\/p>\n<figure id=\"attachment_3953\" aria-describedby=\"caption-attachment-3953\" style=\"width: 250px\" class=\"wp-caption alignright\"><strong><strong><img data-recalc-dims=\"1\" loading=\"lazy\" decoding=\"async\" class=\"size-full wp-image-3953\" title=\"Prince of Persia - Villemur sur Tarn (31)\" src=\"https:\/\/i0.wp.com\/www.o-p-i.fr\/parlonsen\/wp-content\/uploads\/prince_of_persia.jpg?resize=250%2C314&#038;ssl=1\" alt=\"Prince of Persia - Villemur sur Tarn (31)\" width=\"250\" height=\"314\" srcset=\"https:\/\/i0.wp.com\/www.o-p-i.fr\/parlonsen\/wp-content\/uploads\/prince_of_persia.jpg?w=250&amp;ssl=1 250w, https:\/\/i0.wp.com\/www.o-p-i.fr\/parlonsen\/wp-content\/uploads\/prince_of_persia.jpg?resize=238%2C300&amp;ssl=1 238w\" sizes=\"auto, (max-width: 250px) 100vw, 250px\" \/><\/strong><\/strong><figcaption id=\"caption-attachment-3953\" class=\"wp-caption-text\">Prince of Persia - Villemur sur Tarn (31)<\/figcaption><\/figure>\n<p><strong>Cin\u00e9ma Tout Public<\/strong><br \/>\n<span style=\"color: #000080;\"><strong>Prince of Persia<\/strong><\/span><\/p>\n<p style=\"text-align: justify;\"><span style=\"color: #3366ff;\"><strong>le Jeudi 17 Juin \u00e0 20h45<\/strong><\/span><br \/>\nDe Mike Newell- Etats-Unis 2010<br \/>\nAvec: J. Gyllenhall, G. Arteton, B. Kingsley<br \/>\nDur\u00e9e : 2h06<\/p>\n<p style=\"text-align: justify;\">Un prince rebelle est contraint d&rsquo;unir ses forces avec une myst\u00e9rieuse princesse pour affronter ensemble les forces du mal et prot\u00e9ger une dague antique capable de lib\u00e9rer les Sables du temps, un don de dieu qui peut inverser le cours du temps et permettre \u00e0 son possesseur de r\u00e9gner en ma\u00eetre absolu sur le monde.<\/p>\n<p style=\"text-align: justify;\"><strong><\/strong><\/p>\n<figure id=\"attachment_3954\" aria-describedby=\"caption-attachment-3954\" style=\"width: 250px\" class=\"wp-caption alignleft\"><strong><strong><img data-recalc-dims=\"1\" loading=\"lazy\" decoding=\"async\" class=\"size-full wp-image-3954\" title=\"Life During Wartime - Villemur sur Tarn (31)\" src=\"https:\/\/i0.wp.com\/www.o-p-i.fr\/parlonsen\/wp-content\/uploads\/life_during_wartime.jpg?resize=250%2C313&#038;ssl=1\" alt=\"Life During Wartime - Villemur sur Tarn (31)\" width=\"250\" height=\"313\" srcset=\"https:\/\/i0.wp.com\/www.o-p-i.fr\/parlonsen\/wp-content\/uploads\/life_during_wartime.jpg?w=250&amp;ssl=1 250w, https:\/\/i0.wp.com\/www.o-p-i.fr\/parlonsen\/wp-content\/uploads\/life_during_wartime.jpg?resize=239%2C300&amp;ssl=1 239w\" sizes=\"auto, (max-width: 250px) 100vw, 250px\" \/><\/strong><\/strong><figcaption id=\"caption-attachment-3954\" class=\"wp-caption-text\">Life During Wartime - Villemur sur Tarn (31)<\/figcaption><\/figure>\n<p><strong>Cin\u00e9ma d\u2019Auteur \/ Art et Essais<\/strong><br \/>\n<span style=\"color: #000080;\"><strong>Life During Wartime (V.O)<\/strong><\/span><\/p>\n<p style=\"text-align: justify;\"><span style=\"color: #3366ff;\"><strong>le Dimanche 20 Juin \u00e0 15h30<\/strong><\/span><br \/>\nDe Todd Henderson &#8211; Etats-Unis 2008<br \/>\nAvec: S. Henderson, C. Hinds, A. Janney<br \/>\nDur\u00e9e : 1h38<\/p>\n<p style=\"text-align: justify;\">10 ans ont pass\u00e9 apr\u00e8s les \u00e9preuves qu&rsquo;a travers\u00e9es la famille Jordan. Joy, qui d\u00e9couvre que son mari Allen n&rsquo;est pas encore gu\u00e9ri de ses probl\u00e8mes d&rsquo;addiction, aimerait trouver du r\u00e9confort aupr\u00e8s de sa m\u00e8re et de ses s\u0153urs Trish et Helen. Mais celles-ci ont leurs propres probl\u00e8mes. Trish, dont le mari a \u00e9t\u00e9 arr\u00eat\u00e9 pour p\u00e9dophilie, tente de retrouver l&rsquo;amour dans les bras de Harvey, un homme m\u00fbr et divorc\u00e9. Helen, elle, n&rsquo;est pas \u00e9panouie malgr\u00e9 son succ\u00e8s \u00e0 Hollywood. Ces diff\u00e9rentes histoires posent la question du pardon et de ses limites.<br \/>\nDocumentation de ce film sur place et d\u00e9bat autour d\u2019une boisson chaude ou froide apr\u00e8s la projection !<\/p>\n<p style=\"text-align: justify;\"><strong><\/strong><\/p>\n<figure id=\"attachment_3955\" aria-describedby=\"caption-attachment-3955\" style=\"width: 250px\" class=\"wp-caption alignright\"><strong><strong><img data-recalc-dims=\"1\" loading=\"lazy\" decoding=\"async\" class=\"size-full wp-image-3955\" title=\"Robin des Bois - Villemur sur Tarn (31)\" src=\"https:\/\/i0.wp.com\/www.o-p-i.fr\/parlonsen\/wp-content\/uploads\/robin_des_bois1.jpg?resize=250%2C313&#038;ssl=1\" alt=\"Robin des Bois - Villemur sur Tarn (31)\" width=\"250\" height=\"313\" srcset=\"https:\/\/i0.wp.com\/www.o-p-i.fr\/parlonsen\/wp-content\/uploads\/robin_des_bois1.jpg?w=250&amp;ssl=1 250w, https:\/\/i0.wp.com\/www.o-p-i.fr\/parlonsen\/wp-content\/uploads\/robin_des_bois1.jpg?resize=239%2C300&amp;ssl=1 239w\" sizes=\"auto, (max-width: 250px) 100vw, 250px\" \/><\/strong><\/strong><figcaption id=\"caption-attachment-3955\" class=\"wp-caption-text\">Robin des Bois - Villemur sur Tarn (31)<\/figcaption><\/figure>\n<p><strong>Cin\u00e9ma Tout Public<\/strong><br \/>\n<span style=\"color: #000080;\"><strong>Robin des Bois<\/strong><\/span><\/p>\n<p style=\"text-align: justify;\"><span style=\"color: #3366ff;\"><strong>le Jeudi 24 Juin \u00e0 20h45<\/strong><\/span><br \/>\nDe Ridley Scott- Etats-Unis 2010<br \/>\nAvec : Russell Crow, Cate Blanchett&#8230;<br \/>\nDur\u00e9e : 1h55<\/p>\n<p style=\"text-align: justify;\">Apr\u00e8s avoir combattu aux c\u00f4t\u00e9s du Roi Richard Coeur de Lion pendant les croisades \u00e0 la fin du 12\u00e8me si\u00e8cle, Robin Longstride retourne en Angleterre. Sur place, il d\u00e9couvre un village subissant la tyrannie du Sh\u00e9rif de Nottingham et un pays gangr\u00e9n\u00e9 par la corruption. Brigand pour les uns, h\u00e9ros pour les autres, la l\u00e9gende de \u00ab\u00a0Robin des bois\u00a0\u00bb est n\u00e9e.<\/p>\n<p><em>Communiqu\u00e9 de Fabien MAZIERES &#8211; Directeur MJC Villemur sur Tarn<\/em><\/p>\n<p>Maison des Jeunes et de la Culture de Villemur sur Tarn<br \/>\nMaisons Mitoyennes &#8211; 2 avenue de la Gare<br \/>\n31340 VILLEMUR SUR TARN<\/p>\n<p>T\u00e9l. : 05.34.27.06.78<br \/>\nCourriel : <a href=\"mailto:mjc.villemur@wanadoo.fr\">mjc.villemur@wanadoo.fr<\/a><br \/>\nSite : <a title=\"Ouvre le site dans une nouvelle fen\u00eatre\" href=\"http:\/\/www.mjcvillemursurtarn.fr\" target=\"_blank\">www.mjcvillemursurtarn.fr<\/a><\/p>\n","protected":false},"excerpt":{"rendered":"<div class=\"mh-excerpt\">Vous trouverez ci-dessous la programmation de Juin 2010 pour le cin\u00e9ma des Greniers du Roy de Villemur sur Tarn !<\/div>\n","protected":false},"author":2,"featured_media":0,"comment_status":"open","ping_status":"open","sticky":false,"template":"","format":"standard","meta":{"om_disable_all_campaigns":false,"advanced_seo_description":"","jetpack_seo_html_title":"","jetpack_seo_noindex":false,"_jetpack_memberships_contains_paid_content":false,"footnotes":"","_links_to":"","_links_to_target":""},"categories":[42,1,54,6,503],"tags":[82,92,323,450],"class_list":{"0":"post-3949","1":"post","2":"type-post","3":"status-publish","4":"format-standard","6":"category-a-cote-de-chez-nous","7":"category-culture","8":"category-loisirs","9":"category-pratique","10":"category-n-49-mai-2010","11":"tag-aines","12":"tag-cine","13":"tag-enfant","14":"tag-villemur-sur-tarn"},"jetpack_featured_media_url":"","views":{"total":0,"cached_at":"","cached_date":1738513924},"jetpack_likes_enabled":true,"jetpack_sharing_enabled":true,"jetpack_shortlink":"https:\/\/wp.me\/pg7Wxj-11H","jetpack-related-posts":[],"_links":{"self":[{"href":"https:\/\/www.o-p-i.fr\/parlonsen\/wp-json\/wp\/v2\/posts\/3949","targetHints":{"allow":["GET"]}}],"collection":[{"href":"https:\/\/www.o-p-i.fr\/parlonsen\/wp-json\/wp\/v2\/posts"}],"about":[{"href":"https:\/\/www.o-p-i.fr\/parlonsen\/wp-json\/wp\/v2\/types\/post"}],"author":[{"embeddable":true,"href":"https:\/\/www.o-p-i.fr\/parlonsen\/wp-json\/wp\/v2\/users\/2"}],"replies":[{"embeddable":true,"href":"https:\/\/www.o-p-i.fr\/parlonsen\/wp-json\/wp\/v2\/comments?post=3949"}],"version-history":[{"count":0,"href":"https:\/\/www.o-p-i.fr\/parlonsen\/wp-json\/wp\/v2\/posts\/3949\/revisions"}],"wp:attachment":[{"href":"https:\/\/www.o-p-i.fr\/parlonsen\/wp-json\/wp\/v2\/media?parent=3949"}],"wp:term":[{"taxonomy":"category","embeddable":true,"href":"https:\/\/www.o-p-i.fr\/parlonsen\/wp-json\/wp\/v2\/categories?post=3949"},{"taxonomy":"post_tag","embeddable":true,"href":"https:\/\/www.o-p-i.fr\/parlonsen\/wp-json\/wp\/v2\/tags?post=3949"}],"curies":[{"name":"wp","href":"https:\/\/api.w.org\/{rel}","templated":true}]}}