{"id":3976,"date":"2010-05-28T16:24:47","date_gmt":"2010-05-28T14:24:47","guid":{"rendered":"\/parlonsen\/?p=3976"},"modified":"2010-05-28T16:34:59","modified_gmt":"2010-05-28T14:34:59","slug":"nouvelle-structure-pour-les-ados-a-monclar-de-quercy","status":"publish","type":"post","link":"https:\/\/www.o-p-i.fr\/parlonsen\/parlons-en\/pratique\/nouvelle-structure-pour-les-ados-a-monclar-de-quercy\/","title":{"rendered":"Nouvelle structure pour les ados &#8230; \u00e0 Monclar de Quercy"},"content":{"rendered":"<p style=\"text-align: justify;\">Vous avez un <span style=\"color: #ff6600;\"><strong>enfant de plus de 12 ans<\/strong><\/span>, ou votre enfant va rentrer en 6\u00e8me, vous \u00eates  donc concern\u00e9s par cette enqu\u00eate &#8230; <!--more--><br \/>\nUn <span style=\"color: #ff6600;\">projet de structure<\/span> est en cours. Nous souhaitons avant tout r\u00e9pondre aux besoins des parents et des adolescents concern\u00e9s. Dans un deuxi\u00e8me temps nous solliciterons les ados.<br \/>\nMerci de r\u00e9pondre \u00e0 cette enqu\u00eate et \u00e0 nous la retourner le plus vite possible en la d\u00e9posant au  clae.<\/p>\n<p style=\"text-align: justify;\">N\u2019h\u00e9sitez pas \u00e0 nous solliciter pour toutes remarques, suggestions ou questions.<\/p>\n<p style=\"text-align: justify;\"><span style=\"color: #ff6600;\"><strong><\/strong><\/span><\/p>\n<figure id=\"attachment_3980\" aria-describedby=\"caption-attachment-3980\" style=\"width: 120px\" class=\"wp-caption alignleft\"><strong><strong><img data-recalc-dims=\"1\" loading=\"lazy\" decoding=\"async\" class=\"size-full wp-image-3980 \" title=\"Logo Familles Rurales\" src=\"https:\/\/i0.wp.com\/www.o-p-i.fr\/parlonsen\/wp-content\/uploads\/logo_afr.jpg?resize=120%2C139&#038;ssl=1\" alt=\"Logo Familles Rurales\" width=\"120\" height=\"139\" \/><\/strong><\/strong><figcaption id=\"caption-attachment-3980\" class=\"wp-caption-text\">Logo  Familles Rurales<\/figcaption><\/figure>\n<p><strong><\/strong>T\u00e9l\u00e9chargez l&rsquo;enqu\u00eate <a href=\"https:\/\/www.o-p-i.fr\/parlonsen\/wp-content\/uploads\/enquete-ados.pdf\">en cliquant ici<\/a>, imprimez, remplissez et retournez-la \u00e0 l&rsquo;adresse ci dessous !<\/p>\n<p style=\"text-align: justify;\"><span style=\"color: #ff6600;\"><strong>Contact : Association Familles Rurales de Monclar<\/strong><\/span><br \/>\n<span style=\"color: #ff6600;\">Sylvaine DIENE<\/span><\/p>\n<p style=\"text-align: justify;\"><span style=\"color: #ff6600;\">Adresse : 1-3 rue Regain<br \/>\n82230 MONCLAR DE QUERCY<\/span><\/p>\n<p style=\"margin-bottom: 0cm; text-align: justify;\"><span style=\"color: #ff6600;\">T\u00e9l.\u00a0: 0563272465 <\/span><\/p>\n<p style=\"margin-bottom: 0cm; text-align: justify;\"><span style=\"color: #ff6600;\">Courriel : <a href=\"mailto:claemonclar@orange.fr\">claemonclar@orange.fr<\/a><\/span><\/p>\n<p style=\"margin-bottom: 0cm; text-align: justify;\"><span style=\"color: #ff6600;\"><span style=\"color: #000000;\"><em>Communiqu\u00e9 de Sylvaine Diene pour Familles Rurales &#8211;\u00a0 Monclar de Quercy <\/em><\/span><br \/>\n<\/span><\/p>\n<p style=\"text-align: justify;\">\n","protected":false},"excerpt":{"rendered":"<div class=\"mh-excerpt\">Vous avez un enfant de plus de 12 ans, ou votre enfant va rentrer en 6\u00e8me, vous \u00eates donc concern\u00e9s par cette enqu\u00eate &#8230;<\/div>\n","protected":false},"author":8,"featured_media":0,"comment_status":"open","ping_status":"open","sticky":false,"template":"","format":"standard","meta":{"om_disable_all_campaigns":false,"advanced_seo_description":"","jetpack_seo_html_title":"","jetpack_seo_noindex":false,"_jetpack_memberships_contains_paid_content":false,"footnotes":"","_links_to":"","_links_to_target":""},"categories":[16,6,503],"tags":[382,559,560,561,143],"class_list":{"0":"post-3976","1":"post","2":"type-post","3":"status-publish","4":"format-standard","6":"category-monclar","7":"category-pratique","8":"category-n-49-mai-2010","9":"tag-familles-rurales","10":"tag-enquete","11":"tag-clae","12":"tag-adolescent","13":"tag-monclar-de-quercy"},"jetpack_featured_media_url":"","views":{"total":0,"cached_at":"","cached_date":1738514287},"jetpack_likes_enabled":true,"jetpack_sharing_enabled":true,"jetpack_shortlink":"https:\/\/wp.me\/pg7Wxj-128","jetpack-related-posts":[],"_links":{"self":[{"href":"https:\/\/www.o-p-i.fr\/parlonsen\/wp-json\/wp\/v2\/posts\/3976","targetHints":{"allow":["GET"]}}],"collection":[{"href":"https:\/\/www.o-p-i.fr\/parlonsen\/wp-json\/wp\/v2\/posts"}],"about":[{"href":"https:\/\/www.o-p-i.fr\/parlonsen\/wp-json\/wp\/v2\/types\/post"}],"author":[{"embeddable":true,"href":"https:\/\/www.o-p-i.fr\/parlonsen\/wp-json\/wp\/v2\/users\/8"}],"replies":[{"embeddable":true,"href":"https:\/\/www.o-p-i.fr\/parlonsen\/wp-json\/wp\/v2\/comments?post=3976"}],"version-history":[{"count":0,"href":"https:\/\/www.o-p-i.fr\/parlonsen\/wp-json\/wp\/v2\/posts\/3976\/revisions"}],"wp:attachment":[{"href":"https:\/\/www.o-p-i.fr\/parlonsen\/wp-json\/wp\/v2\/media?parent=3976"}],"wp:term":[{"taxonomy":"category","embeddable":true,"href":"https:\/\/www.o-p-i.fr\/parlonsen\/wp-json\/wp\/v2\/categories?post=3976"},{"taxonomy":"post_tag","embeddable":true,"href":"https:\/\/www.o-p-i.fr\/parlonsen\/wp-json\/wp\/v2\/tags?post=3976"}],"curies":[{"name":"wp","href":"https:\/\/api.w.org\/{rel}","templated":true}]}}