{"id":3983,"date":"2010-06-02T22:28:04","date_gmt":"2010-06-02T20:28:04","guid":{"rendered":"\/parlonsen\/?p=3983"},"modified":"2019-05-25T17:54:31","modified_gmt":"2019-05-25T16:54:31","slug":"visites-aux-jardins","status":"publish","type":"post","link":"https:\/\/www.o-p-i.fr\/parlonsen\/parlons-en\/agriculture\/visites-aux-jardins\/","title":{"rendered":"Visites aux jardins&#8230;"},"content":{"rendered":"<p style=\"text-align: justify;\">Trois informations autour du jardin: La 8e \u00e9dition des <span style=\"color: #ff0000;\"><strong>Rendez-vous aux jardins<\/strong><\/span> les <span style=\"color: #ff0000;\"><strong>4, 5 et 6 juin 2010<\/strong><\/span>, \u00ab\u00a0<strong>Bienvenue dans mon jardin<\/strong>\u00a0\u00bb les <span style=\"color: #ff0000;\"><strong>12 et 13 juin 2010<\/strong><\/span> et le compte rendu de la rencontre autour d&rsquo;Am\u00e9d\u00e9e le jardinier du 28 mai.<!--more--><\/p>\n<div class=\"mceTemp\" style=\"text-align: justify;\">\n<dl id=\"attachment_3986\" class=\"wp-caption alignleft\" style=\"width: 255px;\">\n<dt class=\"wp-caption-dt\"><a href=\"https:\/\/i0.wp.com\/www.o-p-i.fr\/parlonsen\/wp-content\/uploads\/rdvjardins.jpg?ssl=1\"><img data-recalc-dims=\"1\" loading=\"lazy\" decoding=\"async\" class=\"size-full wp-image-3986\" title=\"Rendez-vous aux jardins\" src=\"https:\/\/i0.wp.com\/www.o-p-i.fr\/parlonsen\/wp-content\/uploads\/rdvjardins.jpg?resize=245%2C367&#038;ssl=1\" alt=\"rdvjardins\" width=\"245\" height=\"367\" srcset=\"https:\/\/i0.wp.com\/www.o-p-i.fr\/parlonsen\/wp-content\/uploads\/rdvjardins.jpg?w=245&amp;ssl=1 245w, https:\/\/i0.wp.com\/www.o-p-i.fr\/parlonsen\/wp-content\/uploads\/rdvjardins.jpg?resize=200%2C300&amp;ssl=1 200w\" sizes=\"auto, (max-width: 245px) 100vw, 245px\" \/><\/a><\/dt>\n<dd class=\"wp-caption-dd\">Rendez-vous aux jardins<\/dd>\n<\/dl>\n<\/div>\n<p style=\"text-align: justify;\">Organis\u00e9s \u00e0 l\u2019initiative du minist\u00e8re de la Culture et de la Communication,<span style=\"color: #008000;\"> <strong>les Rendez-vous aux jardins<\/strong><\/span>, les<span style=\"color: #ff0000;\"><strong> 4, 5 et 6 juin<\/strong><\/span>, sont une occasion de d\u00e9couvrir, red\u00e9couvrir et profiter de la richesse des parcs et jardins publics ou priv\u00e9s, qu\u2019ils soient labellis\u00e9s Jardins remarquables ou plus modestes.<\/p>\n<p style=\"text-align: justify;\">La connaissance, la protection, la conservation, l\u2019entretien, la restauration, la cr\u00e9ation et la transmission des savoir-faire li\u00e9s aux jardins, voila l&rsquo;ambition de ces rendez-vous.<br \/>\nDans le Tarn, pr\u00e8s de chez nous :<\/p>\n<p style=\"text-align: justify;\"><span style=\"color: #ff0000;\"><strong>* Lautrec, jardins des Qui\u00e9tudes<\/strong><\/span> : Construite sur les terrasses du village de Lautrec, \u00e0 l\u2019emplacement de l\u2019ancien couvent des franciscains, la maison d\u2019accueil pour personnes \u00e2g\u00e9es offre plusieurs espaces de repos ou \u00e0 usage th\u00e9rapeutique. Belle vue sur la Montagne noire.<br \/>\n<span style=\"color: #ff0000;\">Jours  d&rsquo;ouverture :<br \/>\n<\/span>Samedi et dimanche : 14 h-18 h<br \/>\n<span style=\"color: #ff0000;\">Tarifs : <\/span>gratuit.<\/p>\n<p style=\"text-align: justify;\"><span style=\"color: #ff0000;\"><strong>* Cordes-sur-Ciel, Jardin des Paradis <\/strong><\/span>: Animation autour du th\u00e8me \u00ab\u00a0le jardinier et ses outils\u00a0\u00bb : Pr\u00e9sentation par les jardiniers de leurs outils pr\u00e9f\u00e9r\u00e9s, avec des conseils d\u2019utilisation et d\u2019entretien, mise en sc\u00e8ne d\u2019outils d\u00e9tourn\u00e9s en objets d\u2019art par des plasticiens-sculpteurs. Le Jardin des paradis, 3 500 m2, cr\u00e9\u00e9 par les architectes-paysagistes contemporains \u00c9ric Ossart et Arnaud Mauri\u00e8res avec des influences orientales et m\u00e9di\u00e9vales. Tapis de fleurs, bananeraie, potager, bassins et jeux d\u2019eau.<br \/>\n<span style=\"color: #ff0000;\">Jours d&rsquo;ouverture : <\/span>[ Ouvert du 1er mai au 3 octobre.]<br \/>\nSamedi : de 14h \u00e0 18h et Dimanche : de 11h \u00e0 18h<br \/>\n<span style=\"color: #ff0000;\">Tarifs : <\/span>4 \u20ac (gratuit -8 ans).<br \/>\n<span style=\"color: #ff0000;\">Contact  :<br \/>\n<\/span>T\u00e9l. 05 63 56 29 77. <a title=\"cliquez pour voir le site\" href=\"http:\/\/www.jardindesparadis.eu \" target=\"_blank\" rel=\"noopener noreferrer\"><br \/>\ncliquez ici pour voir le site<\/a><\/p>\n<p style=\"text-align: justify;\"><span style=\"color: #ff0000;\"><strong>* Giroussens, jardin des Martels<\/strong><\/span> (priv\u00e9, label 2006) Jardin priv\u00e9 de 3,5 ha, de cr\u00e9ation r\u00e9cente, \u00e0 l\u2019anglaise. Plus de 2 500 vari\u00e9t\u00e9s. Serre exotique aquatique. Labyrinthe<br \/>\nde bambous. Collection de nymph\u00e9as et de lotus. Mini-ferme. Belv\u00e9d\u00e8re sur jardins et terrasse.<br \/>\n<span style=\"color: #ff0000;\">Jours  d&rsquo;ouverture : <\/span>[ Ouvert de mai \u00e0 ao\u00fbt, tous les jours de 10 h \u00e0 18 h ; en avril et septembre, tous les jours de 13 h \u00e0 18 h ; en octobre, lundi, mercredi, samedi et dimanche de 13 h \u00e0 18 h.<br \/>\n<span style=\"color: #ff0000;\">Contact : <\/span><br \/>\nT\u00e9l. 05 63 41 61 42.<br \/>\n<a title=\"cliquez pour voir le site\" href=\"http:\/\/www.jardinsdesmartels.com\/\" target=\"_blank\" rel=\"noopener noreferrer\">cliquez ici pour voir le site<\/a><\/p>\n<p style=\"text-align: justify;\">Pour voir le programme complet des <span style=\"color: #ff0000;\"><strong>Rendez-vous aux jardins<\/strong><\/span> <a title=\"cliquez pour voir le programme\" href=\"http:\/\/www.rendezvousauxjardins.culture.fr\/programme\" target=\"_blank\" rel=\"noopener noreferrer\">cliquez ici<\/a><\/p>\n<p style=\"text-align: justify;\">\n<div class=\"mceTemp\" style=\"text-align: justify;\">\n<dl id=\"attachment_4061\" class=\"wp-caption alignright\" style=\"width: 294px;\">\n<dt class=\"wp-caption-dt\"><a href=\"https:\/\/i0.wp.com\/www.o-p-i.fr\/parlonsen\/wp-content\/uploads\/jardin1.jpg?ssl=1\"><img data-recalc-dims=\"1\" loading=\"lazy\" decoding=\"async\" class=\"size-full wp-image-4061\" title=\"jardin1\" src=\"https:\/\/i0.wp.com\/www.o-p-i.fr\/parlonsen\/wp-content\/uploads\/jardin1.jpg?resize=284%2C401&#038;ssl=1\" alt=\"Bienvenue dans mon jardin\" width=\"284\" height=\"401\" srcset=\"https:\/\/i0.wp.com\/www.o-p-i.fr\/parlonsen\/wp-content\/uploads\/jardin1.jpg?w=284&amp;ssl=1 284w, https:\/\/i0.wp.com\/www.o-p-i.fr\/parlonsen\/wp-content\/uploads\/jardin1.jpg?resize=212%2C300&amp;ssl=1 212w\" sizes=\"auto, (max-width: 284px) 100vw, 284px\" \/><\/a><\/dt>\n<dd class=\"wp-caption-dd\">Bienvenue dans mon jardin<\/dd>\n<\/dl>\n<\/div>\n<p style=\"text-align: justify;\">La semaine suivante, les 12 et 13 juin 2010, l&rsquo;association \u00ab\u00a0Jardiniers de France\u00a0\u00bb vous propose l&rsquo;op\u00e9ration <span style=\"color: #008000;\"><strong>\u00ab\u00a0Bienvenue dans mon jardin\u00a0\u00bb<\/strong><\/span> : 1000 jardiniers amateurs, un peu partout en France, ouvrent leur jardin au public.<\/p>\n<p style=\"text-align: justify;\">Pour la 9\u00e8me ann\u00e9e, l\u2019association des Jardiniers de France organise la plus grande porte ouverte de jardins d\u2019amateurs . La perfection n\u2019est pas de mise mais plut\u00f4t la convivialit\u00e9 et la rencontre.<\/p>\n<p style=\"text-align: justify;\">Au pays des Tescou&rsquo;s, Marie-Claire MATE, Robert et Georges VIADER vous accueilleront de 9 h. \u00e0 20 h.<\/p>\n<p style=\"text-align: justify;\">Autour du jardin, une occasion de discuter de divers projets : \u00ab\u00a0<a title=\"En savoir +\" href=\"https:\/\/www.o-p-i.fr\/aupays\/opi\/accueil\/\">O.P.I. des Tescou&rsquo;s<\/a>\u00ab\u00a0,  \u00ab\u00a0<a title=\"Page d'accueil de Parlons-En !\" href=\"https:\/\/www.o-p-i.fr\/parlonsen\/\">Parlons-en<\/a>\u00ab\u00a0, \u00ab\u00a0le Change  plantes\u00a0\u00bb, \u00ab\u00a0Parle moi de ton village\u00a0\u00bb, les \u00ab\u00a0T.R.U.F.F.E.S.\u00a0\u00bb, \u00ab\u00a0<a title=\"En savoir +\" href=\"https:\/\/www.o-p-i.fr\/aupays\/opi\/allons-y-ensemble\/\">Allons-y  ensemble<\/a>\u00a0\u00bb &#8230;<\/p>\n<p style=\"text-align: justify;\"><span style=\"color: #ff0000;\"><strong>Rendez-vous au \u00ab\u00a0BOURRIOU Haut\u00a0\u00bb<\/strong><\/span> (81630 Saint URCISSE).<\/p>\n<p style=\"text-align: justify;\"><span style=\"color: #ff0000;\"><strong>Pour venir <\/strong><span style=\"color: #000000;\">au BOURRIOU<\/span><\/span>, si vous ne connaissez pas et n&rsquo;avez pas de GPS, vous pouvez t\u00e9l\u00e9phoner au 06 18 20 23 03 pour un guidage personnalis\u00e9.<\/p>\n<p style=\"text-align: justify;\">Il sera \u00e9galement possible d&rsquo;\u00e9changer les points de vue sur le projet de cr\u00e9ation d&rsquo;une association de jardiniers amateurs lanc\u00e9 par Am\u00e9d\u00e9e lors de la rencontre qui s&rsquo;est tenue le 28 mai 2010\u00a0 et dont on peut lire le compte rendu ci apr\u00e8s :<\/p>\n<p style=\"text-align: justify;\"><span style=\"color: #008000;\"><strong>Recycler Tout D\u00e9chet Organique le 28 mai \u00e0 Beauvais sur Tescou, Bar O\u2019Tartine avec Am\u00e9d\u00e9e le Jardinier<\/strong><\/span><br \/>\nR\u00e9sum\u00e9 de la rencontre<\/p>\n<p style=\"text-align: justify;\">15 personnes pr\u00e9sentes<br \/>\nPr\u00e9sentation du recyclage des d\u00e9chets organiques<\/p>\n<ul>\n<li> <span style=\"color: #ff0000;\">Composition de la mati\u00e8re organique : azote, carbone, eau, sels min\u00e9raux<\/span><\/li>\n<\/ul>\n<p style=\"text-align: justify;\">Diff\u00e9rents genres de mati\u00e8res organiques : v\u00e9g\u00e9tal et animal<br \/>\n\u2022 V\u00e9g\u00e9tal : tout d\u00e9chet de jardin, du gazon \u00e0 la taille d\u2019arbre en passant par les mauvaises herbes<br \/>\n\u2022 Animal : sujet peu abord\u00e9 pour l\u2019instant, mais \u00e9vocation de la possibilit\u00e9 de son recyclage<\/p>\n<ul>\n<li> <span style=\"color: #ff0000;\">Compostage et paillage : pr\u00e9sentation des diff\u00e9rentes m\u00e9thodes<\/span><\/li>\n<\/ul>\n<p style=\"text-align: justify;\">Beaucoup de questions sur paillage et compostage<br \/>\nPr\u00e9sentation d\u2019un appareil pour le compostage<br \/>\nProposition de la cr\u00e9ation d\u2019une association de jardiniers amateurs autour du recyclage personnel des d\u00e9chets organiques ; \u00e9changes entre jardiniers et exp\u00e9rimentations de m\u00e9thodes de jardinage<\/p>\n<p style=\"text-align: justify;\"><span style=\"color: #ff0000;\">Pour toutes personnes int\u00e9ress\u00e9es, s\u2019adresser \u00e0 <a title=\"En savoir +\" href=\"https:\/\/www.o-p-i.fr\/aupays\/annuaire\/jardin\/service-parcs-jardins\/\">Malleret Am\u00e9d\u00e9e<\/a><br \/>\nT\u00e9l. : 05 63 57 98 55<br \/>\nCourriel : <a href=\"mailto:famillemalleret@wanadoo.fr\">famillemalleret@wanadoo.fr<\/a><\/span><\/p>\n<p style=\"text-align: justify;\">Une r\u00e9union sera pr\u00e9vue courant juin-juillet.<\/p>\n<p style=\"text-align: justify;\"><em>Am\u00e9d\u00e9e\u00a0 le Jardinier, Sempervirens<\/em><\/p>\n","protected":false},"excerpt":{"rendered":"<div class=\"mh-excerpt\">Trois informations autour du jardin: La 8e \u00e9dition des Rendez-vous aux jardins les 4, 5 et 6 juin 2010, \u00ab\u00a0Bienvenue dans mon jardin\u00a0\u00bb les 12 et 13 juin 2010 et le compte rendu de la <a class=\"mh-excerpt-more\" href=\"https:\/\/www.o-p-i.fr\/parlonsen\/parlons-en\/agriculture\/visites-aux-jardins\/\" title=\"Visites aux jardins&#8230;\">[&#8230;]<\/a><\/div>\n","protected":false},"author":4,"featured_media":0,"comment_status":"open","ping_status":"open","sticky":false,"template":"","format":"standard","meta":{"om_disable_all_campaigns":false,"advanced_seo_description":"","jetpack_seo_html_title":"","jetpack_seo_noindex":false,"_jetpack_memberships_contains_paid_content":false,"footnotes":"","_links_to":"","_links_to_target":""},"categories":[3,42,290,15,55,54,6,18,563],"tags":[119,528,572,573,574,575,2913],"class_list":{"0":"post-3983","1":"post","2":"type-post","3":"status-publish","4":"format-standard","6":"category-agriculture","7":"category-a-cote-de-chez-nous","8":"category-entraide","9":"category-localisation","10":"category-environnement","11":"category-loisirs","12":"category-pratique","13":"category-saint-urcisse","14":"category-n-50-juin-2010","15":"tag-jardin","16":"tag-cordes","17":"tag-lautrec","18":"tag-recyclage","19":"tag-dechet","20":"tag-organique","21":"tag-saint-urcisse"},"jetpack_featured_media_url":"","views":{"total":0,"cached_at":"","cached_date":1738514488},"jetpack_likes_enabled":true,"jetpack_sharing_enabled":true,"jetpack_shortlink":"https:\/\/wp.me\/pg7Wxj-12f","jetpack-related-posts":[],"_links":{"self":[{"href":"https:\/\/www.o-p-i.fr\/parlonsen\/wp-json\/wp\/v2\/posts\/3983","targetHints":{"allow":["GET"]}}],"collection":[{"href":"https:\/\/www.o-p-i.fr\/parlonsen\/wp-json\/wp\/v2\/posts"}],"about":[{"href":"https:\/\/www.o-p-i.fr\/parlonsen\/wp-json\/wp\/v2\/types\/post"}],"author":[{"embeddable":true,"href":"https:\/\/www.o-p-i.fr\/parlonsen\/wp-json\/wp\/v2\/users\/4"}],"replies":[{"embeddable":true,"href":"https:\/\/www.o-p-i.fr\/parlonsen\/wp-json\/wp\/v2\/comments?post=3983"}],"version-history":[{"count":0,"href":"https:\/\/www.o-p-i.fr\/parlonsen\/wp-json\/wp\/v2\/posts\/3983\/revisions"}],"wp:attachment":[{"href":"https:\/\/www.o-p-i.fr\/parlonsen\/wp-json\/wp\/v2\/media?parent=3983"}],"wp:term":[{"taxonomy":"category","embeddable":true,"href":"https:\/\/www.o-p-i.fr\/parlonsen\/wp-json\/wp\/v2\/categories?post=3983"},{"taxonomy":"post_tag","embeddable":true,"href":"https:\/\/www.o-p-i.fr\/parlonsen\/wp-json\/wp\/v2\/tags?post=3983"}],"curies":[{"name":"wp","href":"https:\/\/api.w.org\/{rel}","templated":true}]}}