{"id":3987,"date":"2010-05-31T15:16:49","date_gmt":"2010-05-31T13:16:49","guid":{"rendered":"\/parlonsen\/?p=3987"},"modified":"2010-05-31T15:19:36","modified_gmt":"2010-05-31T13:19:36","slug":"quercy-jazz-gala-des-10-ans-a-genebrieres","status":"publish","type":"post","link":"https:\/\/www.o-p-i.fr\/parlonsen\/localisation\/au-pays-des-tescous\/genebrieres\/quercy-jazz-gala-des-10-ans-a-genebrieres\/","title":{"rendered":"Quercy Jazz \u00ab\u00a0Gala des 10 ans\u00a0\u00bb &#8230; \u00e0 G\u00e9n\u00e9bri\u00e8res"},"content":{"rendered":"<p style=\"text-align: justify;\"><a title=\"En savoir +\" href=\"https:\/\/www.o-p-i.fr\/aupays\/annuaire\/loisirs\/quercy-jazz\/\">Quercy Jazz<\/a> fait son \u00ab\u00a0Gala des 10 ans\u00a0\u00bb le\u00a0<span style=\"color: #ff00ff;\"><strong> Samedi 5 Juin 2010 <\/strong><\/span>\u00e0 la salle des f\u00eates de G\u00e9n\u00e9bri\u00e8res \u00e0 partir de 20h30.<!--more--><\/p>\n<p style=\"text-align: justify;\">\n<figure id=\"attachment_3989\" aria-describedby=\"caption-attachment-3989\" style=\"width: 400px\" class=\"wp-caption alignleft\"><img data-recalc-dims=\"1\" loading=\"lazy\" decoding=\"async\" class=\"size-full wp-image-3989\" title=\"G\u00e9n\u00e9bri\u00e8res (82)\" src=\"https:\/\/i0.wp.com\/www.o-p-i.fr\/parlonsen\/wp-content\/uploads\/gala_quercyjazz.jpg?resize=400%2C622&#038;ssl=1\" alt=\"G\u00e9n\u00e9bri\u00e8res (82)\" width=\"400\" height=\"622\" srcset=\"https:\/\/i0.wp.com\/www.o-p-i.fr\/parlonsen\/wp-content\/uploads\/gala_quercyjazz.jpg?w=400&amp;ssl=1 400w, https:\/\/i0.wp.com\/www.o-p-i.fr\/parlonsen\/wp-content\/uploads\/gala_quercyjazz.jpg?resize=192%2C300&amp;ssl=1 192w\" sizes=\"auto, (max-width: 400px) 100vw, 400px\" \/><figcaption id=\"caption-attachment-3989\" class=\"wp-caption-text\">G\u00e9n\u00e9bri\u00e8res (82)<\/figcaption><\/figure>\n<p style=\"text-align: justify;\">Venez appr\u00e9cier les meilleures chor\u00e9graphies de Quecy Jazz et des nouvelles, bien s\u00fbr !<\/p>\n<p style=\"text-align: justify;\"><span style=\"color: #ff00ff;\"><strong>Contact : <\/strong><\/span><a title=\"En savoir +\" href=\"https:\/\/www.o-p-i.fr\/aupays\/annuaire\/loisirs\/quercy-jazz\/\">Quercy  Jazz<\/a><\/p>\n<p style=\"text-align: justify;\"><em>Communiqu\u00e9 de Corine Sangla pour <a title=\"En savoir +\" href=\"https:\/\/www.o-p-i.fr\/aupays\/annuaire\/loisirs\/quercy-jazz\/\">Quercy Jazz<\/a><\/em><\/p>\n<p style=\"text-align: justify;\"><a href=\"https:\/\/www.o-p-i.fr\/parlonsen\/agenda\/\"><strong>Retrouvez tous les \u00e9v\u00e8nements dans l&rsquo;agenda !<\/strong><\/a><\/p>\n","protected":false},"excerpt":{"rendered":"<div class=\"mh-excerpt\">Quercy Jazz fait son \u00ab\u00a0Gala des 10 ans\u00a0\u00bb le\u00a0 Samedi 5 Juin 2010 \u00e0 la salle des f\u00eates de G\u00e9n\u00e9bri\u00e8res \u00e0 partir de 20h30.<\/div>\n","protected":false},"author":2,"featured_media":0,"comment_status":"open","ping_status":"open","sticky":false,"template":"","format":"standard","meta":{"om_disable_all_campaigns":false,"advanced_seo_description":"","jetpack_seo_html_title":"","jetpack_seo_noindex":false,"_jetpack_memberships_contains_paid_content":false,"footnotes":"","_links_to":"","_links_to_target":""},"categories":[29,54,503],"tags":[82,84,132,2552,323,432,562],"class_list":{"0":"post-3987","1":"post","2":"type-post","3":"status-publish","4":"format-standard","6":"category-genebrieres","7":"category-loisirs","8":"category-n-49-mai-2010","9":"tag-aines","10":"tag-danse","11":"tag-spectacle","12":"tag-genebrieres","13":"tag-enfant","14":"tag-quercy-jazz","15":"tag-gala"},"jetpack_featured_media_url":"","views":{"total":0,"cached_at":"","cached_date":1738514310},"jetpack_likes_enabled":true,"jetpack_sharing_enabled":true,"jetpack_shortlink":"https:\/\/wp.me\/pg7Wxj-12j","jetpack-related-posts":[],"_links":{"self":[{"href":"https:\/\/www.o-p-i.fr\/parlonsen\/wp-json\/wp\/v2\/posts\/3987","targetHints":{"allow":["GET"]}}],"collection":[{"href":"https:\/\/www.o-p-i.fr\/parlonsen\/wp-json\/wp\/v2\/posts"}],"about":[{"href":"https:\/\/www.o-p-i.fr\/parlonsen\/wp-json\/wp\/v2\/types\/post"}],"author":[{"embeddable":true,"href":"https:\/\/www.o-p-i.fr\/parlonsen\/wp-json\/wp\/v2\/users\/2"}],"replies":[{"embeddable":true,"href":"https:\/\/www.o-p-i.fr\/parlonsen\/wp-json\/wp\/v2\/comments?post=3987"}],"version-history":[{"count":0,"href":"https:\/\/www.o-p-i.fr\/parlonsen\/wp-json\/wp\/v2\/posts\/3987\/revisions"}],"wp:attachment":[{"href":"https:\/\/www.o-p-i.fr\/parlonsen\/wp-json\/wp\/v2\/media?parent=3987"}],"wp:term":[{"taxonomy":"category","embeddable":true,"href":"https:\/\/www.o-p-i.fr\/parlonsen\/wp-json\/wp\/v2\/categories?post=3987"},{"taxonomy":"post_tag","embeddable":true,"href":"https:\/\/www.o-p-i.fr\/parlonsen\/wp-json\/wp\/v2\/tags?post=3987"}],"curies":[{"name":"wp","href":"https:\/\/api.w.org\/{rel}","templated":true}]}}