{"id":39938,"date":"2019-02-07T18:58:43","date_gmt":"2019-02-07T17:58:43","guid":{"rendered":"\/parlonsen\/?p=39938"},"modified":"2019-02-07T18:59:45","modified_gmt":"2019-02-07T17:59:45","slug":"sdf-solitude-drolement-fragile-theatre-a-rabastens-81","status":"publish","type":"post","link":"https:\/\/www.o-p-i.fr\/parlonsen\/localisation\/a-cote-de-chez-nous\/sdf-solitude-drolement-fragile-theatre-a-rabastens-81\/","title":{"rendered":"SDF: Solitude Drolement Fragile, th\u00e9\u00e2tre \u00e0 Rabastens (81)"},"content":{"rendered":"<p><strong>Vendredi 22 f\u00e9vrier 2019<\/strong>, \u00e0 la Halle. <!--more--><img data-recalc-dims=\"1\" loading=\"lazy\" decoding=\"async\" class=\"alignright size-full wp-image-39939\" src=\"https:\/\/i0.wp.com\/www.o-p-i.fr\/parlonsen\/wp-content\/uploads\/SDF.jpg?resize=425%2C598&#038;ssl=1\" alt=\"\" width=\"425\" height=\"598\" srcset=\"https:\/\/i0.wp.com\/www.o-p-i.fr\/parlonsen\/wp-content\/uploads\/SDF.jpg?w=425&amp;ssl=1 425w, https:\/\/i0.wp.com\/www.o-p-i.fr\/parlonsen\/wp-content\/uploads\/SDF.jpg?resize=213%2C300&amp;ssl=1 213w, https:\/\/i0.wp.com\/www.o-p-i.fr\/parlonsen\/wp-content\/uploads\/SDF.jpg?resize=107%2C150&amp;ssl=1 107w, https:\/\/i0.wp.com\/www.o-p-i.fr\/parlonsen\/wp-content\/uploads\/SDF.jpg?resize=400%2C563&amp;ssl=1 400w\" sizes=\"auto, (max-width: 425px) 100vw, 425px\" \/>Dans le cadre de son Renc&rsquo;Art d&rsquo;hiver la Compagnie du Morse pr\u00e9sente une de ses jeunes cr\u00e9ations : \u00ab\u00a0SDF : Solitude.Dr\u00f4lement.Fragile\u00a0\u00bb.<\/p>\n<p>Deux repr\u00e9sentations auront lieu ce jour, \u00e0 La Halle de Rabastens :<\/p>\n<ul>\n<li><strong>une repr\u00e9sentation scolaire<\/strong> avec les 6\u00e8mes du coll\u00e8ge L\u00e9on Gambetta, <strong>\u00e0 15H.<\/strong> \u00c0 l\u2019issue du spectacle, un bord de sc\u00e8ne, au cours duquel les \u00e9l\u00e8ves pourront \u00e9changer avec les com\u00e9diens et membres de la compagnie, est pr\u00e9vu. De nombreux \u00e9l\u00e9ments se r\u00e9v\u00e8lent pertinents \u00e0 \u00e9tudier dans le cadre de leur programme scolaire : analyse de la forme artistique th\u00e9\u00e2trale, d\u00e9couverte d\u2019une possibilit\u00e9 d\u2019orientation<br \/>\nprofessionnelle, r\u00e9flexion sur le propos du spectacle (condition des sans-abris, isolement,relations interpersonnelles\u2026).<\/li>\n<li>et <strong>une tout public le soir \u00e0 20H30<\/strong>.\u00ab <em>Solitude Dr\u00f4lement Fragile<\/em> \u00bb\n<ul>\n<li>3 mots pour partager le quotidien po\u00e9tique et rocambolesque d\u2019un sans-le sous,<\/li>\n<li>3 jours pour d\u00e9crire une vie d\u2019errance et d\u2019espoir,<\/li>\n<li>3 com\u00e9diens pour peindre l\u2019humanit\u00e9 sous toutes ses coutures.<\/li>\n<\/ul>\n<\/li>\n<\/ul>\n<p>Une pantomime burlesque pour vous emporter au bord de l\u2019\u00e9clat de rire, saupoudr\u00e9 d\u2019une larme au coin de l\u2019\u0153il !<br \/>\n<em>\u00ab C\u2019est son histoire. \u00c0 lui, qui vit sous un r\u00e9verb\u00e8re, pr\u00e8s d\u2019un banc public. Ce personnage, seul, tendre et na\u00eff, se fait entra\u00eener au milieu d\u2019une multitude de passants dans des situations toujours plus cocasses les unes que les autres. Tout va changer pour lui, gr\u00e2ce \u00e0 une rencontre aussi inattendue que po\u00e9tique\u2026 \u00bb<\/em><\/p>\n<p>LA COMPAGNIE DU MORSE<br \/>\n<strong><a href=\"mailto:ciedumorse.prodiff@gmail.com\">ciedumorse.prodiff@gmail.com<\/a><\/strong> &#8211; 07.81.89.42.26<br \/>\n53 av Jean Berenguier 81800 COUFOULEUX<\/p>\n<p><em>Information communiqu\u00e9e par Caroline PELAT<\/em><\/p>\n<p><a href=\"https:\/\/www.o-p-i.fr\/parlonsen\/agenda\/\">Retrouvez tous les \u00e9v\u00e9nements dans l&rsquo;agenda !<\/a><\/p>\n","protected":false},"excerpt":{"rendered":"<div class=\"mh-excerpt\">Vendredi 22 f\u00e9vrier 2019, \u00e0 la Halle.<\/div>\n","protected":false},"author":4,"featured_media":0,"comment_status":"open","ping_status":"open","sticky":false,"template":"","format":"standard","meta":{"om_disable_all_campaigns":false,"advanced_seo_description":"","jetpack_seo_html_title":"","jetpack_seo_noindex":false,"_jetpack_memberships_contains_paid_content":false,"footnotes":"","_links_to":"","_links_to_target":""},"categories":[42,54,3482],"tags":[72,3108,3523],"class_list":{"0":"post-39938","1":"post","2":"type-post","3":"status-publish","4":"format-standard","6":"category-a-cote-de-chez-nous","7":"category-loisirs","8":"category-n-155-fevrier-2019","9":"tag-rabastens","10":"tag-coufouleux","11":"tag-cie-du-morse"},"jetpack_featured_media_url":"","views":{"total":0,"cached_at":"","cached_date":1738511250},"jetpack_likes_enabled":true,"jetpack_sharing_enabled":true,"jetpack_shortlink":"https:\/\/wp.me\/pg7Wxj-aoa","jetpack-related-posts":[],"_links":{"self":[{"href":"https:\/\/www.o-p-i.fr\/parlonsen\/wp-json\/wp\/v2\/posts\/39938","targetHints":{"allow":["GET"]}}],"collection":[{"href":"https:\/\/www.o-p-i.fr\/parlonsen\/wp-json\/wp\/v2\/posts"}],"about":[{"href":"https:\/\/www.o-p-i.fr\/parlonsen\/wp-json\/wp\/v2\/types\/post"}],"author":[{"embeddable":true,"href":"https:\/\/www.o-p-i.fr\/parlonsen\/wp-json\/wp\/v2\/users\/4"}],"replies":[{"embeddable":true,"href":"https:\/\/www.o-p-i.fr\/parlonsen\/wp-json\/wp\/v2\/comments?post=39938"}],"version-history":[{"count":0,"href":"https:\/\/www.o-p-i.fr\/parlonsen\/wp-json\/wp\/v2\/posts\/39938\/revisions"}],"wp:attachment":[{"href":"https:\/\/www.o-p-i.fr\/parlonsen\/wp-json\/wp\/v2\/media?parent=39938"}],"wp:term":[{"taxonomy":"category","embeddable":true,"href":"https:\/\/www.o-p-i.fr\/parlonsen\/wp-json\/wp\/v2\/categories?post=39938"},{"taxonomy":"post_tag","embeddable":true,"href":"https:\/\/www.o-p-i.fr\/parlonsen\/wp-json\/wp\/v2\/tags?post=39938"}],"curies":[{"name":"wp","href":"https:\/\/api.w.org\/{rel}","templated":true}]}}