{"id":39964,"date":"2019-02-07T22:50:49","date_gmt":"2019-02-07T21:50:49","guid":{"rendered":"\/parlonsen\/?p=39964"},"modified":"2019-02-07T22:51:07","modified_gmt":"2019-02-07T21:51:07","slug":"theatre-expression-176-a-la-salvetat-belmontet-82","status":"publish","type":"post","link":"https:\/\/www.o-p-i.fr\/parlonsen\/localisation\/au-pays-des-tescous\/salvetat\/theatre-expression-176-a-la-salvetat-belmontet-82\/","title":{"rendered":"Th\u00e9\u00e2tre Expression 176&#8230;\u00e0 La Salvetat Belmontet (82)"},"content":{"rendered":"<p><strong>Samedi 2 mars 2019<\/strong>, dans la salle de ST CAPRAIS a 21 h. <!--more--><img data-recalc-dims=\"1\" loading=\"lazy\" decoding=\"async\" class=\"alignright size-full wp-image-39965\" src=\"https:\/\/i0.wp.com\/www.o-p-i.fr\/parlonsen\/wp-content\/uploads\/Fenetre.jpg?resize=283%2C227&#038;ssl=1\" alt=\"\" width=\"283\" height=\"227\" srcset=\"https:\/\/i0.wp.com\/www.o-p-i.fr\/parlonsen\/wp-content\/uploads\/Fenetre.jpg?w=283&amp;ssl=1 283w, https:\/\/i0.wp.com\/www.o-p-i.fr\/parlonsen\/wp-content\/uploads\/Fenetre.jpg?resize=150%2C120&amp;ssl=1 150w\" sizes=\"auto, (max-width: 283px) 100vw, 283px\" \/>La troupe de THEATRE EXPRESSION 176 de LA SALVETAT BELMONTET\u00a0 jouera deux pi\u00e8ces occitan fran\u00e7ais, tout les b\u00e9n\u00e9fices seront revers\u00e9 pour aider la recherche sur la maladie de CHARCOT<\/p>\n<p>Entr\u00e9e 8 euros, caf\u00e9 et verre de l\u2019amiti\u00e9 offerts.<\/p>\n<p><strong>Au programme:\u00a0<\/strong><\/p>\n<ul>\n<li>En premi\u00e8re partie, pi\u00e8ce en fran\u00e7ais de Georges FEYDEAU\u00a0 \u00ab\u00a0PAR LA FENETRE\u00a0\u00bb<\/li>\n<li>En deuxi\u00e8me partie, pi\u00e8ce en occitan \u00ab\u00a0LA BOTO DIN LOU PRAT\u00a0\u00bb\u00a0 de N , MOUYEN .<\/li>\n<\/ul>\n<p><em>Information communiqu\u00e9e par Andr\u00e9 BROUSSE<\/em><\/p>\n<p><a href=\"https:\/\/www.o-p-i.fr\/parlonsen\/agenda\/\">Retrouvez tous les \u00e9v\u00e9nements dans l&rsquo;agenda !<\/a><\/p>\n","protected":false},"excerpt":{"rendered":"<div class=\"mh-excerpt\">Samedi 2 mars 2019, dans la salle de ST CAPRAIS a 21 h.<\/div>\n","protected":false},"author":4,"featured_media":0,"comment_status":"open","ping_status":"open","sticky":false,"template":"","format":"standard","meta":{"om_disable_all_campaigns":false,"advanced_seo_description":"","jetpack_seo_html_title":"","jetpack_seo_noindex":false,"_jetpack_memberships_contains_paid_content":false,"footnotes":"","_links_to":"","_links_to_target":""},"categories":[34,54,3497],"tags":[62,181,596,1740],"class_list":{"0":"post-39964","1":"post","2":"type-post","3":"status-publish","4":"format-standard","6":"category-salvetat","7":"category-loisirs","8":"category-n-156-mars-2019","9":"tag-occitan","10":"tag-la-salvetat-belmontet","11":"tag-saint-caprais","12":"tag-theatre-a-la-campagne"},"jetpack_featured_media_url":"","views":{"total":0,"cached_at":"","cached_date":1738509620},"jetpack_likes_enabled":true,"jetpack_sharing_enabled":true,"jetpack_shortlink":"https:\/\/wp.me\/pg7Wxj-aoA","jetpack-related-posts":[],"_links":{"self":[{"href":"https:\/\/www.o-p-i.fr\/parlonsen\/wp-json\/wp\/v2\/posts\/39964","targetHints":{"allow":["GET"]}}],"collection":[{"href":"https:\/\/www.o-p-i.fr\/parlonsen\/wp-json\/wp\/v2\/posts"}],"about":[{"href":"https:\/\/www.o-p-i.fr\/parlonsen\/wp-json\/wp\/v2\/types\/post"}],"author":[{"embeddable":true,"href":"https:\/\/www.o-p-i.fr\/parlonsen\/wp-json\/wp\/v2\/users\/4"}],"replies":[{"embeddable":true,"href":"https:\/\/www.o-p-i.fr\/parlonsen\/wp-json\/wp\/v2\/comments?post=39964"}],"version-history":[{"count":0,"href":"https:\/\/www.o-p-i.fr\/parlonsen\/wp-json\/wp\/v2\/posts\/39964\/revisions"}],"wp:attachment":[{"href":"https:\/\/www.o-p-i.fr\/parlonsen\/wp-json\/wp\/v2\/media?parent=39964"}],"wp:term":[{"taxonomy":"category","embeddable":true,"href":"https:\/\/www.o-p-i.fr\/parlonsen\/wp-json\/wp\/v2\/categories?post=39964"},{"taxonomy":"post_tag","embeddable":true,"href":"https:\/\/www.o-p-i.fr\/parlonsen\/wp-json\/wp\/v2\/tags?post=39964"}],"curies":[{"name":"wp","href":"https:\/\/api.w.org\/{rel}","templated":true}]}}