{"id":40319,"date":"2019-03-22T06:50:10","date_gmt":"2019-03-22T05:50:10","guid":{"rendered":"\/parlonsen\/?p=40319"},"modified":"2019-03-22T06:54:06","modified_gmt":"2019-03-22T05:54:06","slug":"festival-des-10-ans-des-emeraudes-a-salvagnac-81","status":"publish","type":"post","link":"https:\/\/www.o-p-i.fr\/parlonsen\/localisation\/au-pays-des-tescous\/salvagnac\/festival-des-10-ans-des-emeraudes-a-salvagnac-81\/","title":{"rendered":"Festival des 10 ans des Emeraudes&#8230;\u00e0 Salvagnac (81)"},"content":{"rendered":"<p><span style=\"font-family: Times New Roman, serif;\"><span style=\"font-size: medium;\"><strong>Dimanche 19 mai 2019<\/strong>, une manifestation en deux parties.<\/span><\/span><br \/>\n<!--more--><\/p>\n<p align=\"JUSTIFY\"><span style=\"font-family: Times New Roman, serif;\"><span style=\"font-size: medium;\"> <img data-recalc-dims=\"1\" loading=\"lazy\" decoding=\"async\" class=\"alignright size-full wp-image-40320\" src=\"https:\/\/i0.wp.com\/www.o-p-i.fr\/parlonsen\/wp-content\/uploads\/emeraudes-10.jpg?resize=425%2C296&#038;ssl=1\" alt=\"\" width=\"425\" height=\"296\" srcset=\"https:\/\/i0.wp.com\/www.o-p-i.fr\/parlonsen\/wp-content\/uploads\/emeraudes-10.jpg?w=425&amp;ssl=1 425w, https:\/\/i0.wp.com\/www.o-p-i.fr\/parlonsen\/wp-content\/uploads\/emeraudes-10.jpg?resize=300%2C209&amp;ssl=1 300w, https:\/\/i0.wp.com\/www.o-p-i.fr\/parlonsen\/wp-content\/uploads\/emeraudes-10.jpg?resize=150%2C104&amp;ssl=1 150w, https:\/\/i0.wp.com\/www.o-p-i.fr\/parlonsen\/wp-content\/uploads\/emeraudes-10.jpg?resize=400%2C279&amp;ssl=1 400w\" sizes=\"auto, (max-width: 425px) 100vw, 425px\" \/>Dix ans d\u00e9j\u00e0 d\u2019existence des<strong> <a href=\"https:\/\/www.o-p-i.fr\/aupays\/annuaire\/loisirs\/les-emeraudes-du-pays-salvagnacois\/\">Emeraudes du Pays Salvagnacois<\/a><\/strong>, gr\u00e2ce aux filles, \u00e0 l\u2019encadrement, aux parents sans qui rien ne serait possible, sans oublier Monsieur le Maire de Montgaillard qui a accept\u00e9 l\u2019installation de notre si\u00e8ge \u00e0 la Mairie et nous soutient dans nos projets.<br \/>\nCette ann\u00e9e est celle de notre festival amical qui se d\u00e9roulera le dimanche 19 mai 2019 \u00e0 Salvagnac en deux parties, <\/span><\/span><\/p>\n<ul>\n<li><span style=\"font-family: Times New Roman, serif;\"><span style=\"font-size: medium;\">l\u2019une le matin lors d\u2019un d\u00e9fil\u00e9 dans les rues de 10h00 \u00e0 11h30, <\/span><\/span><\/li>\n<li><span style=\"font-family: Times New Roman, serif;\"><span style=\"font-size: medium;\">l\u2019autre l\u2019apr\u00e8s-midi dans la salle de sport \u00ab&nbsp;Le Buc&nbsp;\u00bb \u00e0 Salvagnac ou sept formations de majorettes \u00e9volueront de 13h30 \u00e0 17h00 (entr\u00e9e libre).<\/span><\/span><\/li>\n<\/ul>\n<p align=\"JUSTIFY\"><span style=\"font-family: Times New Roman, serif;\"><span style=\"font-size: medium;\">Nos remerciements \u00e0 Monsieur le Maire de Salvagnac pour son accueil dans la commune et la mise \u00e0 disposition d\u2019infrastructures nous permettant d\u2019organiser avec s\u00e9r\u00e9nit\u00e9 cette journ\u00e9e, merci \u00e9galement pour son intervention aupr\u00e8s de la batterie fanfare des Sapeurs Pompiers Tarn\/H\u00e9rault qui nous accompagnera pour cet \u00e9v\u00e8nement.<\/span><\/span><\/p>\n<p><span style=\"color: #ff6600;\"><span style=\"font-family: Times New Roman, serif;\"><span style=\"font-size: medium;\"><b>Vos Contacts :<\/b><\/span><\/span><\/span><span style=\"font-family: Times New Roman, serif;\"><span style=\"font-size: medium;\"><b><br \/>\nMme Caroline BAUDELET au 06 13 56 03 05<br \/>\nMme Annabelle DESCHAMP au 06 75 15 67 59 <\/b><\/span><\/span><\/p>\n<p><span style=\"font-family: Times New Roman, serif;\"><span style=\"font-size: medium;\"><b>Courriel : <\/b><\/span><\/span><a href=\"mailto:lesemeraudes81@free.fr\"><span style=\"color: #0000ff;\"><span style=\"font-family: Times New Roman, serif;\"><span style=\"font-size: medium;\"><u><b>lesemeraudes81@free.fr<\/b><\/u><\/span><\/span><\/span><\/a><\/p>\n<p><span style=\"color: #ff6600;\"><span style=\"font-family: Times New Roman, serif;\"><span style=\"font-size: medium;\"><b>Si\u00e8ge :<\/b><\/span><\/span><\/span><span style=\"font-family: Times New Roman, serif;\"><span style=\"font-size: medium;\"><b><br \/>\nMairie de Montgaillard<br \/>\n81630 MONTGAILLARD<\/b><\/span><\/span><\/p>\n<p><em>Information communiqu\u00e9e par Gabriel BAUDELET<\/em><\/p>\n<p><a href=\"https:\/\/www.o-p-i.fr\/parlonsen\/agenda\/\">Retrouvez tous les \u00e9v\u00e9nements dans l&rsquo;agenda !<\/a><\/p>\n<p align=\"JUSTIFY\">\n","protected":false},"excerpt":{"rendered":"<div class=\"mh-excerpt\">Dimanche 19 mai 2019, une manifestation en deux parties.<\/div>\n","protected":false},"author":4,"featured_media":0,"comment_status":"open","ping_status":"open","sticky":false,"template":"","format":"standard","meta":{"om_disable_all_campaigns":false,"advanced_seo_description":"","jetpack_seo_html_title":"","jetpack_seo_noindex":false,"_jetpack_memberships_contains_paid_content":false,"footnotes":"","_links_to":"","_links_to_target":""},"categories":[52,54,31,25,3499],"tags":[2548,83,677,795,3206],"class_list":{"0":"post-40319","1":"post","2":"type-post","3":"status-publish","4":"format-standard","6":"category-parlons-en","7":"category-loisirs","8":"category-montgaillard","9":"category-salvagnac","10":"category-n-158-mai-2019","11":"tag-salvagnac","12":"tag-anniversaire","13":"tag-festival","14":"tag-pays-salvagnacois","15":"tag-les-emeraudes"},"jetpack_featured_media_url":"","views":{"total":0,"cached_at":"","cached_date":1738535926},"jetpack_likes_enabled":true,"jetpack_sharing_enabled":true,"jetpack_shortlink":"https:\/\/wp.me\/pg7Wxj-auj","jetpack-related-posts":[],"_links":{"self":[{"href":"https:\/\/www.o-p-i.fr\/parlonsen\/wp-json\/wp\/v2\/posts\/40319","targetHints":{"allow":["GET"]}}],"collection":[{"href":"https:\/\/www.o-p-i.fr\/parlonsen\/wp-json\/wp\/v2\/posts"}],"about":[{"href":"https:\/\/www.o-p-i.fr\/parlonsen\/wp-json\/wp\/v2\/types\/post"}],"author":[{"embeddable":true,"href":"https:\/\/www.o-p-i.fr\/parlonsen\/wp-json\/wp\/v2\/users\/4"}],"replies":[{"embeddable":true,"href":"https:\/\/www.o-p-i.fr\/parlonsen\/wp-json\/wp\/v2\/comments?post=40319"}],"version-history":[{"count":0,"href":"https:\/\/www.o-p-i.fr\/parlonsen\/wp-json\/wp\/v2\/posts\/40319\/revisions"}],"wp:attachment":[{"href":"https:\/\/www.o-p-i.fr\/parlonsen\/wp-json\/wp\/v2\/media?parent=40319"}],"wp:term":[{"taxonomy":"category","embeddable":true,"href":"https:\/\/www.o-p-i.fr\/parlonsen\/wp-json\/wp\/v2\/categories?post=40319"},{"taxonomy":"post_tag","embeddable":true,"href":"https:\/\/www.o-p-i.fr\/parlonsen\/wp-json\/wp\/v2\/tags?post=40319"}],"curies":[{"name":"wp","href":"https:\/\/api.w.org\/{rel}","templated":true}]}}