{"id":4033,"date":"2010-06-01T12:13:20","date_gmt":"2010-06-01T10:13:20","guid":{"rendered":"\/parlonsen\/?p=4033"},"modified":"2010-06-01T12:13:20","modified_gmt":"2010-06-01T10:13:20","slug":"fetes-des-ecoles-la-rose-des-vents-a-monclar-de-quercy","status":"publish","type":"post","link":"https:\/\/www.o-p-i.fr\/parlonsen\/localisation\/au-pays-des-tescous\/monclar\/fetes-des-ecoles-la-rose-des-vents-a-monclar-de-quercy\/","title":{"rendered":"F\u00eates des \u00c9coles \u00ab\u00a0La Rose des Vents\u00a0\u00bb &#8230; \u00e0 Monclar de Quercy"},"content":{"rendered":"<p><span style=\"color: #ff6600;\"><strong>Samedi 5 Juin<\/strong><\/span>, \u00e0 14h30, dans la cour de l&rsquo;<span style=\"color: #ff6600;\"><strong>\u00e9cole publique<\/strong><\/span>, venez nombreux assister au <span style=\"color: #ff6600;\">spectacle de l&rsquo;\u00e9cole<\/span>.<!--more--><\/p>\n<figure id=\"attachment_4034\" aria-describedby=\"caption-attachment-4034\" style=\"width: 300px\" class=\"wp-caption alignleft\"><img data-recalc-dims=\"1\" loading=\"lazy\" decoding=\"async\" class=\"size-full wp-image-4034\" title=\"Monclar de Quercy (82)\" src=\"https:\/\/i0.wp.com\/www.o-p-i.fr\/parlonsen\/wp-content\/uploads\/kermesse_rosedesvents_2010.jpg?resize=300%2C497&#038;ssl=1\" alt=\"Monclar de Quercy (82)\" width=\"300\" height=\"497\" srcset=\"https:\/\/i0.wp.com\/www.o-p-i.fr\/parlonsen\/wp-content\/uploads\/kermesse_rosedesvents_2010.jpg?w=300&amp;ssl=1 300w, https:\/\/i0.wp.com\/www.o-p-i.fr\/parlonsen\/wp-content\/uploads\/kermesse_rosedesvents_2010.jpg?resize=181%2C300&amp;ssl=1 181w\" sizes=\"auto, (max-width: 300px) 100vw, 300px\" \/><figcaption id=\"caption-attachment-4034\" class=\"wp-caption-text\">Monclar de Quercy (82)<\/figcaption><\/figure>\n<p>-&gt; A partir de 16h30<\/p>\n<p>Kermesse avec buvette et nombreux stands. Ouverts \u00e0 tous les enfants !<\/p>\n<p>-&gt;\u00a0 A partir de 18h30<\/p>\n<p>Buffet Interculturel (vos sp\u00e9cialit\u00e9s \u00e0 partager !\u00e0<\/p>\n<p>Entr\u00e9e Libre<\/p>\n<p><span style=\"color: #ff6600;\"><strong>Contact : Association des Parents d&rsquo;Eleves Motiv\u00e9s<\/strong><\/span><br \/>\n<span style=\"color: #ff6600;\"> \u00c9colesPubliques La Rose des Vents<br \/>\n3167 Route de la Gr\u00e9signe<br \/>\n82230 MONCLAR de QUERCY<\/span><\/p>\n<p><span style=\"color: #ff6600;\">T\u00e9l. : 06 30 99 89 45 (Christophe Delcros &#8211; Vice Pr\u00e9sident)<\/span><\/p>\n<p><span style=\"color: #ff6600;\">Courriel : <a href=\"mailto:sebastien.gosso@orange.fr\">sebastien.gosso@orange.fr<\/a> (S\u00e9bastien Gosso &#8211; Secr\u00e9taire)<\/span><\/p>\n<p><em><span style=\"color: #000000;\">Source : Tract de l&rsquo;association<\/span><\/em><\/p>\n<p><a href=\"https:\/\/www.o-p-i.fr\/parlonsen\/agenda\/\"><strong>Retrouvez tous les \u00e9v\u00e8nements dans l&rsquo;agenda !<\/strong><\/a><\/p>\n","protected":false},"excerpt":{"rendered":"<div class=\"mh-excerpt\">Samedi 5 Juin, \u00e0 14h30, dans la cour de l&rsquo;\u00e9cole publique, venez nombreux assister au spectacle de l&rsquo;\u00e9cole.<\/div>\n","protected":false},"author":2,"featured_media":0,"comment_status":"open","ping_status":"open","sticky":false,"template":"","format":"standard","meta":{"om_disable_all_campaigns":false,"advanced_seo_description":"","jetpack_seo_html_title":"","jetpack_seo_noindex":false,"_jetpack_memberships_contains_paid_content":false,"footnotes":"","_links_to":"","_links_to_target":""},"categories":[16,54,291,563],"tags":[569,56,67,132,157,323,441],"class_list":{"0":"post-4033","1":"post","2":"type-post","3":"status-publish","4":"format-standard","6":"category-monclar","7":"category-loisirs","8":"category-solidarite","9":"category-n-50-juin-2010","10":"tag-kermesse","11":"tag-fete","12":"tag-ecole","13":"tag-spectacle","14":"tag-repas","15":"tag-enfant","16":"tag-spectacle-enfant"},"jetpack_featured_media_url":"","views":{"total":0,"cached_at":"","cached_date":1738514419},"jetpack_likes_enabled":true,"jetpack_sharing_enabled":true,"jetpack_shortlink":"https:\/\/wp.me\/pg7Wxj-133","jetpack-related-posts":[],"_links":{"self":[{"href":"https:\/\/www.o-p-i.fr\/parlonsen\/wp-json\/wp\/v2\/posts\/4033","targetHints":{"allow":["GET"]}}],"collection":[{"href":"https:\/\/www.o-p-i.fr\/parlonsen\/wp-json\/wp\/v2\/posts"}],"about":[{"href":"https:\/\/www.o-p-i.fr\/parlonsen\/wp-json\/wp\/v2\/types\/post"}],"author":[{"embeddable":true,"href":"https:\/\/www.o-p-i.fr\/parlonsen\/wp-json\/wp\/v2\/users\/2"}],"replies":[{"embeddable":true,"href":"https:\/\/www.o-p-i.fr\/parlonsen\/wp-json\/wp\/v2\/comments?post=4033"}],"version-history":[{"count":0,"href":"https:\/\/www.o-p-i.fr\/parlonsen\/wp-json\/wp\/v2\/posts\/4033\/revisions"}],"wp:attachment":[{"href":"https:\/\/www.o-p-i.fr\/parlonsen\/wp-json\/wp\/v2\/media?parent=4033"}],"wp:term":[{"taxonomy":"category","embeddable":true,"href":"https:\/\/www.o-p-i.fr\/parlonsen\/wp-json\/wp\/v2\/categories?post=4033"},{"taxonomy":"post_tag","embeddable":true,"href":"https:\/\/www.o-p-i.fr\/parlonsen\/wp-json\/wp\/v2\/tags?post=4033"}],"curies":[{"name":"wp","href":"https:\/\/api.w.org\/{rel}","templated":true}]}}