{"id":4048,"date":"2010-06-01T17:13:50","date_gmt":"2010-06-01T15:13:50","guid":{"rendered":"\/parlonsen\/?p=4048"},"modified":"2010-06-04T11:20:51","modified_gmt":"2010-06-04T09:20:51","slug":"clae-et-familles-rurales-a-monclar-de-quercy","status":"publish","type":"post","link":"https:\/\/www.o-p-i.fr\/parlonsen\/parlons-en\/pratique\/clae-et-familles-rurales-a-monclar-de-quercy\/","title":{"rendered":"CLAE et Familles Rurales &#8230; \u00e0 Monclar de Quercy"},"content":{"rendered":"<p style=\"text-align: justify;\">Petits rappels organisationnels ! <span style=\"color: #ff6600;\"><strong><span style=\"color: #000000;\">Les dossiers d&rsquo;inscription sont \u00e0 retirer au CLAE d\u00e8s maintenant <\/span><\/strong><!--more--><span style=\"color: #000000;\">et les r\u00e9inscriptions (dossiers donn\u00e9s aux enfants par le biais du cartable) sont \u00e0 renvoyer au clae pour le 15 juin au plus tard.A\u00a0 cette date, les inscriptions administratives seront closes<\/span><span style=\"color: #000000;\"><span style=\"text-decoration: underline;\"><\/span><\/span><\/span><span style=\"color: #000000;\">.<\/span><\/p>\n<p style=\"text-align: justify;\">\n<span style=\"color: #ff6600;\"><strong>Conditions d\u2018admission<\/strong><\/span><\/p>\n<p style=\"text-align: justify;\"><span style=\"color: #808000;\">1. Les enfants doivent \u00eatre scolaris\u00e9s sur la commune de Monclar de Quercy.<\/span><\/p>\n<p style=\"text-align: justify;\"><span style=\"color: #808000;\">2. Inscription<\/span><br \/>\n<span style=\"text-decoration: underline;\">a. 1ere inscription\u00a0:<\/span><br \/>\nLes familles doivent avoir remplies et sign\u00e9es le dossier d\u2019inscription\u00a0:<br \/>\n&#8211; fiche famille<br \/>\n&#8211; 1 photo \u00e0 partir du CP<br \/>\n&#8211; fiche individuelle<br \/>\n&#8211; fiche sanitaire<br \/>\n&#8211; fiche autorisation<br \/>\n&#8211; fiche de pr\u00e9sence pr\u00e9visionnelle de l\u2019enfant\u00a0:<br \/>\nPour des raisons d\u2019organisation du personnel d\u2019encadrement, les parents doivent inscrire leur(s) enfant(s) une semaine \u00e0 l\u2019avance. Il est \u00e9galement possible, et conseill\u00e9 lorsque cela est possible, de faire une inscription \u00e0 l\u2019ann\u00e9e.<br \/>\nDans le cadre des inscriptions occasionnelles vous devez t\u00e9l\u00e9phoner au 05.63.27.24.65 ou envoyer un mail \u00e0 <a href=\"mailto:claemonclar@orange.fr\">claemonclar@orange.fr<\/a><\/p>\n<p style=\"text-align: justify;\"><span style=\"text-decoration: underline;\">b. R\u00e9inscription\u00a0:<\/span><br \/>\nLe dossier qui vous a \u00e9t\u00e9 remis doit \u00eatre compl\u00e9t\u00e9 ou corrig\u00e9 en rouge et rendu au clae<br \/>\nFournir une photo \u00e0 partir du CP pour l\u2019\u00e9tablissement d\u2019une carte individuelle.<\/p>\n<p style=\"text-align: justify;\"><span style=\"color: #808000;\">3. Obligation des familles\u00a0:<\/span><br \/>\nLes familles doivent soit\u00a0:<br \/>\n&#8211; payer leur cotisation annuelle,<br \/>\n&#8211; montrer leur cotisation effectu\u00e9e ailleurs<br \/>\n&#8211; fournir une attestation d\u2019assurance responsabilit\u00e9 civile et garantie individuelle accidents corporels pour les activit\u00e9s extrascolaires.<\/p>\n<p style=\"text-align: justify;\"><span style=\"color: #808000;\">4. Tarification 2010-2011\u00a0:<\/span><br \/>\nA- Adh\u00e9sion annuelle \u00e0 l\u2019association Famille Rurales de Monclar de Quercy : non  connu \u00e0 ce jour<br \/>\nB- Tarif mensuel\u00a0:<br \/>\n7\u20ac pour 1 enfant<br \/>\n10\u20ac pour 2 enfants<br \/>\n13,50\u20ac pour 3 enfants<br \/>\n16 \u20ac pour 4 et +<br \/>\nC- Tarif ponctuel\u00a0: 1\u20ac   par jour et par enfant.<\/p>\n<p style=\"text-align: justify;\"><span style=\"color: #808000;\">5. Documents \u00e0 consulter au clae  et remis sur demande\u00a0:<\/span><br \/>\nProjet \u00e9ducatif, projet p\u00e9dagogique et r\u00e8glement int\u00e9rieur.<\/p>\n<p style=\"text-align: justify;\">TOUS CES DOCUMENTS DOIVENT \u00caTRE RAMEN\u00c9S AU PLUS T\u00d4T. LES R\u00c9INSCRIPTIONS ADMINISTRATIVES SERONT CLOSES AU 15 JUIN 2010. Ceci dans un souci d\u2019organisation et de gestion.<\/p>\n<p style=\"text-align: justify;\"><span style=\"color: #ff6600;\"><strong><\/strong><\/span><\/p>\n<figure style=\"width: 120px\" class=\"wp-caption alignleft\"><strong><strong><img data-recalc-dims=\"1\" loading=\"lazy\" decoding=\"async\" class=\" \" title=\"Logo Familles Rurales\" src=\"https:\/\/i0.wp.com\/www.o-p-i.fr\/parlonsen\/wp-content\/uploads\/logo_afr.jpg?resize=120%2C139&#038;ssl=1\" alt=\"Logo Familles Rurales\" width=\"120\" height=\"139\" \/><\/strong><\/strong><figcaption class=\"wp-caption-text\">Logo Familles Rurales<\/figcaption><\/figure>\n<p><strong>Contact  : <a title=\"En savoir +\" href=\"https:\/\/www.o-p-i.fr\/aupays\/annuaire\/maison-de-lenfance-monclar-de-quercy\/\">Association Familles Rurales de Monclar<\/a><\/strong><br \/>\n<span style=\"color: #ff6600;\">Sylvaine DIENE<\/span><\/p>\n<p style=\"text-align: justify;\"><span style=\"color: #ff6600;\">Adresse  : 1-3 rue Regain<br \/>\n82230 MONCLAR DE QUERCY<\/span><\/p>\n<p style=\"margin-bottom: 0cm; text-align: justify;\"><span style=\"color: #ff6600;\">T\u00e9l.\u00a0: 0563272465 <\/span><\/p>\n<p style=\"margin-bottom: 0cm; text-align: justify;\"><span style=\"color: #ff6600;\">Courriel : <a href=\"mailto:claemonclar@orange.fr\">claemonclar@orange.fr<\/a><\/span><\/p>\n<p><span style=\"color: #ff6600;\"><span style=\"color: #000000;\"><em>Communiqu\u00e9 de  Sylvaine Diene pour Familles Rurales &#8211;\u00a0 Monclar de Quercy <\/em><\/span><\/span><\/p>\n","protected":false},"excerpt":{"rendered":"<div class=\"mh-excerpt\">Petits rappels organisationnels ! Les dossiers d&rsquo;inscription sont \u00e0 retirer au CLAE d\u00e8s maintenant<\/div>\n","protected":false},"author":2,"featured_media":0,"comment_status":"open","ping_status":"open","sticky":false,"template":"","format":"standard","meta":{"om_disable_all_campaigns":false,"advanced_seo_description":"","jetpack_seo_html_title":"","jetpack_seo_noindex":false,"_jetpack_memberships_contains_paid_content":false,"footnotes":"","_links_to":"","_links_to_target":""},"categories":[16,6,563],"tags":[143,382,469,560],"class_list":{"0":"post-4048","1":"post","2":"type-post","3":"status-publish","4":"format-standard","6":"category-monclar","7":"category-pratique","8":"category-n-50-juin-2010","9":"tag-monclar-de-quercy","10":"tag-familles-rurales","11":"tag-centre-de-loisirs","12":"tag-clae"},"jetpack_featured_media_url":"","views":{"total":0,"cached_at":"","cached_date":1738514459},"jetpack_likes_enabled":true,"jetpack_sharing_enabled":true,"jetpack_shortlink":"https:\/\/wp.me\/pg7Wxj-13i","jetpack-related-posts":[],"_links":{"self":[{"href":"https:\/\/www.o-p-i.fr\/parlonsen\/wp-json\/wp\/v2\/posts\/4048","targetHints":{"allow":["GET"]}}],"collection":[{"href":"https:\/\/www.o-p-i.fr\/parlonsen\/wp-json\/wp\/v2\/posts"}],"about":[{"href":"https:\/\/www.o-p-i.fr\/parlonsen\/wp-json\/wp\/v2\/types\/post"}],"author":[{"embeddable":true,"href":"https:\/\/www.o-p-i.fr\/parlonsen\/wp-json\/wp\/v2\/users\/2"}],"replies":[{"embeddable":true,"href":"https:\/\/www.o-p-i.fr\/parlonsen\/wp-json\/wp\/v2\/comments?post=4048"}],"version-history":[{"count":0,"href":"https:\/\/www.o-p-i.fr\/parlonsen\/wp-json\/wp\/v2\/posts\/4048\/revisions"}],"wp:attachment":[{"href":"https:\/\/www.o-p-i.fr\/parlonsen\/wp-json\/wp\/v2\/media?parent=4048"}],"wp:term":[{"taxonomy":"category","embeddable":true,"href":"https:\/\/www.o-p-i.fr\/parlonsen\/wp-json\/wp\/v2\/categories?post=4048"},{"taxonomy":"post_tag","embeddable":true,"href":"https:\/\/www.o-p-i.fr\/parlonsen\/wp-json\/wp\/v2\/tags?post=4048"}],"curies":[{"name":"wp","href":"https:\/\/api.w.org\/{rel}","templated":true}]}}