{"id":40702,"date":"2019-03-07T13:33:49","date_gmt":"2019-03-07T12:33:49","guid":{"rendered":"\/parlonsen\/?p=40702"},"modified":"2019-03-07T13:34:52","modified_gmt":"2019-03-07T12:34:52","slug":"recital-de-musique-de-chambre-a-saint-sulpice-la-pointe-81","status":"publish","type":"post","link":"https:\/\/www.o-p-i.fr\/parlonsen\/parlons-en\/culture\/recital-de-musique-de-chambre-a-saint-sulpice-la-pointe-81\/","title":{"rendered":"R\u00e9cital de musique de chambre&#8230; \u00e0 Saint Sulpice la Pointe (81)"},"content":{"rendered":"<p><strong>Dimanche 17 mars 2019<\/strong> \u00e0 17h., Grange de Mondelle.<!--more--><img data-recalc-dims=\"1\" loading=\"lazy\" decoding=\"async\" class=\"alignright size-medium wp-image-40704\" src=\"https:\/\/i0.wp.com\/www.o-p-i.fr\/parlonsen\/wp-content\/uploads\/la-grange.jpg?resize=300%2C181&#038;ssl=1\" alt=\"\" width=\"300\" height=\"181\" srcset=\"https:\/\/i0.wp.com\/www.o-p-i.fr\/parlonsen\/wp-content\/uploads\/la-grange.jpg?resize=300%2C181&amp;ssl=1 300w, https:\/\/i0.wp.com\/www.o-p-i.fr\/parlonsen\/wp-content\/uploads\/la-grange.jpg?resize=150%2C91&amp;ssl=1 150w, https:\/\/i0.wp.com\/www.o-p-i.fr\/parlonsen\/wp-content\/uploads\/la-grange.jpg?resize=400%2C242&amp;ssl=1 400w, https:\/\/i0.wp.com\/www.o-p-i.fr\/parlonsen\/wp-content\/uploads\/la-grange.jpg?w=425&amp;ssl=1 425w\" sizes=\"auto, (max-width: 300px) 100vw, 300px\" \/>Concert: Anne VANHEMS, violon et Pierre MARECHAL, piano<br \/>\nLe duo de musique classique violon-piano Anne Vanhems et Pierre Mar\u00e9chal vous invite \u00e0 un voyage color\u00e9 et contrast\u00e9 entre musique slave, musique du nord et musique espagnole. Grieg, Dvorak, Manuel de Falla entrent dans la danse et font alterner m\u00e9lancolie, r\u00eaverie douce et joie sauvage.<\/p>\n<p>Le duo musical toulousain Anne Vanhems et Pierre Mar\u00e9chal s&rsquo;est form\u00e9 il y a 5 ans et propose un r\u00e9pertoire classique vari\u00e9 autour du violon et du piano.<\/p>\n<p><strong> Pour y aller:<\/strong><br \/>\nLa grange de Mondelle 596 rte de Roques\u00e9ri\u00e8re<br \/>\n81370-Saint Sulpice la Pointe<\/p>\n<p><strong>Tarifs<\/strong> : Adulte :10\u20ac Enfant :&lt; 4 ans : gratuit R\u00e9duit :8\u20ac, 5\u20ac<\/p>\n<p><strong>Organisateur : <a href=\"http:\/\/lepindesarts.fr\">Le Pin des Arts<\/a><\/strong><\/p>\n<p><strong> Contact : <\/strong>Berrone St\u00e9phane<br \/>\nT\u00e9l. :06 14 31 78 80<br \/>\nCourriel : <a href=\"mailto:lepindesarts@gmail.com\">lepindesarts@gmail.com<\/a><\/p>\n<p><em>Information communiqu\u00e9e par Juani DELMAS<\/em><\/p>\n<p><a href=\"https:\/\/www.o-p-i.fr\/parlonsen\/agenda\/\">Retrouvez tous les \u00e9v\u00e9nements dans l&rsquo;agenda !<\/a><\/p>\n","protected":false},"excerpt":{"rendered":"<div class=\"mh-excerpt\">Dimanche 17 mars 2019 \u00e0 17h., Grange de Mondelle.<\/div>\n","protected":false},"author":4,"featured_media":0,"comment_status":"open","ping_status":"open","sticky":false,"template":"","format":"standard","meta":{"om_disable_all_campaigns":false,"advanced_seo_description":"","jetpack_seo_html_title":"","jetpack_seo_noindex":false,"_jetpack_memberships_contains_paid_content":false,"footnotes":"","_links_to":"","_links_to_target":""},"categories":[52,42,1,54,3497],"tags":[286,623,1384,1704,2739,3071],"class_list":{"0":"post-40702","1":"post","2":"type-post","3":"status-publish","4":"format-standard","6":"category-parlons-en","7":"category-a-cote-de-chez-nous","8":"category-culture","9":"category-loisirs","10":"category-n-156-mars-2019","11":"tag-musique-classique","12":"tag-recital","13":"tag-piano","14":"tag-violon","15":"tag-saint-sulpice-la-pointe","16":"tag-la-grange-de-mondelle"},"jetpack_featured_media_url":"","views":{"total":0,"cached_at":"","cached_date":1738510750},"jetpack_likes_enabled":true,"jetpack_sharing_enabled":true,"jetpack_shortlink":"https:\/\/wp.me\/pg7Wxj-aAu","jetpack-related-posts":[],"_links":{"self":[{"href":"https:\/\/www.o-p-i.fr\/parlonsen\/wp-json\/wp\/v2\/posts\/40702","targetHints":{"allow":["GET"]}}],"collection":[{"href":"https:\/\/www.o-p-i.fr\/parlonsen\/wp-json\/wp\/v2\/posts"}],"about":[{"href":"https:\/\/www.o-p-i.fr\/parlonsen\/wp-json\/wp\/v2\/types\/post"}],"author":[{"embeddable":true,"href":"https:\/\/www.o-p-i.fr\/parlonsen\/wp-json\/wp\/v2\/users\/4"}],"replies":[{"embeddable":true,"href":"https:\/\/www.o-p-i.fr\/parlonsen\/wp-json\/wp\/v2\/comments?post=40702"}],"version-history":[{"count":0,"href":"https:\/\/www.o-p-i.fr\/parlonsen\/wp-json\/wp\/v2\/posts\/40702\/revisions"}],"wp:attachment":[{"href":"https:\/\/www.o-p-i.fr\/parlonsen\/wp-json\/wp\/v2\/media?parent=40702"}],"wp:term":[{"taxonomy":"category","embeddable":true,"href":"https:\/\/www.o-p-i.fr\/parlonsen\/wp-json\/wp\/v2\/categories?post=40702"},{"taxonomy":"post_tag","embeddable":true,"href":"https:\/\/www.o-p-i.fr\/parlonsen\/wp-json\/wp\/v2\/tags?post=40702"}],"curies":[{"name":"wp","href":"https:\/\/api.w.org\/{rel}","templated":true}]}}