{"id":4087,"date":"2010-06-08T12:18:04","date_gmt":"2010-06-08T10:18:04","guid":{"rendered":"\/parlonsen\/?p=4087"},"modified":"2014-04-28T23:37:31","modified_gmt":"2014-04-28T21:37:31","slug":"sanke-danse-pour-vous","status":"publish","type":"post","link":"https:\/\/www.o-p-i.fr\/parlonsen\/parlons-en\/culture\/sanke-danse-pour-vous\/","title":{"rendered":"Sank\u00e9, danse ! pour vous"},"content":{"rendered":"<p>L&rsquo;association <a title=\"En savoir +\" href=\"https:\/\/www.o-p-i.fr\/aupays\/annuaire\/loisirs\/association-sanke-danse\/\">Sank\u00e9, danse !<\/a> vous propose son programme de d\u00e9but d&rsquo;\u00e9t\u00e9 ! <!--more--><\/p>\n<figure id=\"attachment_4088\" aria-describedby=\"caption-attachment-4088\" style=\"width: 200px\" class=\"wp-caption alignleft\"><img data-recalc-dims=\"1\" loading=\"lazy\" decoding=\"async\" class=\"size-full wp-image-4088\" title=\"Yekini\" src=\"https:\/\/i0.wp.com\/www.o-p-i.fr\/parlonsen\/wp-content\/uploads\/yekini1.jpg?resize=200%2C530&#038;ssl=1\" alt=\"Yekini\" width=\"200\" height=\"530\" srcset=\"https:\/\/i0.wp.com\/www.o-p-i.fr\/parlonsen\/wp-content\/uploads\/yekini1.jpg?w=200&amp;ssl=1 200w, https:\/\/i0.wp.com\/www.o-p-i.fr\/parlonsen\/wp-content\/uploads\/yekini1.jpg?resize=113%2C300&amp;ssl=1 113w\" sizes=\"auto, (max-width: 200px) 100vw, 200px\" \/><figcaption id=\"caption-attachment-4088\" class=\"wp-caption-text\">Yekini<\/figcaption><\/figure>\n<p>Au plaisir de s&rsquo;y retrouver pour d&rsquo;agr\u00e9ables moments de danse, cirque, musique et f\u00eate \u00e0 l&rsquo;africaine &#8230;<\/p>\n<p><strong>JUIN<\/strong><\/p>\n<p><strong>&#8211; Samedi 12 Juin &#8211;<\/strong><\/p>\n<p>D\u00e9monstration de danse africaine\u00a0 &#8211; Spectacle de danse de Montdurausse 81 (<a title=\"Cliquez ici pour en savoir +\" href=\"https:\/\/www.o-p-i.fr\/parlonsen\/localisation\/montdurausse\/le-tour-du-monde-en-dansant-les-20-ans-de-danse-sport-et-culture-de-montdurausse\/\">En savoir +<\/a>)<\/p>\n<p><strong>&#8211; Lundi 21 Juin &#8211;<\/strong><\/p>\n<p>F\u00eate de la musique &#8211; Rodez 12<\/p>\n<p><strong>&#8211; Vendredi 25 Juin &#8211;<\/strong><\/p>\n<p>Soir\u00e9e africaine &#8211; Halle ronde de Lavaur 81 (<a title=\"Cliquez ici pour en savoir +\" href=\"https:\/\/www.o-p-i.fr\/parlonsen\/localisation\/a-cote-de-chez-nous\/danse-africaine-a-lavaur\/\">En savoir +<\/a>)<\/p>\n<p><strong>&#8211; Samedi 26 Juin &#8211;<\/strong><\/p>\n<p>Diner Spectacle &#8211; Restaurant la cuisine des Pibouls, Montauban 82<\/p>\n<p><strong>JUILLET<\/strong><\/p>\n<p>Tous les mardis apr\u00e8s-midi  : Initiation danse, cirque, percussions aux hameaux des lacs \u00e0 Monclar 82<\/p>\n<p><strong>&#8211; Dimanche 4 Juillet &#8211;<\/strong><\/p>\n<p>D\u00e9monstration de danse africaine et atelier cirque enfant : 1er March\u00e9 Occitan de la saison \u00e0 Monclar de Quercy 82<\/p>\n<p><strong>&#8211; Lundi 12 et Mardi 13 Juillet\u00a0 &#8211;<br \/>\n<\/strong><\/p>\n<p>Atelier de cirque enfants &#8211; au centre de loisirs les Galopins \u00e0 Montdurausse 81 (<a title=\"Cliquez ici pour en savoir +\" href=\"https:\/\/www.o-p-i.fr\/parlonsen\/parlons-en\/pratique\/les-vacances-dete-au-centre-de-loisirs-des-galopins-a-montdurausse\/\" target=\"_self\">En savoir +<\/a>)<\/p>\n<p><strong>Contact : Association Sank\u00e9, danse !<\/strong><\/p>\n<p>Courriel : <a href=\"mailto:sankedanse@gmail.com\">sankedanse@gmail.com<\/a><\/p>\n<p>Site : <a title=\"Ouvre le site dans une nouvelle fen\u00eatre\" href=\"http:\/\/www.myspace\/sankedanse\" target=\"_blank\">www.myspace\/sankedanse<\/a><\/p>\n<p><em>Communiqu\u00e9 de <a title=\"En savoir +\" href=\"https:\/\/www.o-p-i.fr\/aupays\/annuaire\/loisirs\/association-sanke-danse\/\">Sank\u00e9, danse !<\/a><\/em><\/p>\n<p><a href=\"https:\/\/www.o-p-i.fr\/parlonsen\/agenda\/\"><strong>Retrouvez tous les \u00e9v\u00e8nements dans l&rsquo;agenda !<\/strong><\/a><\/p>\n","protected":false},"excerpt":{"rendered":"<div class=\"mh-excerpt\">L&rsquo;association Sank\u00e9, danse ! vous propose son programme de d\u00e9but d&rsquo;\u00e9t\u00e9 !<\/div>\n","protected":false},"author":2,"featured_media":0,"comment_status":"open","ping_status":"open","sticky":false,"template":"","format":"standard","meta":{"om_disable_all_campaigns":false,"advanced_seo_description":"","jetpack_seo_html_title":"","jetpack_seo_noindex":false,"_jetpack_memberships_contains_paid_content":false,"footnotes":"","_links_to":"","_links_to_target":""},"categories":[42,1,16,54,32,53,563],"tags":[84,2555,143,145,239,323,437,883],"class_list":{"0":"post-4087","1":"post","2":"type-post","3":"status-publish","4":"format-standard","6":"category-a-cote-de-chez-nous","7":"category-culture","8":"category-monclar","9":"category-loisirs","10":"category-montdurausse","11":"category-sports","12":"category-n-50-juin-2010","13":"tag-danse","14":"tag-montdurausse","15":"tag-monclar-de-quercy","16":"tag-animation","17":"tag-lavaur","18":"tag-enfant","19":"tag-culture-africaine","20":"tag-sanke"},"jetpack_featured_media_url":"","views":{"total":0,"cached_at":"","cached_date":1738514823},"jetpack_likes_enabled":true,"jetpack_sharing_enabled":true,"jetpack_shortlink":"https:\/\/wp.me\/pg7Wxj-13V","jetpack-related-posts":[],"_links":{"self":[{"href":"https:\/\/www.o-p-i.fr\/parlonsen\/wp-json\/wp\/v2\/posts\/4087","targetHints":{"allow":["GET"]}}],"collection":[{"href":"https:\/\/www.o-p-i.fr\/parlonsen\/wp-json\/wp\/v2\/posts"}],"about":[{"href":"https:\/\/www.o-p-i.fr\/parlonsen\/wp-json\/wp\/v2\/types\/post"}],"author":[{"embeddable":true,"href":"https:\/\/www.o-p-i.fr\/parlonsen\/wp-json\/wp\/v2\/users\/2"}],"replies":[{"embeddable":true,"href":"https:\/\/www.o-p-i.fr\/parlonsen\/wp-json\/wp\/v2\/comments?post=4087"}],"version-history":[{"count":0,"href":"https:\/\/www.o-p-i.fr\/parlonsen\/wp-json\/wp\/v2\/posts\/4087\/revisions"}],"wp:attachment":[{"href":"https:\/\/www.o-p-i.fr\/parlonsen\/wp-json\/wp\/v2\/media?parent=4087"}],"wp:term":[{"taxonomy":"category","embeddable":true,"href":"https:\/\/www.o-p-i.fr\/parlonsen\/wp-json\/wp\/v2\/categories?post=4087"},{"taxonomy":"post_tag","embeddable":true,"href":"https:\/\/www.o-p-i.fr\/parlonsen\/wp-json\/wp\/v2\/tags?post=4087"}],"curies":[{"name":"wp","href":"https:\/\/api.w.org\/{rel}","templated":true}]}}