{"id":40874,"date":"2019-03-19T12:34:27","date_gmt":"2019-03-19T11:34:27","guid":{"rendered":"\/parlonsen\/?p=40874"},"modified":"2019-03-19T12:47:00","modified_gmt":"2019-03-19T11:47:00","slug":"soiree-des-abonne%c2%b7e%c2%b7s-ou-pas-2019","status":"publish","type":"post","link":"https:\/\/www.o-p-i.fr\/parlonsen\/localisation\/au-pays-des-tescous\/monclar\/soiree-des-abonne%c2%b7e%c2%b7s-ou-pas-2019\/","title":{"rendered":"Soir\u00e9e des \u00ab\u00a0Abonn\u00e9\u00b7e\u00b7s ou pas\u00a0\u00bb 2019"},"content":{"rendered":"<p><strong>Samedi 23 mars 2019<\/strong>, \u00e0 17h. au cin\u00e9ma de Monclar.<!--more--><img data-recalc-dims=\"1\" loading=\"lazy\" decoding=\"async\" class=\"alignright size-full wp-image-40875\" src=\"https:\/\/i0.wp.com\/www.o-p-i.fr\/parlonsen\/wp-content\/uploads\/Les-invisibles.jpg?resize=283%2C390&#038;ssl=1\" alt=\"\" width=\"283\" height=\"390\" srcset=\"https:\/\/i0.wp.com\/www.o-p-i.fr\/parlonsen\/wp-content\/uploads\/Les-invisibles.jpg?w=283&amp;ssl=1 283w, https:\/\/i0.wp.com\/www.o-p-i.fr\/parlonsen\/wp-content\/uploads\/Les-invisibles.jpg?resize=218%2C300&amp;ssl=1 218w, https:\/\/i0.wp.com\/www.o-p-i.fr\/parlonsen\/wp-content\/uploads\/Les-invisibles.jpg?resize=109%2C150&amp;ssl=1 109w\" sizes=\"auto, (max-width: 283px) 100vw, 283px\" \/>Chaque ann\u00e9e, nous nous r\u00e9unissons, nous, les b\u00e9n\u00e9voles des \u00ab Amis du cin\u00e9ma de Monclar \u00bb pour donner des nouvelles de l\u2019association et vous, les spectateurs de Cin\u00e9Monclar, pour poser des questions.<br \/>\nTout cela agr\u00e9ment\u00e9 d\u2019un film de qualit\u00e9 et d\u2019un buffet convivial.<br \/>\n\u00ab\u00a0Les invisibles\u00a0\u00bb, film de Louis-Julien Petit, avec Audrey Lamy, Corinne Masiero, No\u00e9mie Lvovsky plus Genre Com\u00e9die<br \/>\n<em>Suite \u00e0 une d\u00e9cision municipale, l\u2019Envol, centre d\u2019accueil<\/em><br \/>\n<em>pour femmes SDF, va fermer. Il ne reste plus que trois mois<\/em><br \/>\n<em>aux travailleuses sociales pour r\u00e9ins\u00e9rer co\u00fbte que co\u00fbte<\/em><br \/>\n<em>les femmes dont elles s\u2019occupent : falsifications, pistons,<\/em><br \/>\n<em>mensonges\u2026 D\u00e9sormais, tout est permis !<\/em><\/p>\n<p>Pour voir la bande annonce,<a href=\"http:\/\/www.allocine.fr\/video\/player_gen_cmedia=19580196&amp;cfilm=261561.html\"> cliquez\u00a0 ici<\/a><em><br \/>\n<\/em><strong><img data-recalc-dims=\"1\" loading=\"lazy\" decoding=\"async\" class=\"alignleft size-full wp-image-40876\" src=\"https:\/\/i0.wp.com\/www.o-p-i.fr\/parlonsen\/wp-content\/uploads\/Les-invisibles-2.jpg?resize=340%2C219&#038;ssl=1\" alt=\"\" width=\"340\" height=\"219\" srcset=\"https:\/\/i0.wp.com\/www.o-p-i.fr\/parlonsen\/wp-content\/uploads\/Les-invisibles-2.jpg?w=340&amp;ssl=1 340w, https:\/\/i0.wp.com\/www.o-p-i.fr\/parlonsen\/wp-content\/uploads\/Les-invisibles-2.jpg?resize=300%2C193&amp;ssl=1 300w, https:\/\/i0.wp.com\/www.o-p-i.fr\/parlonsen\/wp-content\/uploads\/Les-invisibles-2.jpg?resize=150%2C97&amp;ssl=1 150w\" sizes=\"auto, (max-width: 340px) 100vw, 340px\" \/>Quelques commentaires:\u00a0<\/strong><\/p>\n<ul>\n<li><strong>Premi\u00e8re<\/strong> : En mettant en avant l\u2019\u00e9nergie de la lutte des responsables du centre, interpr\u00e9t\u00e9es avec force et conviction par Corinne Masiero et Audrey Lamy, Louis-Julien Petit nous donne envie de lutter, \u00e0 notre tour, contre l\u2019inacceptable.<\/li>\n<li><strong>Positif<\/strong> : On pense \u00e0 Ken Loach pour le m\u00e9lange de rires et de larmes, et pour la chaleur du regard sur ces personnes pr\u00e9caires, mises au rebut de la soci\u00e9t\u00e9 [&#8230;].<\/li>\n<li><strong>L\u2019Express<\/strong> : Dr\u00f4les et engag\u00e9es, ces \u00ab\u00a0Invisibles\u00a0\u00bb ont tout bon.<\/li>\n<li><strong>Marianne<\/strong> : Un film offensif qui s&rsquo;inscrit dans une veine f\u00e9conde du cin\u00e9ma fran\u00e7ais.<\/li>\n<li><strong>Le Figaro<\/strong> : Corinne Masiero et Audrey Lamy excellent en \u00abtravailleuses sociales\u00bb charg\u00e9es de les r\u00e9ins\u00e9rer. De l&rsquo;\u00e9motion et du rire.<\/li>\n<\/ul>\n<p><strong>\u00c0 19h,<\/strong> les nouvelles de notre association et vos questions\u2026<br \/>\n<strong>\u00e0 19h.30<\/strong>, buffet amical<br \/>\nAbonn\u00e9\u00b7e\u00b7s ou pas, nous vous attendons. Entr\u00e9e gratuite.<\/p>\n<p><em>Information communiqu\u00e9e par Jacques TREPAGNY<\/em><\/p>\n<p><a href=\"https:\/\/www.o-p-i.fr\/parlonsen\/agenda\/\">Retrouvez tous les \u00e9v\u00e9nements dans l&rsquo;agenda !<\/a><\/p>\n","protected":false},"excerpt":{"rendered":"<div class=\"mh-excerpt\">Samedi 23 mars 2019, \u00e0 17h. au cin\u00e9ma de Monclar.<\/div>\n","protected":false},"author":4,"featured_media":0,"comment_status":"open","ping_status":"open","sticky":false,"template":"","format":"standard","meta":{"om_disable_all_campaigns":false,"advanced_seo_description":"","jetpack_seo_html_title":"","jetpack_seo_noindex":false,"_jetpack_memberships_contains_paid_content":false,"footnotes":"","_links_to":"","_links_to_target":""},"categories":[16,54,3497],"tags":[143,1768,2998,3570,3571],"class_list":{"0":"post-40874","1":"post","2":"type-post","3":"status-publish","4":"format-standard","6":"category-monclar","7":"category-loisirs","8":"category-n-156-mars-2019","9":"tag-monclar-de-quercy","10":"tag-cinemonclar","11":"tag-cine-monclar","12":"tag-abonnes","13":"tag-amis-du-cinema"},"jetpack_featured_media_url":"","views":{"total":0,"cached_at":"","cached_date":1738517804},"jetpack_likes_enabled":true,"jetpack_sharing_enabled":true,"jetpack_shortlink":"https:\/\/wp.me\/pg7Wxj-aDg","jetpack-related-posts":[],"_links":{"self":[{"href":"https:\/\/www.o-p-i.fr\/parlonsen\/wp-json\/wp\/v2\/posts\/40874","targetHints":{"allow":["GET"]}}],"collection":[{"href":"https:\/\/www.o-p-i.fr\/parlonsen\/wp-json\/wp\/v2\/posts"}],"about":[{"href":"https:\/\/www.o-p-i.fr\/parlonsen\/wp-json\/wp\/v2\/types\/post"}],"author":[{"embeddable":true,"href":"https:\/\/www.o-p-i.fr\/parlonsen\/wp-json\/wp\/v2\/users\/4"}],"replies":[{"embeddable":true,"href":"https:\/\/www.o-p-i.fr\/parlonsen\/wp-json\/wp\/v2\/comments?post=40874"}],"version-history":[{"count":0,"href":"https:\/\/www.o-p-i.fr\/parlonsen\/wp-json\/wp\/v2\/posts\/40874\/revisions"}],"wp:attachment":[{"href":"https:\/\/www.o-p-i.fr\/parlonsen\/wp-json\/wp\/v2\/media?parent=40874"}],"wp:term":[{"taxonomy":"category","embeddable":true,"href":"https:\/\/www.o-p-i.fr\/parlonsen\/wp-json\/wp\/v2\/categories?post=40874"},{"taxonomy":"post_tag","embeddable":true,"href":"https:\/\/www.o-p-i.fr\/parlonsen\/wp-json\/wp\/v2\/tags?post=40874"}],"curies":[{"name":"wp","href":"https:\/\/api.w.org\/{rel}","templated":true}]}}