{"id":40913,"date":"2019-03-25T18:04:18","date_gmt":"2019-03-25T17:04:18","guid":{"rendered":"\/parlonsen\/?p=40913"},"modified":"2025-11-10T15:58:28","modified_gmt":"2025-11-10T14:58:28","slug":"cinemonclar-le-programme-du-29-mars-au-23-avril-2019-a-monclar-de-quercy","status":"publish","type":"post","link":"https:\/\/www.o-p-i.fr\/parlonsen\/localisation\/au-pays-des-tescous\/monclar\/cinemonclar-le-programme-du-29-mars-au-23-avril-2019-a-monclar-de-quercy\/","title":{"rendered":"Cin\u00e9Monclar, le programme du 29 mars au 23 avril 2019&#8230;\u00e0 Monclar de Quercy"},"content":{"rendered":"<p>Cin\u00e9Monclar vous propose:<!--more--><\/p>\n<ul>\n<li><strong>Vendredi 29 mars 2019\u00a0\u00e0 20h30<\/strong><\/li>\n<\/ul>\n<p>NICKY LARSON ET LE PARFUM DE CUPIDON\u00a0\u00a0<a href=\"http:\/\/www.allocine.fr\/video\/player_gen_cmedia=19581115&amp;cfilm=257514.html\"><em>Pour voir la bande annonce, cliquez<\/em><\/a><\/p>\n<ul>\n<li><strong>Dimanche 31 mars 2019<\/strong>\n<ul>\n<li>\u00e0 15h\u00a0WARDI\u00a0 <a href=\"http:\/\/www.allocine.fr\/video\/player_gen_cmedia=19582260&amp;cfilm=263794.html\"><em>Pour voir la bande annonce, cliquez<\/em><\/a><\/li>\n<li>\u00e0 17h\u00a0LE MYST\u00c8RE HENRY PICK\u00a0 <a href=\"http:\/\/www.allocine.fr\/video\/player_gen_cmedia=19581454&amp;cfilm=260561.html\"><em>Pour voir la bande annonce, cliquez<\/em><\/a><\/li>\n<\/ul>\n<\/li>\n<li><strong>Mardi 2 avril 2019\u00a0 \u00e0 21h.<\/strong><\/li>\n<\/ul>\n<p>LES \u00c9TERNELS (VO) <a href=\"http:\/\/www.allocine.fr\/video\/player_gen_cmedia=19581255&amp;cfilm=258260.html\"><em>Pour voir la bande annonce, cliquez<\/em><\/a><\/p>\n<ul>\n<li><strong>Vendredi 5 avril 2019 \u00e0 21h<\/strong><\/li>\n<\/ul>\n<p>JUSQU&rsquo;ICI TOUT VA BIEN <a href=\"http:\/\/www.allocine.fr\/video\/player_gen_cmedia=19581192&amp;cfilm=261591.html\"><em>Pour voir la bande annonce, cliquez<\/em><\/a><\/p>\n<ul>\n<li><strong>Dimanche 7 avril 2019<\/strong>\n<ul>\n<li>\u00e0 13h FUNAN\u00a0<a href=\"http:\/\/www.allocine.fr\/video\/player_gen_cmedia=19578912&amp;cfilm=227423.html\"><em>Pour voir la bande annonce, cliquez<\/em><\/a><\/li>\n<li>\u00e0 17h\u00a0REBELLES\u00a0\u00a0<a href=\"http:\/\/www.allocine.fr\/video\/player_gen_cmedia=19581725&amp;cfilm=265032.html\"><em>Pour voir la bande annonce, cliquez<\/em><\/a><\/li>\n<\/ul>\n<\/li>\n<li><strong>Mardi 9 avril 2019\u00a0\u00e0 21h<\/strong><\/li>\n<\/ul>\n<p>MA VIE AVEC JOHN F. DONOVAN (VO)\u00a0\u00a0<a href=\"http:\/\/www.allocine.fr\/video\/player_gen_cmedia=19581578&amp;cfilm=229189.html\"><em>Pour voir la bande annonce, cliquez<\/em><\/a><\/p>\n<ul>\n<li><strong>Vendredi 12 avril 2019 \u00e0 21h.<\/strong><\/li>\n<\/ul>\n<p>MON B\u00c9B\u00c9\u00a0<a href=\"http:\/\/www.allocine.fr\/video\/player_gen_cmedia=19581739&amp;cfilm=262725.html\"><em>Pour voir la bande annonce, cliquez<\/em><\/a><\/p>\n<ul>\n<li><strong>Dimanche 14 avril 2019<\/strong>\n<ul>\n<li>\u00e0 15h A\u00cfLO: UNE ODYSS\u00c9E EN LAPONIE\u00a0<a href=\"http:\/\/www.allocine.fr\/video\/player_gen_cmedia=19581195&amp;cfilm=256283.html\"><em>Pour voir la bande annonce, cliquez<\/em><\/a><\/li>\n<li>\u00e0 17h LA CHUTE DE L&rsquo;EMPIRE AM\u00c9RICAIN\u00a0<a href=\"http:\/\/www.allocine.fr\/video\/player_gen_cmedia=19581902&amp;cfilm=257839.html\"><em>Pour voir la bande annonce, cliquez<\/em><\/a><\/li>\n<\/ul>\n<\/li>\n<li><strong>Mardi 16 avril 2019 \u00e0 21h.<\/strong><\/li>\n<\/ul>\n<p>LE SILENCE DES AUTRES (VO)\u00a0<a href=\"http:\/\/www.allocine.fr\/video\/player_gen_cmedia=19581831&amp;cfilm=248714.html\"><em>Pour voir la bande annonce, cliquez<\/em><\/a><\/p>\n<ul>\n<li><strong>Vendredi 19 avril 2019 \u00e0 21h.<\/strong><\/li>\n<\/ul>\n<p>LA LUTTE DES CLASSES\u00a0\u00a0<a href=\"http:\/\/www.allocine.fr\/video\/player_gen_cmedia=19582309&amp;cfilm=261243.html\"><em>Pour voir la bande annonce, cliquez<\/em><\/a><\/p>\n<ul>\n<li>Dimanche 21 avril 2019\n<ul>\n<li>\u00e0 15 h. DRAGON BALL SUPER: BROLY\u00a0<a href=\"http:\/\/www.allocine.fr\/video\/player_gen_cmedia=19583072&amp;cfilm=242391.html\"><em>Pour voir la bande annonce, cliquez<\/em><\/a><\/li>\n<li>\u00e0 17 h. QUI M&rsquo;AIME ME SUIVE!\u00a0<a href=\"http:\/\/www.allocine.fr\/video\/player_gen_cmedia=19582200&amp;cfilm=264814.html\"><em>Pour voir la bande annonce, cliquez<\/em><\/a><\/li>\n<\/ul>\n<\/li>\n<li>Mardi 23 avril 2019 \u00e0 21h.<\/li>\n<\/ul>\n<p>ROSIE DAVIS\u00a0<a href=\"http:\/\/www.allocine.fr\/video\/player_gen_cmedia=19582112&amp;cfilm=267621.html\"><em>Pour voir la bande annonce, cliquez<\/em><\/a><\/p>\n<p><strong><span style=\"color: #ff0000;\">\u00a0Attention<\/span><\/strong>, le film du vendredi 29 mars est \u00e0 20h30, les autres mardis et vendredis \u00e0 21h.<br \/>\nPour t\u00e9l\u00e9charger le programme illustr\u00e9, cliquez:\u00a0<strong><a href=\"https:\/\/www.o-p-i.fr\/parlonsen\/wp-content\/uploads\/Num\u00e9rique-74.pdf\">Num\u00e9rique 74<\/a><\/strong><\/p>\n<p>Information communiqu\u00e9e par Jacques TREPAGNY<\/p>\n<p><a href=\"https:\/\/www.o-p-i.fr\/parlonsen\/agenda\/\">Retrouvez tous les \u00e9v\u00e9nements dans l&rsquo;agenda !<\/a><\/p>\n","protected":false},"excerpt":{"rendered":"<div class=\"mh-excerpt\">Cin\u00e9Monclar vous propose:<\/div>\n","protected":false},"author":4,"featured_media":0,"comment_status":"open","ping_status":"open","sticky":false,"template":"","format":"standard","meta":{"om_disable_all_campaigns":false,"advanced_seo_description":"","jetpack_seo_html_title":"","jetpack_seo_noindex":false,"_jetpack_memberships_contains_paid_content":false,"footnotes":"","_links_to":"","_links_to_target":""},"categories":[52,16,54,3498],"tags":[92,143,1768,1833,2998,3057],"class_list":{"0":"post-40913","1":"post","2":"type-post","3":"status-publish","4":"format-standard","6":"category-parlons-en","7":"category-monclar","8":"category-loisirs","9":"category-n-157-avril-2019","10":"tag-cine","11":"tag-monclar-de-quercy","12":"tag-cinemonclar","13":"tag-programme-cinema","14":"tag-cine-monclar","15":"tag-bandes-annonces"},"jetpack_featured_media_url":"","views":{"total":0,"cached_at":"","cached_date":1738517757},"jetpack_likes_enabled":true,"jetpack_sharing_enabled":true,"jetpack_shortlink":"https:\/\/wp.me\/pg7Wxj-aDT","jetpack-related-posts":[],"_links":{"self":[{"href":"https:\/\/www.o-p-i.fr\/parlonsen\/wp-json\/wp\/v2\/posts\/40913","targetHints":{"allow":["GET"]}}],"collection":[{"href":"https:\/\/www.o-p-i.fr\/parlonsen\/wp-json\/wp\/v2\/posts"}],"about":[{"href":"https:\/\/www.o-p-i.fr\/parlonsen\/wp-json\/wp\/v2\/types\/post"}],"author":[{"embeddable":true,"href":"https:\/\/www.o-p-i.fr\/parlonsen\/wp-json\/wp\/v2\/users\/4"}],"replies":[{"embeddable":true,"href":"https:\/\/www.o-p-i.fr\/parlonsen\/wp-json\/wp\/v2\/comments?post=40913"}],"version-history":[{"count":1,"href":"https:\/\/www.o-p-i.fr\/parlonsen\/wp-json\/wp\/v2\/posts\/40913\/revisions"}],"predecessor-version":[{"id":67381,"href":"https:\/\/www.o-p-i.fr\/parlonsen\/wp-json\/wp\/v2\/posts\/40913\/revisions\/67381"}],"wp:attachment":[{"href":"https:\/\/www.o-p-i.fr\/parlonsen\/wp-json\/wp\/v2\/media?parent=40913"}],"wp:term":[{"taxonomy":"category","embeddable":true,"href":"https:\/\/www.o-p-i.fr\/parlonsen\/wp-json\/wp\/v2\/categories?post=40913"},{"taxonomy":"post_tag","embeddable":true,"href":"https:\/\/www.o-p-i.fr\/parlonsen\/wp-json\/wp\/v2\/tags?post=40913"}],"curies":[{"name":"wp","href":"https:\/\/api.w.org\/{rel}","templated":true}]}}