{"id":4092,"date":"2010-06-09T21:37:32","date_gmt":"2010-06-09T19:37:32","guid":{"rendered":"\/parlonsen\/?p=4092"},"modified":"2019-05-25T17:54:31","modified_gmt":"2019-05-25T16:54:31","slug":"faitassos-2010-compte-rendu-en-image","status":"publish","type":"post","link":"https:\/\/www.o-p-i.fr\/parlonsen\/parlons-en\/commerce\/faitassos-2010-compte-rendu-en-image\/","title":{"rendered":"Fait&rsquo;Assos 2010 &#8230; compte-rendu en image !"},"content":{"rendered":"<p>Pour la 3\u00e8me \u00e9dition le soleil \u00e9tait aussi au rendez-vous ! Suite \u00e0 de nombreuses demandes, voici un p\u00e8le-m\u00eale des photos de la journ\u00e9e. <!--more--><\/p>\n<figure id=\"attachment_4096\" aria-describedby=\"caption-attachment-4096\" style=\"width: 600px\" class=\"wp-caption aligncenter\"><img data-recalc-dims=\"1\" loading=\"lazy\" decoding=\"async\" class=\"size-full wp-image-4096\" title=\"Saint-Urcisse (81)\" src=\"https:\/\/i0.wp.com\/www.o-p-i.fr\/parlonsen\/wp-content\/uploads\/fait-assos_pelemele.jpg?resize=600%2C1775&#038;ssl=1\" alt=\"Saint-Urcisse (81)\" width=\"600\" height=\"1775\" srcset=\"https:\/\/i0.wp.com\/www.o-p-i.fr\/parlonsen\/wp-content\/uploads\/fait-assos_pelemele.jpg?w=600&amp;ssl=1 600w, https:\/\/i0.wp.com\/www.o-p-i.fr\/parlonsen\/wp-content\/uploads\/fait-assos_pelemele.jpg?resize=101%2C300&amp;ssl=1 101w, https:\/\/i0.wp.com\/www.o-p-i.fr\/parlonsen\/wp-content\/uploads\/fait-assos_pelemele.jpg?resize=346%2C1024&amp;ssl=1 346w\" sizes=\"auto, (max-width: 600px) 100vw, 600px\" \/><figcaption id=\"caption-attachment-4096\" class=\"wp-caption-text\">Saint-Urcisse (81)<\/figcaption><\/figure>\n<p style=\"text-align: justify;\">De haut en bas et degauche \u00e0 droite : Le Verger de Varennes &#8211; Extraction de miel &#8211; Les Paniers de M. Bourdoncle &#8211; La Cloche du Fromager (<a title=\"Ouvre le site dans une nouvelle fen\u00eatre\" href=\"http:\/\/www.laclochedufromager.fr\/\" target=\"_blank\" rel=\"noopener noreferrer\">en savoir +<\/a>) &#8211; D\u00e9p\u00f4t de Gerbe &#8211; Les Majorettes\u00a0 du Pays Salvagnacois (<a title=\"Cliquez ici pour en savoir +\" href=\"https:\/\/www.o-p-i.fr\/aupays\/annuaire\/loisirs\/les-emeraudes-du-pays-salvagnacois\/\">en savoir +<\/a>) &#8211; Domaine du Biarn\u00e8s (<a title=\"Ouvre le site dans une nouvelle fen\u00eatre\" href=\"http:\/\/www.domainedubiarnes.fr\/\" target=\"_blank\" rel=\"noopener noreferrer\">en savoir +<\/a>) &#8211; Domaine Saint-Laurent de Saurs (<a title=\"Ouvre le site dans une nouvelle fen\u00eatre\" href=\"http:\/\/www.domaine-st-laurent-de-saurs.com\/\" target=\"_blank\" rel=\"noopener noreferrer\">en savoir +<\/a>) &#8211; Office de Tourisme du Quercy Vert (<a title=\"Cliquez ici pour en savoir +\" href=\"https:\/\/www.o-p-i.fr\/aupays\/nos-villages\/monclar-de-quercy\/office-du-tourisme\/\">en savoir +<\/a>) &#8211; Office de Tourisme &#8211; Accueil de Salvagnac (<a title=\"Cliquez ici pour en savoir +\" href=\"https:\/\/www.o-p-i.fr\/aupays\/annuaire\/administrations\/office-du-tourisme-du-pays-salvagnacois\/\">en savoir +<\/a>) &#8211; Speed-Ball du Carreyrat (<a title=\"Ouvre le site dans une nouvelle fen\u00eatre\" href=\"http:\/\/site.voila.fr\/fact\/activite\/speed.htm\" target=\"_blank\" rel=\"noopener noreferrer\">en savoir +<\/a>) &#8211; Train Miniature Gaillacois (<a title=\"Ouvre le site dans une nouvelle fen\u00eatre\" href=\"http:\/\/trainminiature.o-p-i.fr\/\" target=\"_blank\" rel=\"noopener noreferrer\">en savoir +<\/a>) &#8211; Conservatoire de l&rsquo;Outillage (<a title=\"Cliquez ici pour en savoir +\" href=\"https:\/\/www.o-p-i.fr\/aupays\/annuaire\/loisirs\/conservatoire-de-loutillage-du-pays-des-bastides\/\">en savoir +<\/a>) &#8211; Sank\u00e9, danse ! Danse Africaine (<a title=\"Cliquez ici pour en savoir +\" href=\"https:\/\/www.o-p-i.fr\/aupays\/annuaire\/loisirs\/association-sanke-danse\/\">en savoir +<\/a>) &#8211;\u00a0 Sank\u00e9, danse ! Atelier de Cirque (<a title=\"Cliquez ici pour en savoir +\" href=\"https:\/\/www.o-p-i.fr\/aupays\/annuaire\/loisirs\/association-sanke-danse\/\">en savoir +<\/a>) &#8211; Familles Rurales de Monclar de Quercy (<a title=\"Cliquez ici pour en savoir +\" href=\"https:\/\/www.o-p-i.fr\/aupays\/annuaire\/maison-de-lenfance-monclar-de-quercy\/\" target=\"_self\" rel=\"noopener noreferrer\">en savoir +<\/a>)<\/p>\n<p style=\"text-align: justify;\">Mais il y avait aussi : Le Merveilleux Pays d&rsquo;Alice (<a title=\"Cliquez ici pour en savoir +\" href=\"https:\/\/www.o-p-i.fr\/aupays\/annuaire\/produits-du-terroir\/le-merveilleux-pays-dalice\/\">en savoir +<\/a>) &#8211; Boulangerie-P\u00e2tisserie Marsillach-Monteillet (<a href=\"https:\/\/www.o-p-i.fr\/aupays\/annuaire\/alimentation\/maison-marsillach-monteillet\/\">en savoir +<\/a>) &#8211; Nadia Hot (<a title=\"Cliquez ici pour en savoir +\" href=\"https:\/\/www.o-p-i.fr\/aupays\/annuaire\/alimentation\/nadia-hot\/\">en savoir +<\/a>) &#8211; La Cuisine du Diable (<a title=\"Cliquez ici pour en savoir +\" href=\"https:\/\/www.o-p-i.fr\/aupays\/annuaire\/alimentation\/la-cuisine-du-diable\/\">en savoir +<\/a>) &#8211; Camion Snack de M. et Mme Salvaterra &#8211; Association ELAN &#8211; Association OPI des Tescou&rsquo;s et le Comit\u00e9 des F\u00eates de Saint-Urcisse.<\/p>\n<p style=\"text-align: justify;\"><em>Photos : OPI des Tescou&rsquo;s <\/em><\/p>\n","protected":false},"excerpt":{"rendered":"<div class=\"mh-excerpt\">Pour la 3\u00e8me \u00e9dition le soleil \u00e9tait aussi au rendez-vous ! Suite \u00e0 de nombreuses demandes, voici un p\u00e8le-m\u00eale des photos de la journ\u00e9e.<\/div>\n","protected":false},"author":2,"featured_media":0,"comment_status":"open","ping_status":"open","sticky":false,"template":"","format":"standard","meta":{"om_disable_all_campaigns":false,"advanced_seo_description":"","jetpack_seo_html_title":"","jetpack_seo_noindex":false,"_jetpack_memberships_contains_paid_content":false,"footnotes":"","_links_to":"","_links_to_target":""},"categories":[51,4,54,53,18,563],"tags":[56,84,121,368,519,883,2913],"class_list":{"0":"post-4092","1":"post","2":"type-post","3":"status-publish","4":"format-standard","6":"category-artisanat","7":"category-commerce","8":"category-loisirs","9":"category-sports","10":"category-saint-urcisse","11":"category-n-50-juin-2010","12":"tag-fete","13":"tag-danse","14":"tag-association","15":"tag-produit-du-terroir","16":"tag-forum","17":"tag-sanke","18":"tag-saint-urcisse"},"jetpack_featured_media_url":"","views":{"total":0,"cached_at":"","cached_date":1738514838},"jetpack_likes_enabled":true,"jetpack_sharing_enabled":true,"jetpack_shortlink":"https:\/\/wp.me\/pg7Wxj-140","jetpack-related-posts":[],"_links":{"self":[{"href":"https:\/\/www.o-p-i.fr\/parlonsen\/wp-json\/wp\/v2\/posts\/4092","targetHints":{"allow":["GET"]}}],"collection":[{"href":"https:\/\/www.o-p-i.fr\/parlonsen\/wp-json\/wp\/v2\/posts"}],"about":[{"href":"https:\/\/www.o-p-i.fr\/parlonsen\/wp-json\/wp\/v2\/types\/post"}],"author":[{"embeddable":true,"href":"https:\/\/www.o-p-i.fr\/parlonsen\/wp-json\/wp\/v2\/users\/2"}],"replies":[{"embeddable":true,"href":"https:\/\/www.o-p-i.fr\/parlonsen\/wp-json\/wp\/v2\/comments?post=4092"}],"version-history":[{"count":0,"href":"https:\/\/www.o-p-i.fr\/parlonsen\/wp-json\/wp\/v2\/posts\/4092\/revisions"}],"wp:attachment":[{"href":"https:\/\/www.o-p-i.fr\/parlonsen\/wp-json\/wp\/v2\/media?parent=4092"}],"wp:term":[{"taxonomy":"category","embeddable":true,"href":"https:\/\/www.o-p-i.fr\/parlonsen\/wp-json\/wp\/v2\/categories?post=4092"},{"taxonomy":"post_tag","embeddable":true,"href":"https:\/\/www.o-p-i.fr\/parlonsen\/wp-json\/wp\/v2\/tags?post=4092"}],"curies":[{"name":"wp","href":"https:\/\/api.w.org\/{rel}","templated":true}]}}