{"id":4131,"date":"2010-06-11T12:37:31","date_gmt":"2010-06-11T10:37:31","guid":{"rendered":"\/parlonsen\/?p=4131"},"modified":"2010-06-11T12:37:31","modified_gmt":"2010-06-11T10:37:31","slug":"annette-cunac-expose-au-cafe-quon-sert-a-tauriac","status":"publish","type":"post","link":"https:\/\/www.o-p-i.fr\/parlonsen\/localisation\/au-pays-des-tescous\/tauriac\/annette-cunac-expose-au-cafe-quon-sert-a-tauriac\/","title":{"rendered":"Annette Cunac expose au \u00ab\u00a0Caf\u00e9 qu&rsquo;on sert\u00a0\u00bb &#8230; \u00e0  Tauriac"},"content":{"rendered":"<p style=\"text-align: justify;\"><span style=\"color: #000080;\"><strong>Samedi 12 Juin<\/strong><\/span>. Je vous invite \u00e0 venir d\u00e9couvrir un \u00e9crin naturel pour mon travail, le <a title=\"En savoir +\" href=\"https:\/\/www.o-p-i.fr\/aupays\/annuaire\/bar-cafe\/tauriac-cafe\/\">Tauriac Caf\u00e9<\/a>, tout r\u00e9cemment ouvert par Muriel, Jean-Paul et Bernard, tous trois passionn\u00e9s de musique, de rencontres et amoureux du Pays Salvagnacois au c\u0153ur du Tarn. <!--more--><\/p>\n<p style=\"text-align: justify;\">\n<figure id=\"attachment_4133\" aria-describedby=\"caption-attachment-4133\" style=\"width: 300px\" class=\"wp-caption alignleft\"><img data-recalc-dims=\"1\" loading=\"lazy\" decoding=\"async\" class=\"size-full wp-image-4133\" title=\"Tauriac (81)\" src=\"https:\/\/i0.wp.com\/www.o-p-i.fr\/parlonsen\/wp-content\/uploads\/expo_cunac.jpg?resize=300%2C447&#038;ssl=1\" alt=\"Tauriac (81)\" width=\"300\" height=\"447\" srcset=\"https:\/\/i0.wp.com\/www.o-p-i.fr\/parlonsen\/wp-content\/uploads\/expo_cunac.jpg?w=300&amp;ssl=1 300w, https:\/\/i0.wp.com\/www.o-p-i.fr\/parlonsen\/wp-content\/uploads\/expo_cunac.jpg?resize=201%2C300&amp;ssl=1 201w\" sizes=\"auto, (max-width: 300px) 100vw, 300px\" \/><figcaption id=\"caption-attachment-4133\" class=\"wp-caption-text\">Tauriac (81)<\/figcaption><\/figure>\n<p>La lumi\u00e8re du printemps y est tr\u00e8s douce et l&rsquo;ambiance du <a title=\"En savoir +\" href=\"https:\/\/www.o-p-i.fr\/aupays\/annuaire\/bar-cafe\/tauriac-cafe\/\">Tauriac  Caf\u00e9<\/a> tr\u00e8s chaleureuse.<\/p>\n<p style=\"text-align: justify;\">Je serai tr\u00e8s heureuse de vous y retrouver tous et de partager avec vous ma passion pour les voyages et pour mon Tarn natal.<\/p>\n<p style=\"text-align: justify;\">Vernissage de l&rsquo;exposition\u00a0 \u00ab\u00a0<span style=\"color: #000080;\">Lumi\u00e8res du Tarn et Couleurs du Monde<\/span>\u00a0\u00bb \u00e0 partir de 18h.<\/p>\n<p style=\"text-align: justify;\">Musicalement, Jean-Paul et son duo \u00ab\u00a0<span style=\"color: #000080;\">She is not my girl friend<\/span>\u00a0\u00bb accompagneront ce moment de rencontre.<\/p>\n<p style=\"text-align: justify;\">\n<p>Voir le programme du Tauriac Caf\u00e9 <a title=\"Ouvre le fichier PDF dans une nouvelle fen\u00eatre\" href=\"https:\/\/www.o-p-i.fr\/parlonsen\/wp-content\/uploads\/prog_tauriac_juin-2010.pdf\" target=\"_blank\">en cliquant ici<\/a><\/p>\n<p style=\"text-align: justify;\"><em>Communiqu\u00e9 du Caf\u00e9 qu&rsquo;on sert \u00ab\u00a0<\/em><a title=\"En savoir +\" href=\"https:\/\/www.o-p-i.fr\/aupays\/annuaire\/bar-cafe\/tauriac-cafe\/\">Tauriac  Caf\u00e9<\/a><em>\u00a0\u00bb<br \/>\n<\/em><\/p>\n<p style=\"text-align: justify;\"><a href=\"https:\/\/www.o-p-i.fr\/parlonsen\/agenda\/\"><strong>Retrouvez tous les \u00e9v\u00e8nements dans l&rsquo;agenda !<\/strong><\/a><\/p>\n","protected":false},"excerpt":{"rendered":"<div class=\"mh-excerpt\">Samedi 12 Juin. Je vous invite \u00e0 venir d\u00e9couvrir un \u00e9crin naturel pour mon travail, le Tauriac Caf\u00e9, tout r\u00e9cemment ouvert par Muriel, Jean-Paul et Bernard, tous trois passionn\u00e9s de musique, de rencontres et amoureux <a class=\"mh-excerpt-more\" href=\"https:\/\/www.o-p-i.fr\/parlonsen\/localisation\/au-pays-des-tescous\/tauriac\/annette-cunac-expose-au-cafe-quon-sert-a-tauriac\/\" title=\"Annette Cunac expose au \u00ab\u00a0Caf\u00e9 qu&rsquo;on sert\u00a0\u00bb &#8230; \u00e0  Tauriac\">[&#8230;]<\/a><\/div>\n","protected":false},"author":2,"featured_media":0,"comment_status":"open","ping_status":"open","sticky":false,"template":"","format":"standard","meta":{"om_disable_all_campaigns":false,"advanced_seo_description":"","jetpack_seo_html_title":"","jetpack_seo_noindex":false,"_jetpack_memberships_contains_paid_content":false,"footnotes":"","_links_to":"","_links_to_target":""},"categories":[54,21,563],"tags":[43,172,2546,583],"class_list":{"0":"post-4131","1":"post","2":"type-post","3":"status-publish","4":"format-standard","6":"category-loisirs","7":"category-tauriac","8":"category-n-50-juin-2010","9":"tag-concert","10":"tag-exposition","11":"tag-tauriac","12":"tag-tauriac-cafe"},"jetpack_featured_media_url":"","views":{"total":0,"cached_at":"","cached_date":1738514964},"jetpack_likes_enabled":true,"jetpack_sharing_enabled":true,"jetpack_shortlink":"https:\/\/wp.me\/pg7Wxj-14D","jetpack-related-posts":[],"_links":{"self":[{"href":"https:\/\/www.o-p-i.fr\/parlonsen\/wp-json\/wp\/v2\/posts\/4131","targetHints":{"allow":["GET"]}}],"collection":[{"href":"https:\/\/www.o-p-i.fr\/parlonsen\/wp-json\/wp\/v2\/posts"}],"about":[{"href":"https:\/\/www.o-p-i.fr\/parlonsen\/wp-json\/wp\/v2\/types\/post"}],"author":[{"embeddable":true,"href":"https:\/\/www.o-p-i.fr\/parlonsen\/wp-json\/wp\/v2\/users\/2"}],"replies":[{"embeddable":true,"href":"https:\/\/www.o-p-i.fr\/parlonsen\/wp-json\/wp\/v2\/comments?post=4131"}],"version-history":[{"count":0,"href":"https:\/\/www.o-p-i.fr\/parlonsen\/wp-json\/wp\/v2\/posts\/4131\/revisions"}],"wp:attachment":[{"href":"https:\/\/www.o-p-i.fr\/parlonsen\/wp-json\/wp\/v2\/media?parent=4131"}],"wp:term":[{"taxonomy":"category","embeddable":true,"href":"https:\/\/www.o-p-i.fr\/parlonsen\/wp-json\/wp\/v2\/categories?post=4131"},{"taxonomy":"post_tag","embeddable":true,"href":"https:\/\/www.o-p-i.fr\/parlonsen\/wp-json\/wp\/v2\/tags?post=4131"}],"curies":[{"name":"wp","href":"https:\/\/api.w.org\/{rel}","templated":true}]}}