{"id":4142,"date":"2010-06-14T15:01:17","date_gmt":"2010-06-14T13:01:17","guid":{"rendered":"\/parlonsen\/?p=4142"},"modified":"2010-06-16T19:44:16","modified_gmt":"2010-06-16T17:44:16","slug":"un-petit-tour-du-cote-de-bruniquel","status":"publish","type":"post","link":"https:\/\/www.o-p-i.fr\/parlonsen\/parlons-en\/culture\/un-petit-tour-du-cote-de-bruniquel\/","title":{"rendered":"Un petit tour du c\u00f4t\u00e9 de Bruniquel !"},"content":{"rendered":"<p style=\"text-align: justify;\">Il se passe plein de choses au moins de Juin\u00a0 \u00e0 Bruniquel !<!--more--><\/p>\n<p style=\"text-align: justify;\"><span style=\"color: #003300;\"><strong><\/strong><\/span><\/p>\n<figure id=\"attachment_4144\" aria-describedby=\"caption-attachment-4144\" style=\"width: 150px\" class=\"wp-caption alignright\"><strong><strong><img data-recalc-dims=\"1\" loading=\"lazy\" decoding=\"async\" class=\"size-thumbnail wp-image-4144\" title=\"Bruniquel (82)\" src=\"https:\/\/i0.wp.com\/www.o-p-i.fr\/parlonsen\/wp-content\/uploads\/expo_troubadours.jpg?resize=150%2C150&#038;ssl=1\" alt=\"Bruniquel (82)\" width=\"150\" height=\"150\" srcset=\"https:\/\/i0.wp.com\/www.o-p-i.fr\/parlonsen\/wp-content\/uploads\/expo_troubadours.jpg?resize=150%2C150&amp;ssl=1 150w, https:\/\/i0.wp.com\/www.o-p-i.fr\/parlonsen\/wp-content\/uploads\/expo_troubadours.jpg?zoom=2&amp;resize=150%2C150&amp;ssl=1 300w\" sizes=\"auto, (max-width: 150px) 100vw, 150px\" \/><\/strong><\/strong><figcaption id=\"caption-attachment-4144\" class=\"wp-caption-text\">Bruniquel (82)<\/figcaption><\/figure>\n<p style=\"text-align: justify;\"><strong>Du 10 au 20 juin<\/strong> : Exposition \u00ab\u00a0Sur les chemins des troubadours\u00a0\u00bb<br \/>\nAux ch\u00e2teaux de Bruniquel, 30 panneaux richement illustr\u00e9s et comment\u00e9s en fran\u00e7ais et en occitan.<br \/>\nQui \u00e9taient ces troubadours, l&rsquo;histoire du mouvement dans ses aspects intellectuels, artistiques et politiques au XII\u00b0 et XIII\u00b0 si\u00e8cle quand l&rsquo;occitan \u00e9tait la langue v\u00e9hiculaire de l&rsquo;\u00e9lite, ces po\u00e8tes et grands intellectuels, les <em>trobadors<\/em>, connurent un immense succ\u00e8s \u00e0 travers toute l\u0092&rsquo;Europe.<br \/>\nGrands seigneurs ou simples roturiers, leurs valeurs et leurs po\u00e9sies ont profond\u00e9ment influenc\u00e9 la soci\u00e9t\u00e9 occitane : <em>conviv\u00e9ncia<\/em> (le fameux \u00ab\u00a0vivre ensemble\u00a0\u00bb dont on parle tant en d\u00e9but de XXI\u00e8me si\u00e8cle), <em>larguesa<\/em> (la g\u00e9n\u00e9rosit\u00e9), <em>AMOR<\/em> (inutile de traduire), <em>paratge<\/em> (\u00e9galit\u00e9 par le m\u00e9rite et la noblesse de c\u0153ur), mais encore <em>mesura<\/em> (sens de la retenue) en sont les plus connues.<br \/>\nQui \u00e9taient ils, que savons nous de leurs vies et de leurs \u00e9crits, c\u0092&rsquo;est \u00e0 d\u00e9couvrir dans les salles du ch\u00e2teau vieux de Bruniquel, un retour aux sources, en quelque sorte ! Du 10 au 20 juin.<\/p>\n<p style=\"text-align: justify;\"><strong><\/strong><\/p>\n<figure style=\"width: 300px\" class=\"wp-caption alignleft\"><strong><strong><a href=\"https:\/\/www.o-p-i.fr\/7alire\/7-a-lire-actu\/salon-du-livre-7-a-lire-actu\/amuse-mots-a-bruniquel\/\"><img data-recalc-dims=\"1\" loading=\"lazy\" decoding=\"async\" class=\" \" title=\"Amuse-Mots \u00e0 Bruniquel (82)\" src=\"https:\/\/i0.wp.com\/www.o-p-i.fr\/7alire\/wp-content\/uploads\/amuse-mot-2010.jpg?resize=300%2C425&#038;ssl=1\" alt=\"Bruniquel (82)\" width=\"300\" height=\"425\" \/><\/a><\/strong><\/strong><figcaption class=\"wp-caption-text\">Bruniquel (82)<\/figcaption><\/figure>\n<p><span style=\"color: #003300;\"><strong>Le dimanche 20 juin<\/strong><\/span><strong><\/strong> : \u00ab\u00a0<a title=\"Voir l'article dans 7 \u00e0 lire !\" href=\"https:\/\/www.o-p-i.fr\/7alire\/7-a-lire-actu\/salon-du-livre-7-a-lire-actu\/amuse-mots-a-bruniquel\/\">Amuse-Mot, parole d&rsquo;oc&#8230;et d&rsquo;ailleurs!<\/a>\u00a0\u00bb<\/p>\n<p style=\"text-align: justify;\">Parler, rire, jouer avec les mots a toujours \u00e9t\u00e9 un plaisir tr\u00e8s pris\u00e9 sous nos cieux.<\/p>\n<p style=\"text-align: justify;\">Comment oublier les troubadours et leurs joutes verbales quand on vit \u00e0 Bruniquel, comment oublier les voyageurs de tous horizons qui ont fait vibrer nos vieilles pierres de leurs voix chantantes ?<\/p>\n<p style=\"text-align: justify;\">Comment oublier l\u0092esprit malicieux qui donne toute sa saveur \u00e0 notre langue d\u0092Oc ?<\/p>\n<p style=\"text-align: justify;\">Jouer avec les mots est un plaisir in\u00e9puisable.<\/p>\n<p style=\"text-align: justify;\">Nous avons donc eu envie de jouer \u00e0 \u00ab l\u0092&rsquo;amuse-mot \u00bb pour saluer l\u0092arriv\u00e9e de l\u0092\u00e9t\u00e9 \u00e0 Bruniquel.<\/p>\n<p style=\"text-align: justify;\">Le dimanche 20 juin nous ferons la f\u00eate avec des mots, de la musique et de la bonne ch\u00e8re !<\/p>\n<p style=\"text-align: justify;\"><span style=\"color: #003300;\">Au programme :<\/span><\/p>\n<p style=\"text-align: justify;\">9h 18 h        &#8211; March\u00e9 aux livres sur la Promenade du  Ravelin<\/p>\n<p style=\"text-align: justify;\">11h30          &#8211; Ap\u00e9ro-concert, sur la Place,  avec la chorale de Vaour<\/p>\n<p style=\"text-align: justify;\">12h30          &#8211; Table d\u0092h\u00f4tes sur la Place<\/p>\n<p style=\"text-align: justify;\">14h30 18 h &#8211; Lectures sous les arbres, en fran\u00e7ais, en occitan ou en anglais.<\/p>\n<p style=\"text-align: justify;\">Joutes verbales et animations musicales, la journ\u00e9e va \u00eatre riche en d\u00e9couvertes et en bons moments \u00e0 partager.<\/p>\n<p style=\"text-align: justify;\">L\u0092&rsquo;entr\u00e9e est libre et gratuite.<\/p>\n<p style=\"text-align: justify;\">T\u00e9l\u00e9charger le programme d\u00e9taill\u00e9 des lectures \u00e9lectroniques <a title=\"Ouvre le fichier PDF dans une nouvelle fen\u00eatre\" href=\"https:\/\/www.o-p-i.fr\/parlonsen\/wp-content\/uploads\/pro_lecture_elec.pdf\" target=\"_blank\">en cliquant ici<\/a> !<\/p>\n<p style=\"text-align: justify;\">Pour tous les d\u00e9tails voir le blog de l\u0092&rsquo;association <a title=\"En savoir +\" href=\"https:\/\/www.o-p-i.fr\/aupays\/vie-des-communes\/a-cote-de-chez-nous\/vert-tige-bruniquel\/\">Vert-Tige Bruniquel <\/a><br \/>\n<a title=\"Ouvre le site dans une nouvelle fen\u00eatre\" href=\"http:\/\/vert-tige-vert-tigebruniquel.blogspot.com\/\" target=\"_blank\">http:\/\/vert-tige-vert-tigebruniquel.blogspot.com\/<\/a><\/p>\n<p style=\"text-align: justify;\"><em>Communiqu\u00e9 de Dani\u00e8le Issaulan<\/em><\/p>\n<p style=\"text-align: justify;\"><a href=\"https:\/\/www.o-p-i.fr\/parlonsen\/agenda\/\"><strong>Retrouvez tous les \u00e9v\u00e8nements dans l&rsquo;agenda !<\/strong><\/a><\/p>\n","protected":false},"excerpt":{"rendered":"<div class=\"mh-excerpt\">Il se passe plein de choses au moins de Juin\u00a0 \u00e0 Bruniquel !<\/div>\n","protected":false},"author":2,"featured_media":0,"comment_status":"open","ping_status":"open","sticky":false,"template":"","format":"standard","meta":{"om_disable_all_campaigns":false,"advanced_seo_description":"","jetpack_seo_html_title":"","jetpack_seo_noindex":false,"_jetpack_memberships_contains_paid_content":false,"footnotes":"","_links_to":"","_links_to_target":""},"categories":[42,1,54,563],"tags":[62,138,171,172,424],"class_list":{"0":"post-4142","1":"post","2":"type-post","3":"status-publish","4":"format-standard","6":"category-a-cote-de-chez-nous","7":"category-culture","8":"category-loisirs","9":"category-n-50-juin-2010","10":"tag-occitan","11":"tag-marche","12":"tag-bruniquel","13":"tag-exposition","14":"tag-livre"},"jetpack_featured_media_url":"","views":{"total":0,"cached_at":"","cached_date":1738515037},"jetpack_likes_enabled":true,"jetpack_sharing_enabled":true,"jetpack_shortlink":"https:\/\/wp.me\/pg7Wxj-14O","jetpack-related-posts":[],"_links":{"self":[{"href":"https:\/\/www.o-p-i.fr\/parlonsen\/wp-json\/wp\/v2\/posts\/4142","targetHints":{"allow":["GET"]}}],"collection":[{"href":"https:\/\/www.o-p-i.fr\/parlonsen\/wp-json\/wp\/v2\/posts"}],"about":[{"href":"https:\/\/www.o-p-i.fr\/parlonsen\/wp-json\/wp\/v2\/types\/post"}],"author":[{"embeddable":true,"href":"https:\/\/www.o-p-i.fr\/parlonsen\/wp-json\/wp\/v2\/users\/2"}],"replies":[{"embeddable":true,"href":"https:\/\/www.o-p-i.fr\/parlonsen\/wp-json\/wp\/v2\/comments?post=4142"}],"version-history":[{"count":0,"href":"https:\/\/www.o-p-i.fr\/parlonsen\/wp-json\/wp\/v2\/posts\/4142\/revisions"}],"wp:attachment":[{"href":"https:\/\/www.o-p-i.fr\/parlonsen\/wp-json\/wp\/v2\/media?parent=4142"}],"wp:term":[{"taxonomy":"category","embeddable":true,"href":"https:\/\/www.o-p-i.fr\/parlonsen\/wp-json\/wp\/v2\/categories?post=4142"},{"taxonomy":"post_tag","embeddable":true,"href":"https:\/\/www.o-p-i.fr\/parlonsen\/wp-json\/wp\/v2\/tags?post=4142"}],"curies":[{"name":"wp","href":"https:\/\/api.w.org\/{rel}","templated":true}]}}