{"id":41463,"date":"2019-03-30T13:02:06","date_gmt":"2019-03-30T12:02:06","guid":{"rendered":"\/parlonsen\/?p=41463"},"modified":"2019-03-30T16:18:48","modified_gmt":"2019-03-30T15:18:48","slug":"coline-malice-a-savagnac-81","status":"publish","type":"post","link":"https:\/\/www.o-p-i.fr\/parlonsen\/localisation\/au-pays-des-tescous\/salvagnac\/coline-malice-a-savagnac-81\/","title":{"rendered":"Coline Malice &#8230; \u00e0 Salvagnac (81)"},"content":{"rendered":"<p><strong>Samedi 6 Avril 2019<\/strong> \u00e0 18h \u00e0 l&rsquo;Espace Culturel.<!--more--><img data-recalc-dims=\"1\" loading=\"lazy\" decoding=\"async\" class=\"alignright size-full wp-image-41464\" src=\"https:\/\/i0.wp.com\/www.o-p-i.fr\/parlonsen\/wp-content\/uploads\/bibli-1.jpg?resize=319%2C287&#038;ssl=1\" alt=\"\" width=\"319\" height=\"287\" srcset=\"https:\/\/i0.wp.com\/www.o-p-i.fr\/parlonsen\/wp-content\/uploads\/bibli-1.jpg?w=319&amp;ssl=1 319w, https:\/\/i0.wp.com\/www.o-p-i.fr\/parlonsen\/wp-content\/uploads\/bibli-1.jpg?resize=300%2C270&amp;ssl=1 300w, https:\/\/i0.wp.com\/www.o-p-i.fr\/parlonsen\/wp-content\/uploads\/bibli-1.jpg?resize=150%2C135&amp;ssl=1 150w\" sizes=\"auto, (max-width: 319px) 100vw, 319px\" \/>Dans le cadre de la programmation culturelle de la M\u00e9diath\u00e8que D\u00e9partementale, la biblioth\u00e8que de Salvagnac a \u00e9t\u00e9 choisie pour accueillir le spectacle de COLINE MALICE<\/p>\n<p>Cette animation est gratuite.<br \/>\nLa r\u00e9servation est obligatoire, elle peut se faire directement \u00e0 la biblioth\u00e8que aux heures d&rsquo;ouverture ou par mail : <a href=\"mailto:biblio.salvagnac@gmail.com\">biblio.salvagnac@gmail.com<\/a><br \/>\nEn esp\u00e9rant vous y retrouver nombreux&nbsp; pour ce moment festif<\/p>\n<p><strong>Ouverture de la biblioth\u00e8que:<\/strong><br \/>\n<img data-recalc-dims=\"1\" loading=\"lazy\" decoding=\"async\" class=\"alignleft size-full wp-image-41465\" src=\"https:\/\/i0.wp.com\/www.o-p-i.fr\/parlonsen\/wp-content\/uploads\/bibli-logo.jpg?resize=113%2C80&#038;ssl=1\" alt=\"\" width=\"113\" height=\"80\">mercredi de 10 \u00e0 12h et 14h30 \u00e0 16h30<br \/>\nvendredi 16h30 \u00e0 18h30<br \/>\nsamedi et dimanche de10h \u00e0 12h<\/p>\n<p><em>Information communiqu\u00e9e par Arlette MALLERET<\/em><\/p>\n<p><a href=\"https:\/\/www.o-p-i.fr\/parlonsen\/agenda\/\">Retrouvez tous les \u00e9v\u00e9nements dans l&rsquo;agenda !<\/a><\/p>\n","protected":false},"excerpt":{"rendered":"<div class=\"mh-excerpt\">Samedi 6 Avril 2019 \u00e0 18h \u00e0 l&rsquo;Espace Culturel.<\/div>\n","protected":false},"author":4,"featured_media":0,"comment_status":"open","ping_status":"open","sticky":false,"template":"","format":"standard","meta":{"om_disable_all_campaigns":false,"advanced_seo_description":"","jetpack_seo_html_title":"","jetpack_seo_noindex":false,"_jetpack_memberships_contains_paid_content":false,"footnotes":"","_links_to":"","_links_to_target":""},"categories":[54,25,3498],"tags":[43,65,2548],"class_list":{"0":"post-41463","1":"post","2":"type-post","3":"status-publish","4":"format-standard","6":"category-loisirs","7":"category-salvagnac","8":"category-n-157-avril-2019","9":"tag-concert","10":"tag-bibliotheque","11":"tag-salvagnac"},"jetpack_featured_media_url":"","views":{"total":0,"cached_at":"","cached_date":1738517826},"jetpack_likes_enabled":true,"jetpack_sharing_enabled":true,"jetpack_shortlink":"https:\/\/wp.me\/pg7Wxj-aML","jetpack-related-posts":[],"_links":{"self":[{"href":"https:\/\/www.o-p-i.fr\/parlonsen\/wp-json\/wp\/v2\/posts\/41463","targetHints":{"allow":["GET"]}}],"collection":[{"href":"https:\/\/www.o-p-i.fr\/parlonsen\/wp-json\/wp\/v2\/posts"}],"about":[{"href":"https:\/\/www.o-p-i.fr\/parlonsen\/wp-json\/wp\/v2\/types\/post"}],"author":[{"embeddable":true,"href":"https:\/\/www.o-p-i.fr\/parlonsen\/wp-json\/wp\/v2\/users\/4"}],"replies":[{"embeddable":true,"href":"https:\/\/www.o-p-i.fr\/parlonsen\/wp-json\/wp\/v2\/comments?post=41463"}],"version-history":[{"count":0,"href":"https:\/\/www.o-p-i.fr\/parlonsen\/wp-json\/wp\/v2\/posts\/41463\/revisions"}],"wp:attachment":[{"href":"https:\/\/www.o-p-i.fr\/parlonsen\/wp-json\/wp\/v2\/media?parent=41463"}],"wp:term":[{"taxonomy":"category","embeddable":true,"href":"https:\/\/www.o-p-i.fr\/parlonsen\/wp-json\/wp\/v2\/categories?post=41463"},{"taxonomy":"post_tag","embeddable":true,"href":"https:\/\/www.o-p-i.fr\/parlonsen\/wp-json\/wp\/v2\/tags?post=41463"}],"curies":[{"name":"wp","href":"https:\/\/api.w.org\/{rel}","templated":true}]}}