{"id":41528,"date":"2019-04-04T23:08:10","date_gmt":"2019-04-04T22:08:10","guid":{"rendered":"\/parlonsen\/?p=41528"},"modified":"2019-04-04T23:28:03","modified_gmt":"2019-04-04T22:28:03","slug":"nougajazz-trio-a-saint-sulpice-la-pointe-81","status":"publish","type":"post","link":"https:\/\/www.o-p-i.fr\/parlonsen\/localisation\/a-cote-de-chez-nous\/nougajazz-trio-a-saint-sulpice-la-pointe-81\/","title":{"rendered":"NOUGAJAZZ TRIO&#8230;\u00e0 Saint Sulpice la Pointe (81)"},"content":{"rendered":"<p><strong>Dimanche 7 avril 2019<\/strong> \u00e0 17 h, \u00e0 La Grange de Mondelle<!--more--><\/p>\n<p><img data-recalc-dims=\"1\" loading=\"lazy\" decoding=\"async\" class=\"alignright size-full wp-image-41529\" src=\"https:\/\/i0.wp.com\/www.o-p-i.fr\/parlonsen\/wp-content\/uploads\/NougaJazz.jpg?resize=340%2C203&#038;ssl=1\" alt=\"\" width=\"340\" height=\"203\" srcset=\"https:\/\/i0.wp.com\/www.o-p-i.fr\/parlonsen\/wp-content\/uploads\/NougaJazz.jpg?w=340&amp;ssl=1 340w, https:\/\/i0.wp.com\/www.o-p-i.fr\/parlonsen\/wp-content\/uploads\/NougaJazz.jpg?resize=300%2C179&amp;ssl=1 300w, https:\/\/i0.wp.com\/www.o-p-i.fr\/parlonsen\/wp-content\/uploads\/NougaJazz.jpg?resize=150%2C90&amp;ssl=1 150w\" sizes=\"auto, (max-width: 340px) 100vw, 340px\" \/><strong>NOUGAJAZZ TRIO<\/strong><\/p>\n<p>Catherine VANISCOTTE, chant<br \/>Jean-No\u00ebl SARRAIL, piano<br \/>Olivier PIGOUNID\u00c8S, basse<\/p>\n<p>Des reprises de Claude Nougaro aux couleurs jazz, \u00e0 savourer, \u00e0 d\u00e9couvrir, \u00e0 partager en musique.<\/p>\n<p>Catherine Vaniscotte auteur-compositeur interpr\u00e8te, met en sc\u00e8ne de nombreux spectacles musicaux pour jeune public et adultes. Elle tourne dans toute la France avec succ\u00e8s. Elle compose au piano, joue du bandon\u00e9on et du ukul\u00e9l\u00e9, s\u2019accompagne de musiciens en live. Ses CD ont re\u00e7u des \u00ab coups de c\u0153ur Charles Cros \u00bb et Prix Mino ADAMI,<br \/>Jean-No\u00ebl Sarrail apprend le piano au Conservatoire de Toulouse, compose une pi\u00e8ce avec 8 musiciens de l\u2019Orchestre du Capitole, puis compose ses propres chansons. Il part vivre en Californie pour se baigner dans la musique West Coast qu\u2019il affectionne. Il cr\u00e9e plusieurs albums dont un remarqu\u00e9 par Michel Legrand et des spectacles. Parmi ses influences, Michel Jonaz, Bernard Lavilliers, William Sheller.<br \/>Olivier Pigounid\u00e8s \u00e9coute depuis son enfance tous les genres musicaux, Chopin, Gainsbourg, Pink Floyd, Miles Davis\u2026 Il joue du piano, de la guitare et se tourne vers la basse et joue dans divers groupes \u00e9clectiques, toujours accompagn\u00e9 de sa Fender jazz-bass Frettless.<\/p>\n<p>Plein tarif 10 \u20ac\u00a0 Adh\u00e9rents 8 \u20ac\u00a0 Tarif r\u00e9duit 5 \u20ac Enfants moins de 4 ans gratuit<\/p>\n<p><img data-recalc-dims=\"1\" loading=\"lazy\" decoding=\"async\" class=\"size-full wp-image-35994 alignleft\" src=\"https:\/\/i0.wp.com\/www.o-p-i.fr\/parlonsen\/wp-content\/uploads\/Le-pin-des-arts.jpg?resize=450%2C219&#038;ssl=1\" alt=\"\" width=\"450\" height=\"219\" srcset=\"https:\/\/i0.wp.com\/www.o-p-i.fr\/parlonsen\/wp-content\/uploads\/Le-pin-des-arts.jpg?w=450&amp;ssl=1 450w, https:\/\/i0.wp.com\/www.o-p-i.fr\/parlonsen\/wp-content\/uploads\/Le-pin-des-arts.jpg?resize=300%2C146&amp;ssl=1 300w, https:\/\/i0.wp.com\/www.o-p-i.fr\/parlonsen\/wp-content\/uploads\/Le-pin-des-arts.jpg?resize=150%2C73&amp;ssl=1 150w, https:\/\/i0.wp.com\/www.o-p-i.fr\/parlonsen\/wp-content\/uploads\/Le-pin-des-arts.jpg?resize=400%2C195&amp;ssl=1 400w\" sizes=\"auto, (max-width: 450px) 100vw, 450px\" \/><\/p>\n\n\n<p><em>Information communiqu\u00e9e par l&rsquo;\u00e9quipe \u00ab\u00a0Le pin des arts\u00a0\u00bb<\/em><\/p>\n\n\n\n<p><a href=\"https:\/\/www.o-p-i.fr\/parlonsen\/agenda\/\">Retrouvez\ntous les \u00e9v\u00e9nements dans l&rsquo;agenda !<\/a><\/p>\n","protected":false},"excerpt":{"rendered":"<div class=\"mh-excerpt\">Dimanche 7 avril 2019 \u00e0 17 h, \u00e0 La Grange de Mondelle<\/div>\n","protected":false},"author":4,"featured_media":0,"comment_status":"open","ping_status":"open","sticky":false,"template":"","format":"standard","meta":{"om_disable_all_campaigns":false,"advanced_seo_description":"","jetpack_seo_html_title":"","jetpack_seo_noindex":false,"_jetpack_memberships_contains_paid_content":false,"footnotes":"","_links_to":"","_links_to_target":""},"categories":[42,54,3498],"tags":[43,435,2739],"class_list":{"0":"post-41528","1":"post","2":"type-post","3":"status-publish","4":"format-standard","6":"category-a-cote-de-chez-nous","7":"category-loisirs","8":"category-n-157-avril-2019","9":"tag-concert","10":"tag-jazz","11":"tag-saint-sulpice-la-pointe"},"jetpack_featured_media_url":"","views":{"total":0,"cached_at":"","cached_date":1738517989},"jetpack_likes_enabled":true,"jetpack_sharing_enabled":true,"jetpack_shortlink":"https:\/\/wp.me\/pg7Wxj-aNO","jetpack-related-posts":[],"_links":{"self":[{"href":"https:\/\/www.o-p-i.fr\/parlonsen\/wp-json\/wp\/v2\/posts\/41528","targetHints":{"allow":["GET"]}}],"collection":[{"href":"https:\/\/www.o-p-i.fr\/parlonsen\/wp-json\/wp\/v2\/posts"}],"about":[{"href":"https:\/\/www.o-p-i.fr\/parlonsen\/wp-json\/wp\/v2\/types\/post"}],"author":[{"embeddable":true,"href":"https:\/\/www.o-p-i.fr\/parlonsen\/wp-json\/wp\/v2\/users\/4"}],"replies":[{"embeddable":true,"href":"https:\/\/www.o-p-i.fr\/parlonsen\/wp-json\/wp\/v2\/comments?post=41528"}],"version-history":[{"count":0,"href":"https:\/\/www.o-p-i.fr\/parlonsen\/wp-json\/wp\/v2\/posts\/41528\/revisions"}],"wp:attachment":[{"href":"https:\/\/www.o-p-i.fr\/parlonsen\/wp-json\/wp\/v2\/media?parent=41528"}],"wp:term":[{"taxonomy":"category","embeddable":true,"href":"https:\/\/www.o-p-i.fr\/parlonsen\/wp-json\/wp\/v2\/categories?post=41528"},{"taxonomy":"post_tag","embeddable":true,"href":"https:\/\/www.o-p-i.fr\/parlonsen\/wp-json\/wp\/v2\/tags?post=41528"}],"curies":[{"name":"wp","href":"https:\/\/api.w.org\/{rel}","templated":true}]}}