{"id":41789,"date":"2019-04-11T14:47:56","date_gmt":"2019-04-11T13:47:56","guid":{"rendered":"\/parlonsen\/?p=41789"},"modified":"2019-04-11T14:48:08","modified_gmt":"2019-04-11T13:48:08","slug":"a-g-de-la-t-c-p-m-a-monclar-de-quercy-82","status":"publish","type":"post","link":"https:\/\/www.o-p-i.fr\/parlonsen\/parlons-en\/pratique\/a-g-de-la-t-c-p-m-a-monclar-de-quercy-82\/","title":{"rendered":"A.G. de l&rsquo;A.T.C.P.M. &#8230;\u00e0 Monclar de Quercy (82)"},"content":{"rendered":"<p><strong>Vendredi 19 avril 2019<\/strong>, \u00e0 18h. \u00e0 la mairie.<!--more--><img data-recalc-dims=\"1\" loading=\"lazy\" decoding=\"async\" class=\"alignright size-full wp-image-41791\" src=\"https:\/\/i0.wp.com\/www.o-p-i.fr\/parlonsen\/wp-content\/uploads\/logo-ATCPM.jpg?resize=170%2C152&#038;ssl=1\" alt=\"\" width=\"170\" height=\"152\" srcset=\"https:\/\/i0.wp.com\/www.o-p-i.fr\/parlonsen\/wp-content\/uploads\/logo-ATCPM.jpg?w=170&amp;ssl=1 170w, https:\/\/i0.wp.com\/www.o-p-i.fr\/parlonsen\/wp-content\/uploads\/logo-ATCPM.jpg?resize=150%2C134&amp;ssl=1 150w\" sizes=\"auto, (max-width: 170px) 100vw, 170px\" \/>La prochaine Assembl\u00e9e G\u00e9n\u00e9rale Ordinaire de l&rsquo;<strong>Association Tourisme et Culture en Pays Monclarais<\/strong> se tiendra le Vendredi 19 avril 2019 \u00e0 18 heures salle d\u2019Honneur du G\u00e9n\u00e9ral Monclar.<br \/>\nL\u2019ordre du jour est le suivant :<br \/>\n&#8211; Rapport moral<br \/>\n&#8211; Rapport d\u2019activit\u00e9<br \/>\n&#8211; Rapport financier<br \/>\n&#8211; Montant de la cotisation 2020<br \/>\n&#8211; Projets 2020<br \/>\n&#8211; Questions diverses<br \/>\nLa <strong>cotisation annuelle de 2019<\/strong> est ramen\u00e9e \u00e0 10 \u20ac pour les Associations et les Commer\u00e7ants. Merci d\u2019avance de bien vouloir nous l\u2019adresser avant l\u2019Assembl\u00e9e G\u00e9n\u00e9rale ou au plus tard avant le d\u00e9but de la r\u00e9union. Votre qualit\u00e9 de membre vous permettra de participer aux d\u00e9lib\u00e9rations et aux<br \/>\nvotes.<br \/>\nLes documents qui vous sont accessibles ont \u00e9t\u00e9 d\u00e9pos\u00e9s au si\u00e8ge social de<br \/>\nl\u2019association et s\u2019y trouvent \u00e0 votre disposition. Les questions \u00e0 d\u00e9battre doivent \u00eatre adress\u00e9es \u00e0 l\u2019Association au plus tard le 18 avril 2019.<br \/>\nSi vous ne pouvez pas assister vous-m\u00eame \u00e0 la r\u00e9union, vous pouvez vous y<br \/>\nfaire repr\u00e9senter par un autre adh\u00e9rent qui devra \u00eatre muni d\u2019un pouvoir, et ce conform\u00e9ment aux dispositions de l\u2019article 7 des statuts.<br \/>\nCette r\u00e9union sera suivie d\u2019un pot de l\u2019amiti\u00e9, offert par l\u2019Association.<br \/>\nVous \u00eates tous et toutes les bienvenu(e)s.<\/p>\n<p>Pour t\u00e9l\u00e9charger le pouvoir, cliquez: <a href=\"https:\/\/www.o-p-i.fr\/parlonsen\/wp-content\/uploads\/Pouvoir-A.G.-de-lA.T.C.P.M.pdf\">Pouvoir A.G. de l&rsquo;A.T.C.P.M<\/a><\/p>\n<p><img data-recalc-dims=\"1\" loading=\"lazy\" decoding=\"async\" class=\"aligncenter size-full wp-image-41792\" src=\"https:\/\/i0.wp.com\/www.o-p-i.fr\/parlonsen\/wp-content\/uploads\/ATCPM-Sigle.jpg?resize=567%2C156&#038;ssl=1\" alt=\"\" width=\"567\" height=\"156\" srcset=\"https:\/\/i0.wp.com\/www.o-p-i.fr\/parlonsen\/wp-content\/uploads\/ATCPM-Sigle.jpg?w=567&amp;ssl=1 567w, https:\/\/i0.wp.com\/www.o-p-i.fr\/parlonsen\/wp-content\/uploads\/ATCPM-Sigle.jpg?resize=300%2C83&amp;ssl=1 300w, https:\/\/i0.wp.com\/www.o-p-i.fr\/parlonsen\/wp-content\/uploads\/ATCPM-Sigle.jpg?resize=150%2C41&amp;ssl=1 150w, https:\/\/i0.wp.com\/www.o-p-i.fr\/parlonsen\/wp-content\/uploads\/ATCPM-Sigle.jpg?resize=400%2C110&amp;ssl=1 400w\" sizes=\"auto, (max-width: 567px) 100vw, 567px\" \/><em>Information communiqu\u00e9e par la pr\u00e9sidente, Cathy LESSOULT<\/em><\/p>\n<p><a href=\"https:\/\/www.o-p-i.fr\/parlonsen\/agenda\/\">Retrouvez tous les \u00e9v\u00e9nements dans l&rsquo;agenda !<\/a><\/p>\n","protected":false},"excerpt":{"rendered":"<div class=\"mh-excerpt\">Vendredi 19 avril 2019, \u00e0 18h. \u00e0 la mairie.<\/div>\n","protected":false},"author":4,"featured_media":0,"comment_status":"open","ping_status":"open","sticky":false,"template":"","format":"standard","meta":{"om_disable_all_campaigns":false,"advanced_seo_description":"","jetpack_seo_html_title":"","jetpack_seo_noindex":false,"_jetpack_memberships_contains_paid_content":false,"footnotes":"","_links_to":"","_links_to_target":""},"categories":[16,6,3498],"tags":[143,2619,3505],"class_list":{"0":"post-41789","1":"post","2":"type-post","3":"status-publish","4":"format-standard","6":"category-monclar","7":"category-pratique","8":"category-n-157-avril-2019","9":"tag-monclar-de-quercy","10":"tag-assemblee-generale","11":"tag-atcpm"},"jetpack_featured_media_url":"","views":{"total":0,"cached_at":"","cached_date":1738517823},"jetpack_likes_enabled":true,"jetpack_sharing_enabled":true,"jetpack_shortlink":"https:\/\/wp.me\/pg7Wxj-aS1","jetpack-related-posts":[],"_links":{"self":[{"href":"https:\/\/www.o-p-i.fr\/parlonsen\/wp-json\/wp\/v2\/posts\/41789","targetHints":{"allow":["GET"]}}],"collection":[{"href":"https:\/\/www.o-p-i.fr\/parlonsen\/wp-json\/wp\/v2\/posts"}],"about":[{"href":"https:\/\/www.o-p-i.fr\/parlonsen\/wp-json\/wp\/v2\/types\/post"}],"author":[{"embeddable":true,"href":"https:\/\/www.o-p-i.fr\/parlonsen\/wp-json\/wp\/v2\/users\/4"}],"replies":[{"embeddable":true,"href":"https:\/\/www.o-p-i.fr\/parlonsen\/wp-json\/wp\/v2\/comments?post=41789"}],"version-history":[{"count":0,"href":"https:\/\/www.o-p-i.fr\/parlonsen\/wp-json\/wp\/v2\/posts\/41789\/revisions"}],"wp:attachment":[{"href":"https:\/\/www.o-p-i.fr\/parlonsen\/wp-json\/wp\/v2\/media?parent=41789"}],"wp:term":[{"taxonomy":"category","embeddable":true,"href":"https:\/\/www.o-p-i.fr\/parlonsen\/wp-json\/wp\/v2\/categories?post=41789"},{"taxonomy":"post_tag","embeddable":true,"href":"https:\/\/www.o-p-i.fr\/parlonsen\/wp-json\/wp\/v2\/tags?post=41789"}],"curies":[{"name":"wp","href":"https:\/\/api.w.org\/{rel}","templated":true}]}}