{"id":41965,"date":"2019-04-25T15:22:28","date_gmt":"2019-04-25T14:22:28","guid":{"rendered":"\/parlonsen\/?p=41965"},"modified":"2019-04-25T15:22:28","modified_gmt":"2019-04-25T14:22:28","slug":"ateliers-dinitiation-a-la-bureautique-a-monclar-de-quercy-82","status":"publish","type":"post","link":"https:\/\/www.o-p-i.fr\/parlonsen\/localisation\/au-pays-des-tescous\/monclar\/ateliers-dinitiation-a-la-bureautique-a-monclar-de-quercy-82\/","title":{"rendered":"Ateliers d&rsquo;initiation \u00e0 la bureautique&#8230; \u00e0 Monclar de Quercy (82)"},"content":{"rendered":"<p>Les vendredis de 9h.15 \u00e0 11h.15,\u00e0 <strong>partir du 10 mai 2019<\/strong><!--more--><\/p>\n<p><img data-recalc-dims=\"1\" loading=\"lazy\" decoding=\"async\" class=\"aligncenter size-full wp-image-41966\" src=\"https:\/\/i0.wp.com\/www.o-p-i.fr\/parlonsen\/wp-content\/uploads\/Bureautique.jpg?resize=596%2C842&#038;ssl=1\" alt=\"\" width=\"596\" height=\"842\" srcset=\"https:\/\/i0.wp.com\/www.o-p-i.fr\/parlonsen\/wp-content\/uploads\/Bureautique.jpg?w=596&amp;ssl=1 596w, https:\/\/i0.wp.com\/www.o-p-i.fr\/parlonsen\/wp-content\/uploads\/Bureautique.jpg?resize=212%2C300&amp;ssl=1 212w, https:\/\/i0.wp.com\/www.o-p-i.fr\/parlonsen\/wp-content\/uploads\/Bureautique.jpg?resize=106%2C150&amp;ssl=1 106w, https:\/\/i0.wp.com\/www.o-p-i.fr\/parlonsen\/wp-content\/uploads\/Bureautique.jpg?resize=400%2C565&amp;ssl=1 400w\" sizes=\"auto, (max-width: 596px) 100vw, 596px\" \/><\/p>\n\n\n<p><em>Information communiqu\u00e9e par St\u00e9phanie MALAURY<\/em><\/p>\n\n\n\n<p><a href=\"https:\/\/www.o-p-i.fr\/parlonsen\/agenda\/\">Retrouvez\ntous les \u00e9v\u00e9nements dans l&rsquo;agenda !<\/a><\/p>\n","protected":false},"excerpt":{"rendered":"<div class=\"mh-excerpt\">Les vendredis de 9h.15 \u00e0 11h.15,\u00e0 partir du 10 mai 2019<\/div>\n","protected":false},"author":4,"featured_media":0,"comment_status":"open","ping_status":"open","sticky":false,"template":"","format":"standard","meta":{"om_disable_all_campaigns":false,"advanced_seo_description":"","jetpack_seo_html_title":"","jetpack_seo_noindex":false,"_jetpack_memberships_contains_paid_content":false,"footnotes":"","_links_to":"","_links_to_target":""},"categories":[52,725,16,3499],"tags":[3628,143,382],"class_list":{"0":"post-41965","1":"post","2":"type-post","3":"status-publish","4":"format-standard","6":"category-parlons-en","7":"category-formation-parlons-en","8":"category-monclar","9":"category-n-158-mai-2019","10":"tag-atelier-bureautique","11":"tag-monclar-de-quercy","12":"tag-familles-rurales"},"jetpack_featured_media_url":"","views":{"total":0,"cached_at":"","cached_date":1738535899},"jetpack_likes_enabled":true,"jetpack_sharing_enabled":true,"jetpack_shortlink":"https:\/\/wp.me\/pg7Wxj-aUR","jetpack-related-posts":[],"_links":{"self":[{"href":"https:\/\/www.o-p-i.fr\/parlonsen\/wp-json\/wp\/v2\/posts\/41965","targetHints":{"allow":["GET"]}}],"collection":[{"href":"https:\/\/www.o-p-i.fr\/parlonsen\/wp-json\/wp\/v2\/posts"}],"about":[{"href":"https:\/\/www.o-p-i.fr\/parlonsen\/wp-json\/wp\/v2\/types\/post"}],"author":[{"embeddable":true,"href":"https:\/\/www.o-p-i.fr\/parlonsen\/wp-json\/wp\/v2\/users\/4"}],"replies":[{"embeddable":true,"href":"https:\/\/www.o-p-i.fr\/parlonsen\/wp-json\/wp\/v2\/comments?post=41965"}],"version-history":[{"count":0,"href":"https:\/\/www.o-p-i.fr\/parlonsen\/wp-json\/wp\/v2\/posts\/41965\/revisions"}],"wp:attachment":[{"href":"https:\/\/www.o-p-i.fr\/parlonsen\/wp-json\/wp\/v2\/media?parent=41965"}],"wp:term":[{"taxonomy":"category","embeddable":true,"href":"https:\/\/www.o-p-i.fr\/parlonsen\/wp-json\/wp\/v2\/categories?post=41965"},{"taxonomy":"post_tag","embeddable":true,"href":"https:\/\/www.o-p-i.fr\/parlonsen\/wp-json\/wp\/v2\/tags?post=41965"}],"curies":[{"name":"wp","href":"https:\/\/api.w.org\/{rel}","templated":true}]}}