{"id":41985,"date":"2019-04-26T04:33:38","date_gmt":"2019-04-26T03:33:38","guid":{"rendered":"\/parlonsen\/?p=41985"},"modified":"2019-04-26T04:47:37","modified_gmt":"2019-04-26T03:47:37","slug":"la-belle-montee-programme-mai-juin-2019-la-salvetat-belmontet-82","status":"publish","type":"post","link":"https:\/\/www.o-p-i.fr\/parlonsen\/localisation\/au-pays-des-tescous\/salvetat\/la-belle-montee-programme-mai-juin-2019-la-salvetat-belmontet-82\/","title":{"rendered":"\u00ab\u00a0La Belle Mont\u00e9e\u00a0\u00bb, programme mai\/juin 2019 &#8230;La Salvetat Belmontet (82)"},"content":{"rendered":"<p>Marcheurs et cyclistes:<!--more--><strong> <img data-recalc-dims=\"1\" loading=\"lazy\" decoding=\"async\" class=\"alignright size-full wp-image-41986\" src=\"https:\/\/i0.wp.com\/www.o-p-i.fr\/parlonsen\/wp-content\/uploads\/Marcheurs.jpg?resize=299%2C202&#038;ssl=1\" alt=\"\" width=\"299\" height=\"202\" srcset=\"https:\/\/i0.wp.com\/www.o-p-i.fr\/parlonsen\/wp-content\/uploads\/Marcheurs.jpg?w=299&amp;ssl=1 299w, https:\/\/i0.wp.com\/www.o-p-i.fr\/parlonsen\/wp-content\/uploads\/Marcheurs.jpg?resize=150%2C101&amp;ssl=1 150w\" sizes=\"auto, (max-width: 299px) 100vw, 299px\" \/>POUR LES MARCHEURS<\/strong> :<br \/>\nD\u00e9part en co-voiturage \u00e0 la salle des associations de La Salvetat (derri\u00e8re l\u2019\u00e9glise) RDV 13h45 pour d\u00e9part 14h.<br \/>\nAttention : \u00e0 partir du 20 juin (en raison de la chaleur), les d\u00e9parts se feront le matin \u00e0 8h15 pour d\u00e9part 8h30.<\/p>\n<p><strong>Tous les jeudis randonn\u00e9es suivant le programme ci-dessous.<\/strong><\/p>\n<ul>\n<li>2 mai : pas de randonn\u00e9e en raison du voyage en Espagne<\/li>\n<li>9 mai : Lamothe Capdeville &#8211; PR2 de St Saturnin \u00e0 Notre Dame &#8211; 10,5 kms &#8211; 2h &#8211; Moyen<\/li>\n<li>16 mai : Randonn\u00e9e sur la journ\u00e9e &#8211; pr\u00e9voir le casse cro\u00fbte &#8211; Rdv 8h45 pour d\u00e9part 9h. =&gt; St Antonin Nobleval &#8211; PR22 Pech Dax-la Gourgue-le Martinet &#8211; 15,3 kms &#8211; 6h &#8211; difficile<\/li>\n<li>23 mai : Bruniquel &#8211; De Bruniquel \u00e0 Penne &#8211; 13 kms &#8211; 3h45 &#8211; moyen<br \/>\n30 mai : Buzet &#8211; For\u00eat de Buzet &#8211; 8,2 kms &#8211; 2h30 &#8211; facile<\/li>\n<li>6 juin : St Antonin Nobleval &#8211; PR2bis\/PR3 &#8211; Nibouzou &#8211; Le Bosc- le Roc Deymi\u00e9 &#8211; 9 kms &#8211; 2h30 &#8211; moyen<\/li>\n<li>13 juin : Vaour &#8211; balade autour de Vaour &#8211; 13,4 kms &#8211; 4h &#8211; moyen<\/li>\n<li>20 juin matin : St Antonin Nobleval &#8211; PR13 au coeur du cirque de Bone &#8211; 8,6 kms &#8211; 3h &#8211; tr\u00e8s difficile &#8211; suivi d\u2019un repas au restaurant Manjo-Carn \u00e0 13h (pour ceux qui le souhaiteront)<\/li>\n<li>27 juin matin : Montech &#8211; circuit de la for\u00eat d\u2019Agre &#8211; 10,6 kms &#8211; 3h &#8211; facile<\/li>\n<\/ul>\n<p><strong>Contacts<\/strong> : Andr\u00e9 BROUSSE 06-10-05-49-04 \/ Serge LAFON 06-33-83-02-01 \/ Nicole DUCOS 06-49-39-23-06 \/ Monique MURATET 06-83-89-37-81<\/p>\n<p><strong>Programme des randonn\u00e9es courtes (Jeudi) : le changement d\u2019horaire (matin au lieu de l\u2019apr\u00e8s-midi) sera d\u00e9cid\u00e9 par Genevi\u00e8ve en fonction de la chaleur.<\/strong><\/p>\n<ul>\n<li>02 mai : Grand Montauban &#8211; La Piboulette &#8211; 4,7 kms &#8211; 1h30<\/li>\n<li>09 mai : Layrac &#8211; Les Gravi\u00e8res &#8211; 7,5 kms &#8211; 2h30<\/li>\n<li>16 mai : Grand Montauban &#8211; Les coteaux dArdus &#8211; 4,7 kms &#8211; 1h15<\/li>\n<li>23 mai : Moissac &#8211; Ancien chemin de Halage &#8211; 7 kms &#8211; 2h30<\/li>\n<li>30 mai : Albefeuille Lagarde &#8211; le chemin des deux \u00e9glises &#8211; 6,5 kms &#8211; 2h<\/li>\n<li>06 juin : Villemur &#8211; Le Pech des Agnels &#8211; 7,5 kms -2h30<\/li>\n<li>13 juin : St Rustice &#8211; sur le canal &#8211; 7,5 kms &#8211; 2h30<\/li>\n<li>20 juin &#8211; St Nauphary &#8211; la boucle du village &#8211; 4,2 kms- 1h10<\/li>\n<li>27 juin &#8211; Rabastens &#8211; dans les pas d&rsquo;Am\u00e9d\u00e9e &#8211; 7 kms &#8211; 2h20<\/li>\n<\/ul>\n<p>Contact : Genevi\u00e8ve DOUREL : 06.28.35.48.78<\/p>\n<p><strong>Tous les week-ends randonn\u00e9es alternativement les samedis et dimanches suivant le programme ci-dessous.<\/strong><\/p>\n<ul>\n<li>Dimanche 5 mai : For\u00eat de Sivens &#8211; 8 kms &#8211; 2h40 &#8211; facile<\/li>\n<li>Samedi 11 mai : Montauban &#8211; PR6 les vallons du Fau &#8211; 9,8 kms &#8211; 2h25 &#8211; facile<\/li>\n<li>Dimanche 19 mai : Moli\u00e8res &#8211; PR1 le Malivert 12 kms &#8211; 3H30 &#8211; moyen<\/li>\n<li>Samedi 25 mai : Montpezat de Quercy &#8211; PR2 les coteaux du Quercy &#8211; 11 kms &#8211; 3h15 &#8211; Moyen<\/li>\n<li>Samedi 1er juin : Journ\u00e9e des belles mont\u00e9es<\/li>\n<li>Samedi 8 juin : Vazerac &#8211; PR2 circuit du ch\u00e2teau et du Lemboulas &#8211; 13 kms &#8211; 3h15 &#8211; moyen<\/li>\n<li>Dimanche 16 juin : Randonn\u00e9e sur la journ\u00e9e &#8211; pr\u00e9voir le casse cro\u00fbte &#8211; Rdv 8h45 pour d\u00e9part 9h.=&gt; Senouillac &#8211; sentier des 4 ch\u00e2teaux &#8211; 14 kms &#8211; 4h &#8211; moyen<\/li>\n<li>Samedi 22 juin matin : St Georges &#8211; PR2 les Gr\u00e8zes grandes &#8211; 7 kms &#8211; 2h &#8211; facile<\/li>\n<li>Dimanche 30 juin : F\u00eate de St Caprais &#8211; boucle autour de Saint Caprais (voir programme de la f\u00eate de La Salvetat Belmontet), 8 kms, 2h30, facile. RDV \u00e0 Saint Caprais pour un d\u00e9part \u00e0 10h depuis la salle des f\u00eates.<\/li>\n<\/ul>\n<p>Contacts : Fran\u00e7oise BROUCHET 06-89-15-74-61 &#8211; Nicole DUCOS 06-49-39-23-06 &#8211; Serge LAFON 06-33-83-02-01<\/p>\n<p>En cas de probl\u00e8me d\u2019encadrement, de m\u00e9t\u00e9o, ou tout autre impr\u00e9vu, les organisateurs pourront \u00eatre amen\u00e9s \u00e0 changer le parcours initialement pr\u00e9vu, c\u2019est pourquoi nous vous conseillons de toujours venir au point de rendez-vous \u00e0 la salle des associations, parking de l\u2019\u00e9glise de La Salvetat. Les distances, temps et d\u00e9nivel\u00e9s sont donn\u00e9s \u00e0 titre indicatif et peuvent parfois varier.<\/p>\n<p>Pas de programme en juillet et ao\u00fbt, randos libres pour ceux qui le souhaitent.<\/p>\n<p><strong><img data-recalc-dims=\"1\" loading=\"lazy\" decoding=\"async\" class=\"alignleft size-full wp-image-41987\" src=\"https:\/\/i0.wp.com\/www.o-p-i.fr\/parlonsen\/wp-content\/uploads\/cyclistes.jpg?resize=155%2C223&#038;ssl=1\" alt=\"\" width=\"155\" height=\"223\" srcset=\"https:\/\/i0.wp.com\/www.o-p-i.fr\/parlonsen\/wp-content\/uploads\/cyclistes.jpg?w=155&amp;ssl=1 155w, https:\/\/i0.wp.com\/www.o-p-i.fr\/parlonsen\/wp-content\/uploads\/cyclistes.jpg?resize=104%2C150&amp;ssl=1 104w\" sizes=\"auto, (max-width: 155px) 100vw, 155px\" \/>POUR LES CYCLISTES SUR ROUTE :<\/strong><br \/>\nLe dimanche matin rendez-vous \u00e0 8h30 \u00e0 la salle des associations de La Salvetat.<br \/>\nLes parcours seront \u00e9tablis en fonction des participants et de la m\u00e9t\u00e9o (g\u00e9n\u00e9ralement de 60 \u00e0 90 km). En cas de participation \u00e0 des sorties organis\u00e9es par d\u2019autres club le lieu de rendez-vous et d\u00e9part pourra changer. En cas de mauvais temps, le jour ou l\u2019heure de d\u00e9part pourront \u00e9galement changer.<br \/>\nLe mercredi apr\u00e8s-midi au d\u00e9part de Verlhac (durant les heures d\u2019\u00e9t\u00e9).<br \/>\nContacts : E. VIES 06-08-88-63-37 \/ Ch. ESCALETTE 06-84-09-42-99 \/ J.M. SANGLA 05-63-30-34-16<br \/>\nVous pouvez \u00e9galement trouver des informations sur le site internet de l\u2019association \u00e0 l\u2019adresse :<br \/>\n<a href=\"http:\/\/la-belle-montee.clubeo.com.\" target=\"_blank\" rel=\"noopener noreferrer\">http:\/\/la-belle-montee.clubeo.com.<\/a><br \/>\nContacts : Mail : <a href=\"mailto:la-belle-montee@clubeo.com\">la-belle-montee@clubeo.com<\/a> \u2013 T\u00e9l\u00e9phone : Jean-Marc SANGLA 05-63-30-34-16<\/p>\n<p><em>Information communiqu\u00e9e par Jean-Marc SANGLA<\/em><\/p>\n<p><a href=\"https:\/\/www.o-p-i.fr\/parlonsen\/agenda\/\">Retrouvez tous les \u00e9v\u00e9nements dans l&rsquo;agenda !<\/a><\/p>\n","protected":false},"excerpt":{"rendered":"<div class=\"mh-excerpt\">Marcheurs et cyclistes:<\/div>\n","protected":false},"author":4,"featured_media":0,"comment_status":"open","ping_status":"open","sticky":false,"template":"","format":"standard","meta":{"om_disable_all_campaigns":false,"advanced_seo_description":"","jetpack_seo_html_title":"","jetpack_seo_noindex":false,"_jetpack_memberships_contains_paid_content":false,"footnotes":"","_links_to":"","_links_to_target":""},"categories":[34,54,53,3499],"tags":[181,1264,2792,2937,3122,3632],"class_list":{"0":"post-41985","1":"post","2":"type-post","3":"status-publish","4":"format-standard","6":"category-salvetat","7":"category-loisirs","8":"category-sports","9":"category-n-158-mai-2019","10":"tag-la-salvetat-belmontet","11":"tag-programme","12":"tag-la-belle-montee","13":"tag-cyclisme-sur-route","14":"tag-marcheur","15":"tag-cycliste"},"jetpack_featured_media_url":"","views":{"total":0,"cached_at":"","cached_date":1738535880},"jetpack_likes_enabled":true,"jetpack_sharing_enabled":true,"jetpack_shortlink":"https:\/\/wp.me\/pg7Wxj-aVb","jetpack-related-posts":[],"_links":{"self":[{"href":"https:\/\/www.o-p-i.fr\/parlonsen\/wp-json\/wp\/v2\/posts\/41985","targetHints":{"allow":["GET"]}}],"collection":[{"href":"https:\/\/www.o-p-i.fr\/parlonsen\/wp-json\/wp\/v2\/posts"}],"about":[{"href":"https:\/\/www.o-p-i.fr\/parlonsen\/wp-json\/wp\/v2\/types\/post"}],"author":[{"embeddable":true,"href":"https:\/\/www.o-p-i.fr\/parlonsen\/wp-json\/wp\/v2\/users\/4"}],"replies":[{"embeddable":true,"href":"https:\/\/www.o-p-i.fr\/parlonsen\/wp-json\/wp\/v2\/comments?post=41985"}],"version-history":[{"count":0,"href":"https:\/\/www.o-p-i.fr\/parlonsen\/wp-json\/wp\/v2\/posts\/41985\/revisions"}],"wp:attachment":[{"href":"https:\/\/www.o-p-i.fr\/parlonsen\/wp-json\/wp\/v2\/media?parent=41985"}],"wp:term":[{"taxonomy":"category","embeddable":true,"href":"https:\/\/www.o-p-i.fr\/parlonsen\/wp-json\/wp\/v2\/categories?post=41985"},{"taxonomy":"post_tag","embeddable":true,"href":"https:\/\/www.o-p-i.fr\/parlonsen\/wp-json\/wp\/v2\/tags?post=41985"}],"curies":[{"name":"wp","href":"https:\/\/api.w.org\/{rel}","templated":true}]}}