{"id":42093,"date":"2019-05-06T15:55:39","date_gmt":"2019-05-06T14:55:39","guid":{"rendered":"\/parlonsen\/?p=42093"},"modified":"2019-05-06T15:55:56","modified_gmt":"2019-05-06T14:55:56","slug":"eclosion-de-couleurs-a-saint-nauphary-82","status":"publish","type":"post","link":"https:\/\/www.o-p-i.fr\/parlonsen\/parlons-en\/culture\/eclosion-de-couleurs-a-saint-nauphary-82\/","title":{"rendered":"\u00ab\u00a0Eclosion de couleurs\u00a0\u00bb&#8230; \u00e0 Saint Nauphary (82)"},"content":{"rendered":"<p>Du <strong>vendredi 10 au mercredi 29 mai 2019<\/strong>, \u00e0 la m\u00e9diath\u00e8que.<!--more--><\/p>\n<p><strong>\u00abJamais deux sans trois \u2026\u00bb<\/strong> En effet,<a href=\"https:\/\/www.o-p-i.fr\/aupays\/annuaire\/loisirs\/st-nolivres\/\" target=\"_blank\" rel=\"noopener noreferrer\"><strong> l\u2019association ST NO\u2019LIVRES<\/strong><\/a> propose pour la troisi\u00e8me fois une exposition de peinture \u00e0 la m\u00e9diath\u00e8que de Saint-Nauphary.<br \/>\n<img data-recalc-dims=\"1\" loading=\"lazy\" decoding=\"async\" class=\"aligncenter size-full wp-image-42095\" src=\"https:\/\/i0.wp.com\/www.o-p-i.fr\/parlonsen\/wp-content\/uploads\/st-no-1.jpg?resize=442%2C359&#038;ssl=1\" alt=\"\" width=\"442\" height=\"359\" srcset=\"https:\/\/i0.wp.com\/www.o-p-i.fr\/parlonsen\/wp-content\/uploads\/st-no-1.jpg?w=442&amp;ssl=1 442w, https:\/\/i0.wp.com\/www.o-p-i.fr\/parlonsen\/wp-content\/uploads\/st-no-1.jpg?resize=300%2C244&amp;ssl=1 300w, https:\/\/i0.wp.com\/www.o-p-i.fr\/parlonsen\/wp-content\/uploads\/st-no-1.jpg?resize=150%2C122&amp;ssl=1 150w, https:\/\/i0.wp.com\/www.o-p-i.fr\/parlonsen\/wp-content\/uploads\/st-no-1.jpg?resize=400%2C325&amp;ssl=1 400w\" sizes=\"auto, (max-width: 442px) 100vw, 442px\" \/>L\u2019association est heureuse d\u2019accueillir, pour la troisi\u00e8me fois, &#8211; encore \u2026 \u00abjamais deux sans trois\u00bb &#8211; l\u2019artiste peintre Malika HACHEMI MILLORAT. D\u00e9j\u00e0 venue exposer \u00e0 la m\u00e9diath\u00e8que en 2013 \u00ab Peintures en 3D \u00bb et en 2017 \u00ab Peinture en relief \u00bb, cette artiste peintre professionnelle montalbanaise utilise des techniques bien particuli\u00e8res. En effet, elle se sert de la peinture \u00e0 l\u2019huile et de la r\u00e9sine, de pinceaux et de couteaux pour r\u00e9aliser des tableaux uniques. Depuis 2013, ses tableaux se sont modifi\u00e9s, laissant place \u00e0 une certaine douceur et tendresse \u2026<br \/>\nMalika s\u2019exprime sur cette \u00e9volution en pr\u00e9sentant l\u2019exposition <strong>\u00abECLOSION DE COULEURS\u00bb :<\/strong><br \/>\n<em>\u00ab\u00a0J\u2019utilise l\u2019art pour apprendre \u00e0 me conna\u00eetre moi-m\u00eame.<\/em><br \/>\n<em>De mes d\u00e9buts dans la veine abstraite, \u00e0 aujourd\u2019hui, j\u2019emploie des m\u00e9thodes de travail originales. La r\u00e9alit\u00e9 qui m\u2019entoure me sert d\u2019inspiration premi\u00e8re. Certains motifs observ\u00e9s sur le vif, dans le quotidien retiennent durablement mon attention puis sont adapt\u00e9s et transform\u00e9s. J\u2019utilise toutes sortes d\u2019\u00ab outils \u00bb : huile, r\u00e9sine (une mati\u00e8re qui m\u2019offre des possibilit\u00e9s illimit\u00e9es), couteaux, pinceaux\u2026 Ma technique picturale : des effets de relief et de textures. Ma volont\u00e9 d\u2019aller toujours plus loin correspond \u00e0 un besoin constant de perfectionner ma pratique artistique. Les artistes contemporains ont exerc\u00e9 sur moi une grande influence durant ces derni\u00e8res ann\u00e9es.<\/em><br \/>\nL\u2019exposition \u00ab\u00a0ECLOSION DE COULEURS\u00a0\u00bb s\u2019articule en trois sections\u00a0: le figuratif, l\u2019abstrait et le minimaliste.<\/p>\n<ul>\n<li>La premi\u00e8re pr\u00e9sente les motifs qui ont attir\u00e9 mon \u0153il : l\u2019humain et les chevaux. Une galerie de portraits de mod\u00e8les que je rencontre.<\/li>\n<li>Dans la deuxi\u00e8me, mes \u0153uvres mettent en avant la construction d\u2019un imaginaire, les sentiments ressentis, la fascination pour le myst\u00e9rieux et l\u2019\u00e9trange.<\/li>\n<li>L\u2019exposition se conclut par la troisi\u00e8me section dans laquelle mes \u0153uvres sont reconnaissables par leurs formes et leurs couleurs singuli\u00e8res.<\/li>\n<\/ul>\n<p>Malgr\u00e9 le changement r\u00e9gulier de mon style, il existe toutefois une permanence de ma recherche artistique : je fais \u00e9voluer certaines formes, certains motifs, du d\u00e9but \u00e0 aujourd\u2019hui, les combinant sans cesse \u00e0 de nouvelles sources et de nouvelles inventions tout en faisant de chaque toile une \u0153uvre unique. Les visiteurs peuvent ainsi d\u00e9couvrir les repr\u00e9sentations stylis\u00e9es d\u2019\u00e9l\u00e9ments figuratifs que je cr\u00e9e. \u00c0 cela s\u2019ajoute un aspect visuel arbor\u00e9 de couleurs dans tous leurs \u00e9clats.\u00a0\u00bb<br \/>\n\u00ab\u00a0Jamais deux sans trois\u00a0\u00bb pour la peinture mais toujours unique et agr\u00e9able pour le plus grand plaisir des yeux, amateurs de peinture et curieux venez d\u00e9couvrir une troisi\u00e8me facette de cet art\u00a0!!!!!<\/p>\n<p><strong>Contact :<\/strong> <a href=\"https:\/\/www.o-p-i.fr\/aupays\/annuaire\/loisirs\/st-nolivres\/\" rel=\"bookmark\">St No\u2019Livres<\/a><\/p>\n<div class=\"entry-thumbnails\"><a href=\"https:\/\/www.o-p-i.fr\/aupays\/annuaire\/loisirs\/st-nolivres\/\"><img decoding=\"async\" title=\"St No\u2019Livres\" src=\"https:\/\/www.o-p-i.fr\/aupays\/wp-content\/themes\/arras-theme\/library\/timthumb.php?src=https:\/\/www.o-p-i.fr\/aupays\/wp-content\/uploads\/logo_stnolivres.jpg&amp;w=190&amp;h=100&amp;zc=1\" alt=\"St No\u2019Livres\" \/><\/a><span class=\"entry-meta\"><abbr class=\"published\" title=\"2015-09-29T13:00:22+00:00\">&#8230;<\/abbr><\/span><\/div>\n<p class=\"entry-title\"><em>Communiqu\u00e9 par Isabelle Serny<\/em><\/p>\n<p><a href=\"https:\/\/www.o-p-i.fr\/parlonsen\/agenda\/\">Retrouvez tous les \u00e9v\u00e9nements dans l&rsquo;agenda !<\/a><\/p>\n","protected":false},"excerpt":{"rendered":"<div class=\"mh-excerpt\">Du vendredi 10 au mercredi 29 mai 2019, \u00e0 la m\u00e9diath\u00e8que.<\/div>\n","protected":false},"author":4,"featured_media":0,"comment_status":"open","ping_status":"open","sticky":false,"template":"","format":"standard","meta":{"om_disable_all_campaigns":false,"advanced_seo_description":"","jetpack_seo_html_title":"","jetpack_seo_noindex":false,"_jetpack_memberships_contains_paid_content":false,"footnotes":"","_links_to":"","_links_to_target":""},"categories":[52,1,54,17,3499],"tags":[269,2608,2947,3639],"class_list":{"0":"post-42093","1":"post","2":"type-post","3":"status-publish","4":"format-standard","6":"category-parlons-en","7":"category-culture","8":"category-loisirs","9":"category-saint_nauphary","10":"category-n-158-mai-2019","11":"tag-exposition-peinture","12":"tag-saint-nauphary","13":"tag-st-nolivre","14":"tag-st-no-livre"},"jetpack_featured_media_url":"","views":{"total":0,"cached_at":"","cached_date":1738511137},"jetpack_likes_enabled":true,"jetpack_sharing_enabled":true,"jetpack_shortlink":"https:\/\/wp.me\/pg7Wxj-aWV","jetpack-related-posts":[],"_links":{"self":[{"href":"https:\/\/www.o-p-i.fr\/parlonsen\/wp-json\/wp\/v2\/posts\/42093","targetHints":{"allow":["GET"]}}],"collection":[{"href":"https:\/\/www.o-p-i.fr\/parlonsen\/wp-json\/wp\/v2\/posts"}],"about":[{"href":"https:\/\/www.o-p-i.fr\/parlonsen\/wp-json\/wp\/v2\/types\/post"}],"author":[{"embeddable":true,"href":"https:\/\/www.o-p-i.fr\/parlonsen\/wp-json\/wp\/v2\/users\/4"}],"replies":[{"embeddable":true,"href":"https:\/\/www.o-p-i.fr\/parlonsen\/wp-json\/wp\/v2\/comments?post=42093"}],"version-history":[{"count":0,"href":"https:\/\/www.o-p-i.fr\/parlonsen\/wp-json\/wp\/v2\/posts\/42093\/revisions"}],"wp:attachment":[{"href":"https:\/\/www.o-p-i.fr\/parlonsen\/wp-json\/wp\/v2\/media?parent=42093"}],"wp:term":[{"taxonomy":"category","embeddable":true,"href":"https:\/\/www.o-p-i.fr\/parlonsen\/wp-json\/wp\/v2\/categories?post=42093"},{"taxonomy":"post_tag","embeddable":true,"href":"https:\/\/www.o-p-i.fr\/parlonsen\/wp-json\/wp\/v2\/tags?post=42093"}],"curies":[{"name":"wp","href":"https:\/\/api.w.org\/{rel}","templated":true}]}}