{"id":42324,"date":"2019-05-15T17:38:02","date_gmt":"2019-05-15T16:38:02","guid":{"rendered":"\/parlonsen\/?p=42324"},"modified":"2019-05-17T09:08:12","modified_gmt":"2019-05-17T08:08:12","slug":"ballade-nature-t-v-b-a-monclar-de-quercy-82","status":"publish","type":"post","link":"https:\/\/www.o-p-i.fr\/parlonsen\/parlons-en\/pratique\/ballade-nature-t-v-b-a-monclar-de-quercy-82\/","title":{"rendered":"Ballade nature T.V.B. ..\u00e0 Monclar de Quercy (82)"},"content":{"rendered":"<p><strong>Samedi 25 mai 2019,<\/strong>de 14h. \u00e0 17h.<!--more--><\/p>\n<p><img data-recalc-dims=\"1\" loading=\"lazy\" decoding=\"async\" class=\"alignright size-full wp-image-42326\" src=\"https:\/\/i0.wp.com\/www.o-p-i.fr\/parlonsen\/wp-content\/uploads\/ballade.jpg?resize=269%2C295&#038;ssl=1\" alt=\"\" width=\"269\" height=\"295\" srcset=\"https:\/\/i0.wp.com\/www.o-p-i.fr\/parlonsen\/wp-content\/uploads\/ballade.jpg?w=269&amp;ssl=1 269w, https:\/\/i0.wp.com\/www.o-p-i.fr\/parlonsen\/wp-content\/uploads\/ballade.jpg?resize=137%2C150&amp;ssl=1 137w\" sizes=\"auto, (max-width: 269px) 100vw, 269px\" \/>3\u00e8me atelier du cycle \u00ab Mieux conna\u00eetre et prendre en compte la Trame Verte et Bleue \u00bb en Pays Midi-Quercy<\/p>\n<p>Participez \u00e0 une balade nature \u00e0 la d\u00e9couverte de la biodiversit\u00e9 des Trames Vertes et Bleues ! Pas \u00e0 pas, venez faire la connaissance des paysages, de la faune et de la flore \u00e0 Monclar-de-Quercy. Balade ouverte \u00e0 tous, gratuite, organis\u00e9e par le CPIE du Tarn-et-Garonne en partenariat avec le PETR du Pays Midi-Quercy, E2D et MREnvironnement.\u00a0<\/p>\n<p>Informations pratiques<\/p>\n<p>Horaires de la balade : de 14h \u00e0 17h<br \/>Commune de Monclar-de-Quercy<br \/>Le lieu pr\u00e9cis de rendez-vous sera communiqu\u00e9 lors de l\u2019inscription<br \/>Places limit\u00e9es \u00e0 20 participants<\/p>\n<p>Inscriptions au CPIE 82 : t\u00e9l. : 05 63 24 06 26 &#8211; m\u00e9l. : <a href=\"mailto:mdp82@wanadoo.fr\">mdp82@wanadoo.fr<\/a><\/p>\n<p>Veuillez pr\u00e9voir des chaussures ferm\u00e9es, de l\u2019eau et une tenue adapt\u00e9e \u00e0 la m\u00e9t\u00e9o du jour.<\/p>\n<p>Pour en savoir plus sur le cycle d&rsquo;ateliers \u00ab\u00a0Trame Verte et Bleue\u00a0\u00bb,<a href=\"http:\/\/www.midi-quercy.fr\/spip.php?article2468\" target=\"_blank\" rel=\"noopener noreferrer\"> cliquez ici<\/a><\/p>\n\n\n<p><em>Information communiqu\u00e9e par Philippe MANNELLA du CPIE82<\/em><\/p>\n\n\n\n<p><a href=\"https:\/\/www.o-p-i.fr\/parlonsen\/agenda\/\">Retrouvez\ntous les \u00e9v\u00e9nements dans l&rsquo;agenda !<\/a><\/p>\n","protected":false},"excerpt":{"rendered":"<div class=\"mh-excerpt\">Samedi 25 mai 2019,de 14h. \u00e0 17h.<\/div>\n","protected":false},"author":4,"featured_media":0,"comment_status":"open","ping_status":"open","sticky":false,"template":"","format":"standard","meta":{"om_disable_all_campaigns":false,"advanced_seo_description":"","jetpack_seo_html_title":"","jetpack_seo_noindex":false,"_jetpack_memberships_contains_paid_content":false,"footnotes":"","_links_to":"","_links_to_target":""},"categories":[55,16,54,6,3499],"tags":[105,143,180,2835],"class_list":{"0":"post-42324","1":"post","2":"type-post","3":"status-publish","4":"format-standard","6":"category-environnement","7":"category-monclar","8":"category-loisirs","9":"category-pratique","10":"category-n-158-mai-2019","11":"tag-nature","12":"tag-monclar-de-quercy","13":"tag-atelier","14":"tag-ballade"},"jetpack_featured_media_url":"","views":{"total":0,"cached_at":"","cached_date":1738535841},"jetpack_likes_enabled":true,"jetpack_sharing_enabled":true,"jetpack_shortlink":"https:\/\/wp.me\/pg7Wxj-b0E","jetpack-related-posts":[],"_links":{"self":[{"href":"https:\/\/www.o-p-i.fr\/parlonsen\/wp-json\/wp\/v2\/posts\/42324","targetHints":{"allow":["GET"]}}],"collection":[{"href":"https:\/\/www.o-p-i.fr\/parlonsen\/wp-json\/wp\/v2\/posts"}],"about":[{"href":"https:\/\/www.o-p-i.fr\/parlonsen\/wp-json\/wp\/v2\/types\/post"}],"author":[{"embeddable":true,"href":"https:\/\/www.o-p-i.fr\/parlonsen\/wp-json\/wp\/v2\/users\/4"}],"replies":[{"embeddable":true,"href":"https:\/\/www.o-p-i.fr\/parlonsen\/wp-json\/wp\/v2\/comments?post=42324"}],"version-history":[{"count":0,"href":"https:\/\/www.o-p-i.fr\/parlonsen\/wp-json\/wp\/v2\/posts\/42324\/revisions"}],"wp:attachment":[{"href":"https:\/\/www.o-p-i.fr\/parlonsen\/wp-json\/wp\/v2\/media?parent=42324"}],"wp:term":[{"taxonomy":"category","embeddable":true,"href":"https:\/\/www.o-p-i.fr\/parlonsen\/wp-json\/wp\/v2\/categories?post=42324"},{"taxonomy":"post_tag","embeddable":true,"href":"https:\/\/www.o-p-i.fr\/parlonsen\/wp-json\/wp\/v2\/tags?post=42324"}],"curies":[{"name":"wp","href":"https:\/\/api.w.org\/{rel}","templated":true}]}}