{"id":42419,"date":"2019-05-23T12:53:07","date_gmt":"2019-05-23T11:53:07","guid":{"rendered":"\/parlonsen\/?p=42419"},"modified":"2019-05-23T12:53:17","modified_gmt":"2019-05-23T11:53:17","slug":"trail-de-gresigne-a-puycelsi-81","status":"publish","type":"post","link":"https:\/\/www.o-p-i.fr\/parlonsen\/localisation\/a-cote-de-chez-nous\/trail-de-gresigne-a-puycelsi-81\/","title":{"rendered":"Trail de Gr\u00e9signe&#8230; \u00e0  Puycelsi (81)"},"content":{"rendered":"<p><strong>Dimanche 23 juin 2019<\/strong>.<!--more--><img data-recalc-dims=\"1\" loading=\"lazy\" decoding=\"async\" class=\"alignright size-full wp-image-42420\" src=\"https:\/\/i0.wp.com\/www.o-p-i.fr\/parlonsen\/wp-content\/uploads\/trail-3.jpg?resize=425%2C547&#038;ssl=1\" alt=\"\" width=\"425\" height=\"547\" srcset=\"https:\/\/i0.wp.com\/www.o-p-i.fr\/parlonsen\/wp-content\/uploads\/trail-3.jpg?w=425&amp;ssl=1 425w, https:\/\/i0.wp.com\/www.o-p-i.fr\/parlonsen\/wp-content\/uploads\/trail-3.jpg?resize=233%2C300&amp;ssl=1 233w, https:\/\/i0.wp.com\/www.o-p-i.fr\/parlonsen\/wp-content\/uploads\/trail-3.jpg?resize=117%2C150&amp;ssl=1 117w, https:\/\/i0.wp.com\/www.o-p-i.fr\/parlonsen\/wp-content\/uploads\/trail-3.jpg?resize=400%2C515&amp;ssl=1 400w\" sizes=\"auto, (max-width: 425px) 100vw, 425px\" \/>Le Trail de Gr\u00e9signe du 23 Juin 2019 est organis\u00e9 par l\u2019association sportive des traileurs de Gr\u00e9signe, domicilli\u00e9e \u00e0 Val\u00e8s 81140 PUYCELSI. <strong>Responsables :<\/strong> Direction de course : C\u00e9dric Vidal S\u00e9curit\u00e9 et parcours : Damien Littre et Damien Barri\u00e8re Secours: Laurianne Piludu et Laurent Bezios Administratif et coordination : Ma\u00ebva Bordeaux et St\u00e9phanie B\u00e9zios Epreuves : 3 \u00e9preuves de course \u00e0 pied faisant l\u2019objet d\u2019un classement final et une randonn\u00e9e sans classement sont organis\u00e9es : &#8211; Les Marquisards 50km environ avec d\u00e9nivel\u00e9 positif de 2200m &#8211; Les Verriers 30km environ avec d\u00e9nivel\u00e9 positif de 1450m &#8211; Les Charbonniers 13km environ avec d\u00e9nivel\u00e9 positif de 670m &#8211; La randonn\u00e9e p\u00e9destre 10km environ. Les trac\u00e9s, distances et d\u00e9nivel\u00e9s sont donn\u00e9es \u00e0 titre indicatif et pourront varier jusq\u2019au d\u00e9part de l\u2019\u00e9preuve, selon les conditions rencontr\u00e9es. Horaires : Le d\u00e9part des \u00e9preuves se font aux horaires suivantes : &#8211; 7h00 D\u00e9part des Maquisards &#8211; 9h00 D\u00e9part des Verriers &#8211; 9h30 D\u00e9part de la randonn\u00e9e -10h00 D\u00e9part des Charbonniers En cas de changement, les nouveaux horaires seront adress\u00e9s sur le site Trail de Gr\u00e9signe www.traildegresigne.com et sa page Facebook. Balisage : les parcours sont enti\u00e8rement balis\u00e9s et des b\u00e9n\u00e9voles sont pr\u00e9sents pour assurer l\u2019assistance des participants. Barri\u00e8re horaire : pour le 50km 16h00 Des b\u00e9n\u00e9voles ferment les parcours apr\u00e8s le d\u00e9part des coureurs et s\u2019assurent qu\u2019aucun participant n\u2019est en d\u00e9tresse. Retrait des dossards : Les dossards peuvent \u00eatre retir\u00e9s : &#8211; Le samedi 22 Juin 2019 de 15h \u00e0 19h au village de Puycelsi (salle communale) &#8211; Le dimanche 23 Juin 2019 \u00e0 partir de 6h et jusqu\u2019\u00e0 15 minutes avant chaque d\u00e9part. Ravitaillement : les \u00e9preuves se d\u00e9roule en semi autonomie, les coureurs et randonneurs doivent se munir d\u2019une r\u00e9serve d\u2019eau et d\u2019aliments suffisante selon le trajet effectu\u00e9 et les conditions de course. Les Charbonniers : \u00e0 7km (solide) Les Verriers : \u00e0 7km (solide) ; \u00e0 12km (liquide) ; \u00e0 24km (solide+liquide) Les Marquisards : \u00e0 7km (solide) : \u00e0 12km (liquide) ; \u00e0 24km (solide+liquide); \u00e0 34km (solide+liquide) et \u00e0 44km (solide+liquide) Un ravitaillement final est offert \u00e0 tous les participants.<\/p>\n<p><strong>Pour en savoir plus et s&rsquo;inscrire, <a href=\"https:\/\/traildegresigne.com\/infos-inscriptions\/\" target=\"_blank\" rel=\"noopener noreferrer\">cliquez ici<\/a><\/strong><\/p>\n<p><em>Information communiqu\u00e9e par \u00ab\u00a0les Trailers de Gr\u00e9signe\u00a0\u00bb<\/em><\/p>\n<p><a href=\"https:\/\/www.o-p-i.fr\/parlonsen\/agenda\/\">Retrouvez tous les \u00e9v\u00e9nements dans l&rsquo;agenda !<\/a><\/p>\n","protected":false},"excerpt":{"rendered":"<div class=\"mh-excerpt\">Dimanche 23 juin 2019.<\/div>\n","protected":false},"author":4,"featured_media":0,"comment_status":"open","ping_status":"open","sticky":false,"template":"","format":"standard","meta":{"om_disable_all_campaigns":false,"advanced_seo_description":"","jetpack_seo_html_title":"","jetpack_seo_noindex":false,"_jetpack_memberships_contains_paid_content":false,"footnotes":"","_links_to":"","_links_to_target":""},"categories":[42,53,3653],"tags":[2828,478,482],"class_list":{"0":"post-42419","1":"post","2":"type-post","3":"status-publish","4":"format-standard","6":"category-a-cote-de-chez-nous","7":"category-sports","8":"category-n-159-juin-2019","9":"tag-trail","10":"tag-puycelsi","11":"tag-gresigne"},"jetpack_featured_media_url":"","views":{"total":0,"cached_at":"","cached_date":1738535801},"jetpack_likes_enabled":true,"jetpack_sharing_enabled":true,"jetpack_shortlink":"https:\/\/wp.me\/pg7Wxj-b2b","jetpack-related-posts":[],"_links":{"self":[{"href":"https:\/\/www.o-p-i.fr\/parlonsen\/wp-json\/wp\/v2\/posts\/42419","targetHints":{"allow":["GET"]}}],"collection":[{"href":"https:\/\/www.o-p-i.fr\/parlonsen\/wp-json\/wp\/v2\/posts"}],"about":[{"href":"https:\/\/www.o-p-i.fr\/parlonsen\/wp-json\/wp\/v2\/types\/post"}],"author":[{"embeddable":true,"href":"https:\/\/www.o-p-i.fr\/parlonsen\/wp-json\/wp\/v2\/users\/4"}],"replies":[{"embeddable":true,"href":"https:\/\/www.o-p-i.fr\/parlonsen\/wp-json\/wp\/v2\/comments?post=42419"}],"version-history":[{"count":0,"href":"https:\/\/www.o-p-i.fr\/parlonsen\/wp-json\/wp\/v2\/posts\/42419\/revisions"}],"wp:attachment":[{"href":"https:\/\/www.o-p-i.fr\/parlonsen\/wp-json\/wp\/v2\/media?parent=42419"}],"wp:term":[{"taxonomy":"category","embeddable":true,"href":"https:\/\/www.o-p-i.fr\/parlonsen\/wp-json\/wp\/v2\/categories?post=42419"},{"taxonomy":"post_tag","embeddable":true,"href":"https:\/\/www.o-p-i.fr\/parlonsen\/wp-json\/wp\/v2\/tags?post=42419"}],"curies":[{"name":"wp","href":"https:\/\/api.w.org\/{rel}","templated":true}]}}