{"id":42857,"date":"2019-06-12T21:20:52","date_gmt":"2019-06-12T20:20:52","guid":{"rendered":"\/parlonsen\/?p=42857"},"modified":"2019-07-10T21:25:42","modified_gmt":"2019-07-10T20:25:42","slug":"spectacle-de-danse-a-genebrieres-82","status":"publish","type":"post","link":"https:\/\/www.o-p-i.fr\/parlonsen\/localisation\/au-pays-des-tescous\/genebrieres\/spectacle-de-danse-a-genebrieres-82\/","title":{"rendered":"Spectacle de danse&#8230; \u00e0 Genebri\u00e8res (82)"},"content":{"rendered":"<p><strong>Dimanche 23 juin 2019<\/strong>, \u00e0 14h.30 \u00e0 la salle des f\u00eates.<!--more--><img data-recalc-dims=\"1\" loading=\"lazy\" decoding=\"async\" class=\"alignright size-full wp-image-42600\" src=\"https:\/\/i0.wp.com\/www.o-p-i.fr\/parlonsen\/wp-content\/uploads\/1-danse.jpg?resize=227%2C190&#038;ssl=1\" alt=\"\" width=\"227\" height=\"190\" \/>Spectacle de danse de <a href=\"https:\/\/www.o-p-i.fr\/aupays\/annuaire\/loisirs\/quercy-jazz\/\" target=\"_blank\" rel=\"noopener noreferrer\"><strong>Quercy Jazz<\/strong><\/a> : une cinquantaine de danseuses vont vous pr\u00e9senter le travail de leur ann\u00e9e de danse 2018-2019. Chor\u00e9graphies de notre professeur Justine ALLEGRE.<\/p>\n<p><em>Information communiqu\u00e9e par Corine SANGLA<\/em><\/p>\n<p><a href=\"https:\/\/www.o-p-i.fr\/parlonsen\/agenda\/\">Retrouvez tous les \u00e9v\u00e9nements dans l&rsquo;agenda !<\/a><\/p>\n","protected":false},"excerpt":{"rendered":"<div class=\"mh-excerpt\">Dimanche 23 juin 2019, \u00e0 14h.30 \u00e0 la salle des f\u00eates.<\/div>\n","protected":false},"author":4,"featured_media":0,"comment_status":"open","ping_status":"open","sticky":false,"template":"","format":"standard","meta":{"om_disable_all_campaigns":false,"advanced_seo_description":"","jetpack_seo_html_title":"","jetpack_seo_noindex":false,"_jetpack_memberships_contains_paid_content":false,"footnotes":"","_links_to":"","_links_to_target":""},"categories":[29,54,3653],"tags":[2552,432],"class_list":{"0":"post-42857","1":"post","2":"type-post","3":"status-publish","4":"format-standard","6":"category-genebrieres","7":"category-loisirs","8":"category-n-159-juin-2019","9":"tag-genebrieres","10":"tag-quercy-jazz"},"jetpack_featured_media_url":"","views":{"total":1,"cached_at":"","cached_date":1738279562},"jetpack_likes_enabled":true,"jetpack_sharing_enabled":true,"jetpack_shortlink":"https:\/\/wp.me\/pg7Wxj-b9f","jetpack-related-posts":[],"_links":{"self":[{"href":"https:\/\/www.o-p-i.fr\/parlonsen\/wp-json\/wp\/v2\/posts\/42857","targetHints":{"allow":["GET"]}}],"collection":[{"href":"https:\/\/www.o-p-i.fr\/parlonsen\/wp-json\/wp\/v2\/posts"}],"about":[{"href":"https:\/\/www.o-p-i.fr\/parlonsen\/wp-json\/wp\/v2\/types\/post"}],"author":[{"embeddable":true,"href":"https:\/\/www.o-p-i.fr\/parlonsen\/wp-json\/wp\/v2\/users\/4"}],"replies":[{"embeddable":true,"href":"https:\/\/www.o-p-i.fr\/parlonsen\/wp-json\/wp\/v2\/comments?post=42857"}],"version-history":[{"count":0,"href":"https:\/\/www.o-p-i.fr\/parlonsen\/wp-json\/wp\/v2\/posts\/42857\/revisions"}],"wp:attachment":[{"href":"https:\/\/www.o-p-i.fr\/parlonsen\/wp-json\/wp\/v2\/media?parent=42857"}],"wp:term":[{"taxonomy":"category","embeddable":true,"href":"https:\/\/www.o-p-i.fr\/parlonsen\/wp-json\/wp\/v2\/categories?post=42857"},{"taxonomy":"post_tag","embeddable":true,"href":"https:\/\/www.o-p-i.fr\/parlonsen\/wp-json\/wp\/v2\/tags?post=42857"}],"curies":[{"name":"wp","href":"https:\/\/api.w.org\/{rel}","templated":true}]}}