{"id":42870,"date":"2019-06-13T21:38:19","date_gmt":"2019-06-13T20:38:19","guid":{"rendered":"\/parlonsen\/?p=42870"},"modified":"2019-07-10T21:56:04","modified_gmt":"2019-07-10T20:56:04","slug":"spectacle-de-lecole-de-clown-a-giroussens-81","status":"publish","type":"post","link":"https:\/\/www.o-p-i.fr\/parlonsen\/localisation\/a-cote-de-chez-nous\/spectacle-de-lecole-de-clown-a-giroussens-81\/","title":{"rendered":"Spectacle de l&rsquo;\u00e9cole de clown&#8230;\u00e0 Giroussens (81)"},"content":{"rendered":"<p><strong>Samedi 29 juin 2019<\/strong> \u00e0 20h30, \u00e0 la salle des f\u00eates. <!--more--> <img data-recalc-dims=\"1\" loading=\"lazy\" decoding=\"async\" class=\"alignright size-full wp-image-42614\" src=\"https:\/\/i0.wp.com\/www.o-p-i.fr\/parlonsen\/wp-content\/uploads\/1-clown.jpg?resize=283%2C379&#038;ssl=1\" alt=\"\" width=\"283\" height=\"379\" \/>L&rsquo;\u00e9cole de clown De Giroussens (11 enfants 12 ados) fait son spectacle de fin d&rsquo;ann\u00e9e \u00e0 la salle des f\u00eates de Giroussens. Cette \u00e9cole a \u00e9t\u00e9 cr\u00e9e il y a trois ans et est g\u00e9r\u00e9e par l&rsquo;association du th\u00e9\u00e2tre de Giroussens ; les cours sont donn\u00e9s par un clown professionnel \u00ab\u00a0Mike Bureau\u00a0\u00bb. C&rsquo;est une des rares \u00e9coles de clown enfants et ados de la r\u00e9gion. 23 enfants et ados fr\u00e9quentent ce cours qui se passe tous les mardi soir de 17h15 \u00e0 20 heures dans la salle des f\u00eates. je pense que ce qui viendront ne seront pas d\u00e9\u00e7us, car ces enfants se sont v\u00e9ritablement moul\u00e9s dans ce personnage qu&rsquo;est le clown acteur. tous les ingr\u00e9dients sont l\u00e0, \u00e9motion, sensibilit\u00e9, dr\u00f4lerie, costumes joie de donner du plaisir aux spectateurs.<\/p>\n<p><em>Information communiqu\u00e9e par Jean-Claude CHAMBERT<\/em><\/p>\n<p><a href=\"https:\/\/www.o-p-i.fr\/parlonsen\/agenda\/\">Retrouvez tous les \u00e9v\u00e9nements dans l&rsquo;agenda !<\/a><\/p>\n","protected":false},"excerpt":{"rendered":"<div class=\"mh-excerpt\">Samedi 29 juin 2019 \u00e0 20h30, \u00e0 la salle des f\u00eates.<\/div>\n","protected":false},"author":4,"featured_media":0,"comment_status":"open","ping_status":"open","sticky":false,"template":"","format":"standard","meta":{"om_disable_all_campaigns":false,"advanced_seo_description":"","jetpack_seo_html_title":"","jetpack_seo_noindex":false,"_jetpack_memberships_contains_paid_content":false,"footnotes":"","_links_to":"","_links_to_target":""},"categories":[42,725,54,3653],"tags":[338,467],"class_list":{"0":"post-42870","1":"post","2":"type-post","3":"status-publish","4":"format-standard","6":"category-a-cote-de-chez-nous","7":"category-formation-parlons-en","8":"category-loisirs","9":"category-n-159-juin-2019","10":"tag-clown","11":"tag-giroussens"},"jetpack_featured_media_url":"","views":{"total":1,"cached_at":"","cached_date":1738331732},"jetpack_likes_enabled":true,"jetpack_sharing_enabled":true,"jetpack_shortlink":"https:\/\/wp.me\/pg7Wxj-b9s","jetpack-related-posts":[],"_links":{"self":[{"href":"https:\/\/www.o-p-i.fr\/parlonsen\/wp-json\/wp\/v2\/posts\/42870","targetHints":{"allow":["GET"]}}],"collection":[{"href":"https:\/\/www.o-p-i.fr\/parlonsen\/wp-json\/wp\/v2\/posts"}],"about":[{"href":"https:\/\/www.o-p-i.fr\/parlonsen\/wp-json\/wp\/v2\/types\/post"}],"author":[{"embeddable":true,"href":"https:\/\/www.o-p-i.fr\/parlonsen\/wp-json\/wp\/v2\/users\/4"}],"replies":[{"embeddable":true,"href":"https:\/\/www.o-p-i.fr\/parlonsen\/wp-json\/wp\/v2\/comments?post=42870"}],"version-history":[{"count":0,"href":"https:\/\/www.o-p-i.fr\/parlonsen\/wp-json\/wp\/v2\/posts\/42870\/revisions"}],"wp:attachment":[{"href":"https:\/\/www.o-p-i.fr\/parlonsen\/wp-json\/wp\/v2\/media?parent=42870"}],"wp:term":[{"taxonomy":"category","embeddable":true,"href":"https:\/\/www.o-p-i.fr\/parlonsen\/wp-json\/wp\/v2\/categories?post=42870"},{"taxonomy":"post_tag","embeddable":true,"href":"https:\/\/www.o-p-i.fr\/parlonsen\/wp-json\/wp\/v2\/tags?post=42870"}],"curies":[{"name":"wp","href":"https:\/\/api.w.org\/{rel}","templated":true}]}}