{"id":42878,"date":"2019-06-13T21:56:13","date_gmt":"2019-06-13T20:56:13","guid":{"rendered":"\/parlonsen\/?p=42878"},"modified":"2019-07-10T22:03:02","modified_gmt":"2019-07-10T21:03:02","slug":"premiere-edition-du-festival-de-theatre-a-genebrieres-82","status":"publish","type":"post","link":"https:\/\/www.o-p-i.fr\/parlonsen\/localisation\/au-pays-des-tescous\/genebrieres\/premiere-edition-du-festival-de-theatre-a-genebrieres-82\/","title":{"rendered":"Premi\u00e8re \u00e9dition du festival de th\u00e9\u00e2tre&#8230;\u00e0 Genebri\u00e8res (82)"},"content":{"rendered":"<p><strong>Vendredi 28, samedi 29 et dimanche 30 juin 2019,<\/strong> \u00e0 la salle des f\u00eates.<!--more--><img data-recalc-dims=\"1\" loading=\"lazy\" decoding=\"async\" class=\"alignright size-full wp-image-42617\" src=\"https:\/\/i0.wp.com\/www.o-p-i.fr\/parlonsen\/wp-content\/uploads\/1-Tauge-gene.jpg?resize=283%2C400&#038;ssl=1\" alt=\"\" width=\"283\" height=\"400\" \/>Avec les troupes: HISTOIRE D&rsquo;EUX d&rsquo;Albias, LES TRETEAUX DE LA TAUGE de G\u00e9nebri\u00e8res ainsi que le com\u00e9dien Nikola PARIENTY tout droit venu de Paris avec sa troupe.<br \/>\n<strong>Au programme:<\/strong><\/p>\n<ul>\n<li><strong>Vendredi 28 juin 2019<\/strong> \u00e0 19h et \u00e0 21h, \u00ab\u00a0A FOND LA CAISSE!\u00a0\u00bb, par la troupe Les Tr\u00e9teaux de la Tauge, G\u00e9n\u00e9bri\u00e8res<\/li>\n<li><strong>Samedi 29 juin 2019<\/strong>\n<ul>\n<li>\u00e0 18h, \u00ab\u00a0HISTOIRE DE COCHON\u00a0\u00bb, par la troupe Histoire d\u2019Eux , Albias<\/li>\n<li>\u00e0 19h.15 \u00ab\u00a017 FOIS MAXIMILIEN\u00a0\u00bb, par Nikola Parienty<\/li>\n<li>20h.15, \u00ab\u00a0MI-QUEUE, MI-T\u00caTE\u00a0\u00bb, par l\u2019Atelier th\u00e9\u00e2tre de Nikola Parienty, Paris<\/li>\n<\/ul>\n<\/li>\n<li><strong>Dimanche 30 juin 2019<\/strong> \u00e0 17h, \u00ab\u00a0EN VOITURE, SIMONE!\u00a0\u00bb, par la troupe Les Tr\u00e9teaux de la Tauge, G\u00e9n\u00e9bri\u00e8res<br \/>\net \u00e0 19h, cl\u00f4ture du festival avec le repas partag\u00e9 o\u00f9 chacun apporte une sp\u00e9cialit\u00e9 sucr\u00e9e ou sal\u00e9e accompagn\u00e9e d&rsquo;une boisson, sans oublier ses couverts, ni sa bonne humeur!<\/li>\n<\/ul>\n<p><strong> Pour y aller:<\/strong><br \/>\nsalle des f\u00eates<br \/>\n82230-G\u00e9nebri\u00e8res<\/p>\n<p><strong>Tarifs<\/strong> : ent\u00e9e libre<\/p>\n<p><strong> Organisateur : <\/strong>LES TRETEAUX DE LA TAUGE<\/p>\n<p><strong> Contact : <\/strong>GARDES Anne<br \/>\n3037 vieille route de Montauban<br \/>\n82410-St Etienne de Tulmont<br \/>\nT\u00e9l. :06 84 23 44 39<br \/>\nCourriel : <a href=\"mailto:annegardes56@gmail.com\" target=\"_blank\" rel=\"noopener noreferrer\">annegardes56@gmail.com<\/a><\/p>\n<p><em>Information communiqu\u00e9e par Anne GARDES et Marie-Claire PINSON<\/em><\/p>\n<p><a href=\"https:\/\/www.o-p-i.fr\/parlonsen\/agenda\/\">Retrouvez tous les \u00e9v\u00e9nements dans l&rsquo;agenda !<\/a><\/p>\n","protected":false},"excerpt":{"rendered":"<div class=\"mh-excerpt\">Vendredi 28, samedi 29 et dimanche 30 juin 2019, \u00e0 la salle des f\u00eates.<\/div>\n","protected":false},"author":4,"featured_media":0,"comment_status":"open","ping_status":"open","sticky":false,"template":"","format":"standard","meta":{"om_disable_all_campaigns":false,"advanced_seo_description":"","jetpack_seo_html_title":"","jetpack_seo_noindex":false,"_jetpack_memberships_contains_paid_content":false,"footnotes":"","_links_to":"","_links_to_target":""},"categories":[29,54,3653],"tags":[2552,2638,3104],"class_list":{"0":"post-42878","1":"post","2":"type-post","3":"status-publish","4":"format-standard","6":"category-genebrieres","7":"category-loisirs","8":"category-n-159-juin-2019","9":"tag-genebrieres","10":"tag-les-treteaux-de-la-tauge","11":"tag-festival-de-theatre"},"jetpack_featured_media_url":"","views":{"total":1,"cached_at":"","cached_date":1738278437},"jetpack_likes_enabled":true,"jetpack_sharing_enabled":true,"jetpack_shortlink":"https:\/\/wp.me\/pg7Wxj-b9A","jetpack-related-posts":[],"_links":{"self":[{"href":"https:\/\/www.o-p-i.fr\/parlonsen\/wp-json\/wp\/v2\/posts\/42878","targetHints":{"allow":["GET"]}}],"collection":[{"href":"https:\/\/www.o-p-i.fr\/parlonsen\/wp-json\/wp\/v2\/posts"}],"about":[{"href":"https:\/\/www.o-p-i.fr\/parlonsen\/wp-json\/wp\/v2\/types\/post"}],"author":[{"embeddable":true,"href":"https:\/\/www.o-p-i.fr\/parlonsen\/wp-json\/wp\/v2\/users\/4"}],"replies":[{"embeddable":true,"href":"https:\/\/www.o-p-i.fr\/parlonsen\/wp-json\/wp\/v2\/comments?post=42878"}],"version-history":[{"count":0,"href":"https:\/\/www.o-p-i.fr\/parlonsen\/wp-json\/wp\/v2\/posts\/42878\/revisions"}],"wp:attachment":[{"href":"https:\/\/www.o-p-i.fr\/parlonsen\/wp-json\/wp\/v2\/media?parent=42878"}],"wp:term":[{"taxonomy":"category","embeddable":true,"href":"https:\/\/www.o-p-i.fr\/parlonsen\/wp-json\/wp\/v2\/categories?post=42878"},{"taxonomy":"post_tag","embeddable":true,"href":"https:\/\/www.o-p-i.fr\/parlonsen\/wp-json\/wp\/v2\/tags?post=42878"}],"curies":[{"name":"wp","href":"https:\/\/api.w.org\/{rel}","templated":true}]}}