{"id":42901,"date":"2019-06-13T22:27:36","date_gmt":"2019-06-13T21:27:36","guid":{"rendered":"\/parlonsen\/?p=42901"},"modified":"2019-07-10T22:32:06","modified_gmt":"2019-07-10T21:32:06","slug":"fete-foraine-a-leojac-82-2","status":"publish","type":"post","link":"https:\/\/www.o-p-i.fr\/parlonsen\/localisation\/au-pays-des-tescous\/leojac\/fete-foraine-a-leojac-82-2\/","title":{"rendered":"F\u00eate foraine \u00e0 L\u00e9ojac (82)"},"content":{"rendered":"<p><strong>Vendredi 21, samedi 22 et dimanche 23 juin 2019<\/strong><!--more--><\/p>\n<h4>Au programme:<\/h4>\n<p>VENDREDI 21 JUIN 2019<\/p>\n<ul>\n<li>19h00 : Ouverture de la F\u00eate foraine<\/li>\n<li>21h00 : Groupe \u00abSINGULIER\u00bb<\/li>\n<li>22h30 : Feu d\u2019artifice<\/li>\n<li>Buvette, Snack, Man\u00e8ges .<\/li>\n<\/ul>\n<p><img data-recalc-dims=\"1\" loading=\"lazy\" decoding=\"async\" class=\"alignright size-full wp-image-42635\" src=\"https:\/\/i0.wp.com\/www.o-p-i.fr\/parlonsen\/wp-content\/uploads\/1-in-time.jpg?resize=283%2C166&#038;ssl=1\" alt=\"\" width=\"283\" height=\"166\" \/>SAMEDI 22 JUIN 2019<\/p>\n<ul>\n<li>16h00 : D\u00e9but de la F\u00eate foraine<\/li>\n<li>19h00 : Banda \u00abLe CAPELLOUS\u00bb<\/li>\n<li>21h00 : Groupe \u00abIN TIME\u00bb<\/li>\n<li>Buvette, Snack, Man\u00e8ges<\/li>\n<li>D\u00e8s 19h, march\u00e9 gourmand. Possibilit\u00e9 de manger sur place<\/li>\n<\/ul>\n<p>DIMANCHE 23 JUIN<\/p>\n<p>De 10 h \u00e0 12 h Sortie Running et Randonn\u00e9e<\/p>\n<ul>\n<li>10h : D\u00e9part de la marche 7 kms<\/li>\n<li>10h30 : D\u00e9part du footing 7 kms<\/li>\n<li>11h30 : D\u00e9part du circuit Parents-Enfants 1 km<\/li>\n<li>12h00 : Verre de l\u2019amiti\u00e9 offert par le Comit\u00e9 des F\u00eates .<\/li>\n<li>Buvette, Snack, Man\u00e8ges.<\/li>\n<\/ul>\n<p><em>Information communiqu\u00e9e par Robert LINAS<\/em><\/p>\n<p><a href=\"https:\/\/www.o-p-i.fr\/parlonsen\/agenda\/\">Retrouvez tous les \u00e9v\u00e9nements dans l&rsquo;agenda !<\/a><\/p>\n","protected":false},"excerpt":{"rendered":"<div class=\"mh-excerpt\">Vendredi 21, samedi 22 et dimanche 23 juin 2019<\/div>\n","protected":false},"author":4,"featured_media":0,"comment_status":"open","ping_status":"open","sticky":false,"template":"","format":"standard","meta":{"om_disable_all_campaigns":false,"advanced_seo_description":"","jetpack_seo_html_title":"","jetpack_seo_noindex":false,"_jetpack_memberships_contains_paid_content":false,"footnotes":"","_links_to":"","_links_to_target":""},"categories":[30,54,3653],"tags":[2553,1007],"class_list":{"0":"post-42901","1":"post","2":"type-post","3":"status-publish","4":"format-standard","6":"category-leojac","7":"category-loisirs","8":"category-n-159-juin-2019","9":"tag-leojac","10":"tag-fete-foraine"},"jetpack_featured_media_url":"","views":{"total":0,"cached_at":"","cached_date":1738489215},"jetpack_likes_enabled":true,"jetpack_sharing_enabled":true,"jetpack_shortlink":"https:\/\/wp.me\/pg7Wxj-b9X","jetpack-related-posts":[],"_links":{"self":[{"href":"https:\/\/www.o-p-i.fr\/parlonsen\/wp-json\/wp\/v2\/posts\/42901","targetHints":{"allow":["GET"]}}],"collection":[{"href":"https:\/\/www.o-p-i.fr\/parlonsen\/wp-json\/wp\/v2\/posts"}],"about":[{"href":"https:\/\/www.o-p-i.fr\/parlonsen\/wp-json\/wp\/v2\/types\/post"}],"author":[{"embeddable":true,"href":"https:\/\/www.o-p-i.fr\/parlonsen\/wp-json\/wp\/v2\/users\/4"}],"replies":[{"embeddable":true,"href":"https:\/\/www.o-p-i.fr\/parlonsen\/wp-json\/wp\/v2\/comments?post=42901"}],"version-history":[{"count":0,"href":"https:\/\/www.o-p-i.fr\/parlonsen\/wp-json\/wp\/v2\/posts\/42901\/revisions"}],"wp:attachment":[{"href":"https:\/\/www.o-p-i.fr\/parlonsen\/wp-json\/wp\/v2\/media?parent=42901"}],"wp:term":[{"taxonomy":"category","embeddable":true,"href":"https:\/\/www.o-p-i.fr\/parlonsen\/wp-json\/wp\/v2\/categories?post=42901"},{"taxonomy":"post_tag","embeddable":true,"href":"https:\/\/www.o-p-i.fr\/parlonsen\/wp-json\/wp\/v2\/tags?post=42901"}],"curies":[{"name":"wp","href":"https:\/\/api.w.org\/{rel}","templated":true}]}}