{"id":42916,"date":"2019-06-20T22:47:39","date_gmt":"2019-06-20T21:47:39","guid":{"rendered":"\/parlonsen\/?p=42916"},"modified":"2019-07-10T22:51:02","modified_gmt":"2019-07-10T21:51:02","slug":"vox-musica-en-fete-a-salvagnac-81","status":"publish","type":"post","link":"https:\/\/www.o-p-i.fr\/parlonsen\/localisation\/au-pays-des-tescous\/salvagnac\/vox-musica-en-fete-a-salvagnac-81\/","title":{"rendered":"Vox Musica en f\u00eate&#8230;\u00e0 Salvagnac (81)"},"content":{"rendered":"\n<p><strong>Samedi 22 juin 2019<\/strong>, \u00e0 partir de 14h.<br>Concert des \u00e9l\u00e8ves et une soir\u00e9e musicale et conviviale sur la belle place de Salvagnac.<\/p>\n\n\n\n<!--more-->\n\n\n\n<ul class=\"wp-block-list\"><li>Concert des \u00e9l\u00e8ves : 14h<\/li><li>Soir\u00e9e f\u00eate de la musique: Ap\u00e9ro\/Repas\/Concerts d\u00e8s 18h30.<\/li><\/ul>\n\n\n\n<p>Pour r\u00e9server votre repas d\u00e8s maintenant, un seul num\u00e9ro : 06 30 42 58 85&nbsp;<\/p>\n","protected":false},"excerpt":{"rendered":"<div class=\"mh-excerpt\">Samedi 22 juin 2019, \u00e0 partir de 14h.Concert des \u00e9l\u00e8ves et une soir\u00e9e musicale et conviviale sur la belle place de Salvagnac.<\/div>\n","protected":false},"author":4,"featured_media":0,"comment_status":"open","ping_status":"open","sticky":false,"template":"","format":"standard","meta":{"om_disable_all_campaigns":false,"advanced_seo_description":"","jetpack_seo_html_title":"","jetpack_seo_noindex":false,"_jetpack_memberships_contains_paid_content":false,"footnotes":"","_links_to":"","_links_to_target":""},"categories":[54,25,3653],"tags":[43,2548,157,1344],"class_list":{"0":"post-42916","1":"post","2":"type-post","3":"status-publish","4":"format-standard","6":"category-loisirs","7":"category-salvagnac","8":"category-n-159-juin-2019","9":"tag-concert","10":"tag-salvagnac","11":"tag-repas","12":"tag-vox-musica"},"jetpack_featured_media_url":"","views":{"total":0,"cached_at":"","cached_date":1738521403},"jetpack_likes_enabled":true,"jetpack_sharing_enabled":true,"jetpack_shortlink":"https:\/\/wp.me\/pg7Wxj-bac","jetpack-related-posts":[],"_links":{"self":[{"href":"https:\/\/www.o-p-i.fr\/parlonsen\/wp-json\/wp\/v2\/posts\/42916","targetHints":{"allow":["GET"]}}],"collection":[{"href":"https:\/\/www.o-p-i.fr\/parlonsen\/wp-json\/wp\/v2\/posts"}],"about":[{"href":"https:\/\/www.o-p-i.fr\/parlonsen\/wp-json\/wp\/v2\/types\/post"}],"author":[{"embeddable":true,"href":"https:\/\/www.o-p-i.fr\/parlonsen\/wp-json\/wp\/v2\/users\/4"}],"replies":[{"embeddable":true,"href":"https:\/\/www.o-p-i.fr\/parlonsen\/wp-json\/wp\/v2\/comments?post=42916"}],"version-history":[{"count":0,"href":"https:\/\/www.o-p-i.fr\/parlonsen\/wp-json\/wp\/v2\/posts\/42916\/revisions"}],"wp:attachment":[{"href":"https:\/\/www.o-p-i.fr\/parlonsen\/wp-json\/wp\/v2\/media?parent=42916"}],"wp:term":[{"taxonomy":"category","embeddable":true,"href":"https:\/\/www.o-p-i.fr\/parlonsen\/wp-json\/wp\/v2\/categories?post=42916"},{"taxonomy":"post_tag","embeddable":true,"href":"https:\/\/www.o-p-i.fr\/parlonsen\/wp-json\/wp\/v2\/tags?post=42916"}],"curies":[{"name":"wp","href":"https:\/\/api.w.org\/{rel}","templated":true}]}}