{"id":42931,"date":"2019-06-20T23:05:43","date_gmt":"2019-06-20T22:05:43","guid":{"rendered":"\/parlonsen\/?p=42931"},"modified":"2019-07-10T23:08:05","modified_gmt":"2019-07-10T22:08:05","slug":"concerts-dete-a-monclar-de-quercy-82","status":"publish","type":"post","link":"https:\/\/www.o-p-i.fr\/parlonsen\/localisation\/au-pays-des-tescous\/monclar\/concerts-dete-a-monclar-de-quercy-82\/","title":{"rendered":"Concerts d&rsquo;\u00e9t\u00e9 &#8230;\u00e0 Monclar de Quercy (82)"},"content":{"rendered":"\n<p>En <strong>juin, juillet et ao\u00fbt 2019<\/strong>, O&rsquo;Sullivan, de 19h. \u00e0 minuit<\/p>\n\n\n\n<!--more-->\n\n\n\n<p>Comme l&rsquo;\u00e9t\u00e9 dernier nous avons programm\u00e9 des concerts hebdomadaires sur notre terrasse.<br>Possibilit\u00e9 de restauration Menu Unique 18\u20ac entr\u00e9e plat dessert (9\u20ac enfants de -12 ans).<br>R\u00e9servation conseill\u00e9e 05 63 93 61 92 \/ 06 87 83 45 56<\/p>\n\n\n\n<div class=\"wp-block-image\"><figure class=\"alignright\"><img data-recalc-dims=\"1\" decoding=\"async\" src=\"https:\/\/i0.wp.com\/www.o-p-i.fr\/parlonsen\/wp-content\/uploads\/1-sulliv-1.jpg?ssl=1\" alt=\"\" class=\"wp-image-42678\"\/><\/figure><\/div>\n\n\n\n<p><strong>Le programme de l&rsquo;\u00e9t\u00e9<\/strong><\/p>\n\n\n\n<p>JUIN 2019<\/p>\n\n\n\n<ul class=\"wp-block-list\"><li>Vendredi 21 F\u00eate de la Musique Ad Lib<\/li><\/ul>\n\n\n\n<p>JUILLET 2019<\/p>\n\n\n\n<ul class=\"wp-block-list\"><li>Vendredi 5 Bandas La Pieuvre<\/li><li>Samedi 6 French Teuf<\/li><li>&nbsp;Jeudi 11 Jonathan en Trio<\/li><li>&nbsp;Mardi 16 Fullmoon Party #1 DJ Electro<\/li><li>Jeudi 18 March\u00e9 Nocturne Mam\u2019Zelle<\/li><li>Vendredi 26 Echo<\/li><\/ul>\n\n\n\n<p>AO\u00dbT 2019<\/p>\n\n\n\n<ul class=\"wp-block-list\"><li>Jeudi 1er Pti gars du coin<\/li><li>Jeudi 8 Duo Ac\u00e9r\u00e9<\/li><li>Jeudi 15 Fullmoon Party #2 DJ Electro<\/li><li>Vendredi 23 Sous L\u2019\u00e9pave<\/li><\/ul>\n\n\n\n<p><strong>Vendredi 21 Juin<\/strong> \u00ab\u00a0F\u00eate de la musique\u00a0\u00bb avec le groupe pop rock AdLib.<br>Salade Cake Ch\u00e8vre Lardon ou G\u00e9sier<br>Confit de Canard &amp; Gratin ou Faux Filet<br>Croustade maison<\/p>\n\n\n\n<p><strong>Vendredi 5 &amp; Samedi 6 Juillet Weekend Anniversaire \u00ab\u00a0F\u00e9ria Bleu &amp; Blanc\u00a0\u00bb.<\/strong><br><strong>*Vendredi<\/strong><br>19h00 Banda la Pieuvre &#8211; Ap\u00e9ro &#8211; Repas Festayre 18\u20ac<br><strong>*Samedi<\/strong><br>17h00 Tournoi de BeerPong par \u00e9quipe de 2 participation 5\u20ac\/pers<br>19h00 Ap\u00e9ro &#8211; Repas Festayre 18\u20ac<br>20h00 Concert French Teuf<\/p>\n\n\n\n<p>Pour plus d&rsquo;infos et de renseignements:<\/p>\n\n\n\n<p>Adeline Deboeve &amp; Florent Marqu\u00e8s<br>O&rsquo; Sullivan-SAS Poutounet<br>1 Avenue du Lac<br>82 230 Monclar de Quercy<br>05 63 93 61 92 \/ 06 87 83 45 56<\/p>\n\n\n\n<p><em>Information communiqu\u00e9e par Florent MARQUES<\/em><\/p>\n\n\n\n<p><a href=\"https:\/\/www.o-p-i.fr\/parlonsen\/agenda\/\">Retrouvez tous les \u00e9v\u00e9nements dans l&rsquo;agenda !<\/a><\/p>\n","protected":false},"excerpt":{"rendered":"<div class=\"mh-excerpt\">En juin, juillet et ao\u00fbt 2019, O&rsquo;Sullivan, de 19h. \u00e0 minuit<\/div>\n","protected":false},"author":4,"featured_media":0,"comment_status":"open","ping_status":"open","sticky":false,"template":"","format":"standard","meta":{"om_disable_all_campaigns":false,"advanced_seo_description":"","jetpack_seo_html_title":"","jetpack_seo_noindex":false,"_jetpack_memberships_contains_paid_content":false,"footnotes":"","_links_to":"","_links_to_target":""},"categories":[16,54,3653,3654],"tags":[43,143,580,2641],"class_list":{"0":"post-42931","1":"post","2":"type-post","3":"status-publish","4":"format-standard","6":"category-monclar","7":"category-loisirs","8":"category-n-159-juin-2019","9":"category-n-160-juillet-2019","10":"tag-concert","11":"tag-monclar-de-quercy","12":"tag-fete-de-la-musique","13":"tag-repas-concert"},"jetpack_featured_media_url":"","views":{"total":0,"cached_at":"","cached_date":1738289904},"jetpack_likes_enabled":true,"jetpack_sharing_enabled":true,"jetpack_shortlink":"https:\/\/wp.me\/pg7Wxj-bar","jetpack-related-posts":[],"_links":{"self":[{"href":"https:\/\/www.o-p-i.fr\/parlonsen\/wp-json\/wp\/v2\/posts\/42931","targetHints":{"allow":["GET"]}}],"collection":[{"href":"https:\/\/www.o-p-i.fr\/parlonsen\/wp-json\/wp\/v2\/posts"}],"about":[{"href":"https:\/\/www.o-p-i.fr\/parlonsen\/wp-json\/wp\/v2\/types\/post"}],"author":[{"embeddable":true,"href":"https:\/\/www.o-p-i.fr\/parlonsen\/wp-json\/wp\/v2\/users\/4"}],"replies":[{"embeddable":true,"href":"https:\/\/www.o-p-i.fr\/parlonsen\/wp-json\/wp\/v2\/comments?post=42931"}],"version-history":[{"count":0,"href":"https:\/\/www.o-p-i.fr\/parlonsen\/wp-json\/wp\/v2\/posts\/42931\/revisions"}],"wp:attachment":[{"href":"https:\/\/www.o-p-i.fr\/parlonsen\/wp-json\/wp\/v2\/media?parent=42931"}],"wp:term":[{"taxonomy":"category","embeddable":true,"href":"https:\/\/www.o-p-i.fr\/parlonsen\/wp-json\/wp\/v2\/categories?post=42931"},{"taxonomy":"post_tag","embeddable":true,"href":"https:\/\/www.o-p-i.fr\/parlonsen\/wp-json\/wp\/v2\/tags?post=42931"}],"curies":[{"name":"wp","href":"https:\/\/api.w.org\/{rel}","templated":true}]}}