{"id":43041,"date":"2019-07-15T09:23:01","date_gmt":"2019-07-15T08:23:01","guid":{"rendered":"\/parlonsen\/?p=43041"},"modified":"2019-07-15T09:23:01","modified_gmt":"2019-07-15T08:23:01","slug":"les-donneurs-de-sang-de-gaillac-81","status":"publish","type":"post","link":"https:\/\/www.o-p-i.fr\/parlonsen\/localisation\/a-cote-de-chez-nous\/les-donneurs-de-sang-de-gaillac-81\/","title":{"rendered":"Les donneurs de sang de Gaillac (81)"},"content":{"rendered":"<p>Du <strong>7 au 10 ao\u00fbt 2019<\/strong>, \u00e0 la salle Bouzinac<!--more--><img data-recalc-dims=\"1\" decoding=\"async\" class=\"alignright\" src=\"https:\/\/i0.wp.com\/www.o-p-i.fr\/parlonsen\/wp-content\/uploads\/sang-2.jpg?ssl=1\" \/>\u00ab\u00a0L\u2019association des Donneurs de Sang\u00a0\u00bb remercie vivement les 412 personnes qui ont r\u00e9pondu pr\u00e9sentes \u00e0 Gaillac au mois de mai, lors de notre derni\u00e8re collecte, collecte qui a b\u00e9n\u00e9fici\u00e9 du soutien du Rotary que nous remercions.<br \/>\nCette collecte s&rsquo;est d\u00e9roul\u00e9e sur 4 journ\u00e9es cons\u00e9cutives,avec le samedi apr\u00e8s midi en plus \u00e0 titre exceptionnel.<br \/>\nElle a permis de pr\u00e9lever 344 poches et donc une belle augmentation par rapport \u00e0 2018, en cette p\u00e9riode de grande demande et besoins.<br \/>\nLa transfusion sanguine est une th\u00e9rapeutique indispensable dans le traitement de nombreuses maladies et affections. Ces traitements d\u00e9pendent de la g\u00e9n\u00e9rosit\u00e9 des donneurs de sang et de la r\u00e9gularit\u00e9 de leurs dons.<br \/>\nNotre nouveau pr\u00e9sident Christophe MATTHIEU remercie tous les b\u00e9n\u00e9voles qui ont aid\u00e9 \u00e0 l\u2019organisation et au bon d\u00e9roulement de cette collecte.<br \/>\nL\u2019association recrute r\u00e9guli\u00e8rement des b\u00e9n\u00e9voles pour renforcer l\u2019\u00e9quipe d\u00e9j\u00e0 pr\u00e9sente. L&rsquo;\u00e9quipe s&rsquo;est rajeunie,n&rsquo;h\u00e9sitez pas \u00e0 nous contacter.<br \/>\nNous vous donnons RDV du 07 au 10 Ao\u00fbt \u00e0 Gaillac, \u00e0 la salle Bouzinac pour la prochaine collecte:<\/p>\n<ul>\n<li>du mercredi 7\/8 au vendredi 9\/8 de 14h \u00e0 19h<\/li>\n<li>le samedi 10\/8 de 10h30 \u00e0 13h30.\n<p>L&rsquo;Association des Donneurs de Sang B\u00e9n\u00e9voles de Gaillac<br \/>\nCourriel: <a href=\"mailto:dondusanggaillac@laposte.net\" target=\"_blank\" rel=\"noopener noreferrer\">dondusanggaillac@laposte.net<\/a><\/li>\n<\/ul>\n<p>Renseignements: Christophe MATTHIEU 06 29 57 17 96<\/p>\n<p><em>Information communiqu\u00e9e par Evelyne<\/em><\/p>\n<p><a href=\"https:\/\/www.o-p-i.fr\/parlonsen\/agenda\/\">Retrouvez tous les \u00e9v\u00e9nements dans l&rsquo;agenda !<\/a><\/p>\n","protected":false},"excerpt":{"rendered":"<div class=\"mh-excerpt\">Du 7 au 10 ao\u00fbt 2019, \u00e0 la salle Bouzinac<\/div>\n","protected":false},"author":4,"featured_media":0,"comment_status":"open","ping_status":"open","sticky":false,"template":"","format":"standard","meta":{"om_disable_all_campaigns":false,"advanced_seo_description":"","jetpack_seo_html_title":"","jetpack_seo_noindex":false,"_jetpack_memberships_contains_paid_content":false,"footnotes":"","_links_to":"","_links_to_target":""},"categories":[52,42,58,291,3697],"tags":[215,3427],"class_list":{"0":"post-43041","1":"post","2":"type-post","3":"status-publish","4":"format-standard","6":"category-parlons-en","7":"category-a-cote-de-chez-nous","8":"category-sante","9":"category-solidarite","10":"category-n-161-aout-2019","11":"tag-gaillac","12":"tag-collecte-don-de-sang"},"jetpack_featured_media_url":"","views":{"total":0,"cached_at":"","cached_date":1738266264},"jetpack_likes_enabled":true,"jetpack_sharing_enabled":true,"jetpack_shortlink":"https:\/\/wp.me\/pg7Wxj-bcd","jetpack-related-posts":[],"_links":{"self":[{"href":"https:\/\/www.o-p-i.fr\/parlonsen\/wp-json\/wp\/v2\/posts\/43041","targetHints":{"allow":["GET"]}}],"collection":[{"href":"https:\/\/www.o-p-i.fr\/parlonsen\/wp-json\/wp\/v2\/posts"}],"about":[{"href":"https:\/\/www.o-p-i.fr\/parlonsen\/wp-json\/wp\/v2\/types\/post"}],"author":[{"embeddable":true,"href":"https:\/\/www.o-p-i.fr\/parlonsen\/wp-json\/wp\/v2\/users\/4"}],"replies":[{"embeddable":true,"href":"https:\/\/www.o-p-i.fr\/parlonsen\/wp-json\/wp\/v2\/comments?post=43041"}],"version-history":[{"count":0,"href":"https:\/\/www.o-p-i.fr\/parlonsen\/wp-json\/wp\/v2\/posts\/43041\/revisions"}],"wp:attachment":[{"href":"https:\/\/www.o-p-i.fr\/parlonsen\/wp-json\/wp\/v2\/media?parent=43041"}],"wp:term":[{"taxonomy":"category","embeddable":true,"href":"https:\/\/www.o-p-i.fr\/parlonsen\/wp-json\/wp\/v2\/categories?post=43041"},{"taxonomy":"post_tag","embeddable":true,"href":"https:\/\/www.o-p-i.fr\/parlonsen\/wp-json\/wp\/v2\/tags?post=43041"}],"curies":[{"name":"wp","href":"https:\/\/api.w.org\/{rel}","templated":true}]}}