{"id":43059,"date":"2019-07-15T17:57:44","date_gmt":"2019-07-15T16:57:44","guid":{"rendered":"\/parlonsen\/?p=43059"},"modified":"2025-10-11T10:31:34","modified_gmt":"2025-10-11T08:31:34","slug":"bourse-toutes-collections-a-monclar-de-quercy-82","status":"publish","type":"post","link":"https:\/\/www.o-p-i.fr\/parlonsen\/parlons-en\/pratique\/bourse-toutes-collections-a-monclar-de-quercy-82\/","title":{"rendered":"Bourse Toutes Collections&#8230; \u00e0 Monclar de Quercy (82)"},"content":{"rendered":"<p><strong>Dimanche 25 ao\u00fbt 2019<\/strong>, esplanade des lacs.<!--more-->L&rsquo;A.T.C.P.M. (ancien Office de Tourisme) organise sa \u00ab\u00a016\u00e8me Bourse Toutes Collections\u00a0\u00bb associ\u00e9 \u00e0 un salon du livre et de la BD qui accueillera 40 auteurs ; \u00e0 d\u00e9couvrir sur le site 7 \u00e0 lire avec leurs ouvrages et le programme complet des animations gratuites.<\/p>\n<p>La bourse toutes collections , comme son nom l\u2019indique accueille toutes les collections des classiques au plus insolites : numismatique, philat\u00e9lie, cartes postales anciennes, f\u00e8ves, bagues et muselets de champagne, mod\u00e8les r\u00e9duits, livres anciens, vieux papier, disques vynil de tr\u00e8s grande qualit\u00e9, des d\u00e9s, des cartes 3D, .. Vous trouverez tout ce que vous souhaitez pour compl\u00e9ter ou commencer une collection. Les collectionneurs de marque pages devraient y trouver de nombreuses pi\u00e8ces, plus ou moins rares, gratuitement. Les collectionneurs exposants viennent parfois de loin, mais l\u2019enthousiasme des visiteurs et la qualit\u00e9 de la bourse font que des collectionneurs visiteurs font plusieurs centaines de km pour assister \u00e0 nos bourses et y faire l\u2019achat souhait\u00e9. Bien venue !<\/p>\n<p>Bienvenue aussi aux nouveaux exposants qui souhaiteraient venir proposer leurs collections. Merci de r\u00e9server d\u00e8s maintenant au 05 63 30 31 72 \/ <a href=\"mailto:monclardequercy@wanadoo.fr\" target=\"_blank\" rel=\"noopener noreferrer\">monclardequercy@wanadoo.fr<\/a><br \/>\nRendez-vous dimanche 25 ao\u00fbt 2019, de 9h \u00e0 18h, salle de l\u2019esplanade des lacs .<\/p>\n<p>Information communiqu\u00e9e par Robert LINAS<\/p>\n<p><a href=\"https:\/\/www.o-p-i.fr\/parlonsen\/agenda\/\">Retrouvez tous les \u00e9v\u00e9nements dans l&rsquo;agenda !<\/a><\/p>\n","protected":false},"excerpt":{"rendered":"<div class=\"mh-excerpt\">Dimanche 25 ao\u00fbt 2019, esplanade des lacs.<\/div>\n","protected":false},"author":4,"featured_media":0,"comment_status":"open","ping_status":"open","sticky":false,"template":"","format":"standard","meta":{"om_disable_all_campaigns":false,"advanced_seo_description":"","jetpack_seo_html_title":"","jetpack_seo_noindex":false,"_jetpack_memberships_contains_paid_content":false,"footnotes":"","_links_to":"","_links_to_target":""},"categories":[16,54,6,3697],"tags":[126,143,621,678,3505],"class_list":{"0":"post-43059","1":"post","2":"type-post","3":"status-publish","4":"format-standard","6":"category-monclar","7":"category-loisirs","8":"category-pratique","9":"category-n-161-aout-2019","10":"tag-7-a-lire","11":"tag-monclar-de-quercy","12":"tag-bourse-toutes-collections","13":"tag-salon-du-livre","14":"tag-atcpm"},"jetpack_featured_media_url":"","views":{"total":0,"cached_at":"","cached_date":1738532501},"jetpack_likes_enabled":true,"jetpack_sharing_enabled":true,"jetpack_shortlink":"https:\/\/wp.me\/pg7Wxj-bcv","jetpack-related-posts":[],"_links":{"self":[{"href":"https:\/\/www.o-p-i.fr\/parlonsen\/wp-json\/wp\/v2\/posts\/43059","targetHints":{"allow":["GET"]}}],"collection":[{"href":"https:\/\/www.o-p-i.fr\/parlonsen\/wp-json\/wp\/v2\/posts"}],"about":[{"href":"https:\/\/www.o-p-i.fr\/parlonsen\/wp-json\/wp\/v2\/types\/post"}],"author":[{"embeddable":true,"href":"https:\/\/www.o-p-i.fr\/parlonsen\/wp-json\/wp\/v2\/users\/4"}],"replies":[{"embeddable":true,"href":"https:\/\/www.o-p-i.fr\/parlonsen\/wp-json\/wp\/v2\/comments?post=43059"}],"version-history":[{"count":0,"href":"https:\/\/www.o-p-i.fr\/parlonsen\/wp-json\/wp\/v2\/posts\/43059\/revisions"}],"wp:attachment":[{"href":"https:\/\/www.o-p-i.fr\/parlonsen\/wp-json\/wp\/v2\/media?parent=43059"}],"wp:term":[{"taxonomy":"category","embeddable":true,"href":"https:\/\/www.o-p-i.fr\/parlonsen\/wp-json\/wp\/v2\/categories?post=43059"},{"taxonomy":"post_tag","embeddable":true,"href":"https:\/\/www.o-p-i.fr\/parlonsen\/wp-json\/wp\/v2\/tags?post=43059"}],"curies":[{"name":"wp","href":"https:\/\/api.w.org\/{rel}","templated":true}]}}