{"id":4306,"date":"2010-06-29T16:54:16","date_gmt":"2010-06-29T14:54:16","guid":{"rendered":"\/parlonsen\/?p=4306"},"modified":"2010-06-29T16:54:32","modified_gmt":"2010-06-29T14:54:32","slug":"la-programmation-places-en-fete-juillet-2010-a-salvagnac","status":"publish","type":"post","link":"https:\/\/www.o-p-i.fr\/parlonsen\/parlons-en\/culture\/la-programmation-places-en-fete-juillet-2010-a-salvagnac\/","title":{"rendered":"La Programmation Places en F\u00eate &#8211; Juillet 2010 &#8230; \u00e0 Salvagnac"},"content":{"rendered":"<p>D\u00e9couvrez aujourd&rsquo;hui l&rsquo;int\u00e9gralit\u00e9 du programme Places en F\u00eate Juillet 2010<!--more--><\/p>\n<figure id=\"attachment_4307\" aria-describedby=\"caption-attachment-4307\" style=\"width: 300px\" class=\"wp-caption alignleft\"><img data-recalc-dims=\"1\" loading=\"lazy\" decoding=\"async\" class=\"size-full wp-image-4307\" title=\"Salvagnac (81)\" src=\"https:\/\/i0.wp.com\/www.o-p-i.fr\/parlonsen\/wp-content\/uploads\/affiche_pef.jpg?resize=300%2C1277&#038;ssl=1\" alt=\"Salvagnac (81)\" width=\"300\" height=\"1277\" \/><figcaption id=\"caption-attachment-4307\" class=\"wp-caption-text\">Salvagnac (81)<\/figcaption><\/figure>\n<p>* \u00ab\u00a0EXPOS VAGABONDES\u00a0\u00bb, du 3 au 9 juillet,  circuits artistiques \u00e0 travers le canton<\/p>\n<p>* Les STAGES, du 4 au 10 juillet<\/p>\n<p>* Les festivit\u00e9s du vendredi soir 9 et samedi 10 juillet toute la journ\u00e9e<\/p>\n<p>Retrouvez le programme complet <a href=\"https:\/\/www.o-p-i.fr\/parlonsen\/wp-content\/uploads\/prog_pef2010.pdf\">en cliquant ici !<\/a><\/p>\n<p>Vous pouvez d\u00e8s \u00e0 pr\u00e9sent vous inscrire aux stages, r\u00e9server votre place dans le minibus pour le circuit EXPOS VAGABONDES (mais vous pouvez aussi le faire individuellement), vous inscrire au repas du 9 juillet (celui du 10 est sans inscription) \u00e0 :<\/p>\n<p>&#8211; Places en f\u00eate <strong>stages <\/strong><br \/>\nT\u00e9l. : 05 63 33 77 39 \/ 06 83 48 57 22<\/p>\n<p>&#8211; Places en f\u00eate <strong>atelier<\/strong><br \/>\nT\u00e9l. : 05 63 40 80 97<\/p>\n<p>&#8211; Places en f\u00eate \u00ab\u00a0<strong>EXPOS VAGABONDES<\/strong>\u00a0\u00bb<br \/>\nT\u00e9l. : 05 63 40 80 97 \/ 06 19 95 10 75<\/p>\n<p>&#8211; Places en f\u00eate <strong>repas <\/strong><br \/>\nT\u00e9l. : 05 63 33 50 42 \/ 06 45 34 28 03<\/p>\n<p>&#8211; La Mairie de Salvagnac, sur place ou par t\u00e9l.<br \/>\nT\u00e9l. : 05 63 33 50 18<\/p>\n<p>&#8211; L&rsquo;Office de Tourisme Bastides et Vignoble du Gaillac, sur place ou par t\u00e9l.<br \/>\nT\u00e9l. : 05 63 33 57 84<\/p>\n<p><em>Communiqu\u00e9 du Collectif Places en F\u00eate<\/em><\/p>\n<p>Retrouvez toutes les infos sur le <a title=\"Ouvre le blog P en F dans une nouvelle fen\u00eatre\" href=\"http:\/\/pefsalvagnac.canalblog.com\/\" target=\"_blank\">blog de\u00a0 Places en F\u00eate<\/a><\/p>\n","protected":false},"excerpt":{"rendered":"<div class=\"mh-excerpt\">D\u00e9couvrez aujourd&rsquo;hui l&rsquo;int\u00e9gralit\u00e9 du programme Places en F\u00eate Juillet 2010<\/div>\n","protected":false},"author":2,"featured_media":0,"comment_status":"open","ping_status":"open","sticky":false,"template":"","format":"standard","meta":{"om_disable_all_campaigns":false,"advanced_seo_description":"","jetpack_seo_html_title":"","jetpack_seo_noindex":false,"_jetpack_memberships_contains_paid_content":false,"footnotes":"","_links_to":"","_links_to_target":""},"categories":[51,4,1,54,25,563],"tags":[43,172,183,195],"class_list":{"0":"post-4306","1":"post","2":"type-post","3":"status-publish","4":"format-standard","6":"category-artisanat","7":"category-commerce","8":"category-culture","9":"category-loisirs","10":"category-salvagnac","11":"category-n-50-juin-2010","12":"tag-concert","13":"tag-exposition","14":"tag-places-en-fete","15":"tag-stage"},"jetpack_featured_media_url":"","views":{"total":0,"cached_at":"","cached_date":1738227088},"jetpack_likes_enabled":true,"jetpack_sharing_enabled":true,"jetpack_shortlink":"https:\/\/wp.me\/pg7Wxj-17s","jetpack-related-posts":[],"_links":{"self":[{"href":"https:\/\/www.o-p-i.fr\/parlonsen\/wp-json\/wp\/v2\/posts\/4306","targetHints":{"allow":["GET"]}}],"collection":[{"href":"https:\/\/www.o-p-i.fr\/parlonsen\/wp-json\/wp\/v2\/posts"}],"about":[{"href":"https:\/\/www.o-p-i.fr\/parlonsen\/wp-json\/wp\/v2\/types\/post"}],"author":[{"embeddable":true,"href":"https:\/\/www.o-p-i.fr\/parlonsen\/wp-json\/wp\/v2\/users\/2"}],"replies":[{"embeddable":true,"href":"https:\/\/www.o-p-i.fr\/parlonsen\/wp-json\/wp\/v2\/comments?post=4306"}],"version-history":[{"count":0,"href":"https:\/\/www.o-p-i.fr\/parlonsen\/wp-json\/wp\/v2\/posts\/4306\/revisions"}],"wp:attachment":[{"href":"https:\/\/www.o-p-i.fr\/parlonsen\/wp-json\/wp\/v2\/media?parent=4306"}],"wp:term":[{"taxonomy":"category","embeddable":true,"href":"https:\/\/www.o-p-i.fr\/parlonsen\/wp-json\/wp\/v2\/categories?post=4306"},{"taxonomy":"post_tag","embeddable":true,"href":"https:\/\/www.o-p-i.fr\/parlonsen\/wp-json\/wp\/v2\/tags?post=4306"}],"curies":[{"name":"wp","href":"https:\/\/api.w.org\/{rel}","templated":true}]}}