{"id":43079,"date":"2019-07-18T14:41:56","date_gmt":"2019-07-18T13:41:56","guid":{"rendered":"\/parlonsen\/?p=43079"},"modified":"2019-07-23T07:02:14","modified_gmt":"2019-07-23T06:02:14","slug":"la-fete-edition-2019a-montdurausse-81","status":"publish","type":"post","link":"https:\/\/www.o-p-i.fr\/parlonsen\/localisation\/au-pays-des-tescous\/montdurausse\/la-fete-edition-2019a-montdurausse-81\/","title":{"rendered":"La f\u00eate \u00e9dition 2019\u2026\u00e0 Montdurausse (81)"},"content":{"rendered":"<p>Du <strong>jeudi 25 au dimanche 28 juillet 2019<\/strong>, des tas de choses vous attendent \u00e0 Montdurausse.<!--more--><\/p>\n<h4>Au programme:<\/h4>\n<ul>\n<li><img data-recalc-dims=\"1\" loading=\"lazy\" decoding=\"async\" class=\"alignright size-medium wp-image-43104\" src=\"https:\/\/i0.wp.com\/www.o-p-i.fr\/parlonsen\/wp-content\/uploads\/MONTDURASSE-2019.jpg?resize=300%2C146&#038;ssl=1\" alt=\"\" width=\"300\" height=\"146\" srcset=\"https:\/\/i0.wp.com\/www.o-p-i.fr\/parlonsen\/wp-content\/uploads\/MONTDURASSE-2019.jpg?resize=300%2C146&amp;ssl=1 300w, https:\/\/i0.wp.com\/www.o-p-i.fr\/parlonsen\/wp-content\/uploads\/MONTDURASSE-2019.jpg?resize=150%2C73&amp;ssl=1 150w, https:\/\/i0.wp.com\/www.o-p-i.fr\/parlonsen\/wp-content\/uploads\/MONTDURASSE-2019.jpg?w=340&amp;ssl=1 340w\" sizes=\"auto, (max-width: 300px) 100vw, 300px\" \/>D\u00e8s le <strong>jeudi 25 juillet<\/strong> \u00e0 partir de 18h.30, march\u00e9 gourmand: retrouvez tous les producteurs locaux aux abords de la salle des f\u00eates, ils vous pr\u00e9pareront leur meilleurs plats, vous n\u2019aurez qu\u2019\u00e0 d\u00e9guster de stand en stand en fonction de vos envies.<\/li>\n<li>Le <strong>Vendredi 26 juillet<\/strong> \u00e0 22h., DECIBEL et DJ Laurent reviennent vous faire danser sur les derniers sons du moment.<\/li>\n<li>Le <strong>Samedi 27 juillet<\/strong>\n<ul>\n<li>apr\u00e8s midi, comme tous les ans maintenant participez \u00e0 notre <strong>concours de p\u00e9tanque<\/strong> en doublette \u00e0 partir de 14h \u2026<\/li>\n<li>Puis \u00e0 partir de 20h 30 \u2013 <strong>Repas traditionnel<\/strong><br \/>\n12 \u20acuros (6 \u20ac pour enfants de 6 \u00e0 12 ans)<br \/>\nInscription : 06 07 50 48 94\u00a0 ou 06 28 32 39 95<\/li>\n<li>A 22h.<strong>soir\u00e9 dansante<\/strong> avec Copacabana<\/li>\n<\/ul>\n<\/li>\n<li><strong><img data-recalc-dims=\"1\" loading=\"lazy\" decoding=\"async\" class=\"alignleft size-full wp-image-42776\" src=\"https:\/\/i0.wp.com\/www.o-p-i.fr\/parlonsen\/wp-content\/uploads\/artifice-4-150x150-1.jpg?resize=150%2C150&#038;ssl=1\" alt=\"\" width=\"150\" height=\"150\" \/>Dimanche 28 juillet<\/strong>\n<ul>\n<li>11h.30 <strong>messe<\/strong> avec la chorale du Prieur\u00e9, puis <strong>ap\u00e9ritif<\/strong> offert<\/li>\n<li>D\u00e9but de soir\u00e9e, spectacle de <strong>majorettes.<\/strong><\/li>\n<li>22h. <strong>Music Animation<\/strong><\/li>\n<li>23h.<strong> Grand feu d&rsquo;artifice<\/strong><\/li>\n<\/ul>\n<\/li>\n<\/ul>\n<p><em>Communiqu\u00e9 par Marjorie DAYDE<\/em><\/p>\n<p><a href=\"https:\/\/www.o-p-i.fr\/parlonsen\/agenda\/\">Retrouvez tous les \u00e9v\u00e9nements dans l&rsquo;agenda !<\/a><\/p>\n","protected":false},"excerpt":{"rendered":"<div class=\"mh-excerpt\">Du jeudi 25 au dimanche 28 juillet 2019, des tas de choses vous attendent \u00e0 Montdurausse.<\/div>\n","protected":false},"author":4,"featured_media":0,"comment_status":"open","ping_status":"open","sticky":false,"template":"","format":"standard","meta":{"om_disable_all_campaigns":false,"advanced_seo_description":"","jetpack_seo_html_title":"","jetpack_seo_noindex":false,"_jetpack_memberships_contains_paid_content":false,"footnotes":"","_links_to":"","_links_to_target":""},"categories":[54,32,3654],"tags":[56,224,303,452,617,803,1921,2408],"class_list":{"0":"post-43079","1":"post","2":"type-post","3":"status-publish","4":"format-standard","6":"category-loisirs","7":"category-montdurausse","8":"category-n-160-juillet-2019","9":"tag-fete","10":"tag-majorette","11":"tag-marche-gourmand","12":"tag-chorale-du-prieure","13":"tag-feu-dartifice","14":"tag-comite-des-fetes","15":"tag-messe-chantee","16":"tag-repas-traditionnel"},"jetpack_featured_media_url":"","views":{"total":0,"cached_at":"","cached_date":1738461807},"jetpack_likes_enabled":true,"jetpack_sharing_enabled":true,"jetpack_shortlink":"https:\/\/wp.me\/pg7Wxj-bcP","jetpack-related-posts":[],"_links":{"self":[{"href":"https:\/\/www.o-p-i.fr\/parlonsen\/wp-json\/wp\/v2\/posts\/43079","targetHints":{"allow":["GET"]}}],"collection":[{"href":"https:\/\/www.o-p-i.fr\/parlonsen\/wp-json\/wp\/v2\/posts"}],"about":[{"href":"https:\/\/www.o-p-i.fr\/parlonsen\/wp-json\/wp\/v2\/types\/post"}],"author":[{"embeddable":true,"href":"https:\/\/www.o-p-i.fr\/parlonsen\/wp-json\/wp\/v2\/users\/4"}],"replies":[{"embeddable":true,"href":"https:\/\/www.o-p-i.fr\/parlonsen\/wp-json\/wp\/v2\/comments?post=43079"}],"version-history":[{"count":0,"href":"https:\/\/www.o-p-i.fr\/parlonsen\/wp-json\/wp\/v2\/posts\/43079\/revisions"}],"wp:attachment":[{"href":"https:\/\/www.o-p-i.fr\/parlonsen\/wp-json\/wp\/v2\/media?parent=43079"}],"wp:term":[{"taxonomy":"category","embeddable":true,"href":"https:\/\/www.o-p-i.fr\/parlonsen\/wp-json\/wp\/v2\/categories?post=43079"},{"taxonomy":"post_tag","embeddable":true,"href":"https:\/\/www.o-p-i.fr\/parlonsen\/wp-json\/wp\/v2\/tags?post=43079"}],"curies":[{"name":"wp","href":"https:\/\/api.w.org\/{rel}","templated":true}]}}