{"id":43168,"date":"2019-07-31T20:14:05","date_gmt":"2019-07-31T19:14:05","guid":{"rendered":"\/parlonsen\/?p=43168"},"modified":"2019-07-31T20:14:05","modified_gmt":"2019-07-31T19:14:05","slug":"un-dimanche-avec-prevert-a-puycelsi-81","status":"publish","type":"post","link":"https:\/\/www.o-p-i.fr\/parlonsen\/parlons-en\/culture\/un-dimanche-avec-prevert-a-puycelsi-81\/","title":{"rendered":"Un dimanche avec Pr\u00e9vert&#8230; \u00e0 Puycelsi (81)"},"content":{"rendered":"<p><strong>Dimanche 4 ao\u00fbt 2019<\/strong>, \u00e0 18h. au \u00ab\u00a0Temps de Lire\u00a0\u00bb<!--more--><\/p>\n<p><img data-recalc-dims=\"1\" loading=\"lazy\" decoding=\"async\" class=\"alignright wp-image-43169 size-medium\" src=\"https:\/\/i0.wp.com\/www.o-p-i.fr\/parlonsen\/wp-content\/uploads\/le-temps-de-lire.jpg?resize=300%2C224&#038;ssl=1\" alt=\"\" width=\"300\" height=\"224\" srcset=\"https:\/\/i0.wp.com\/www.o-p-i.fr\/parlonsen\/wp-content\/uploads\/le-temps-de-lire.jpg?resize=300%2C224&amp;ssl=1 300w, https:\/\/i0.wp.com\/www.o-p-i.fr\/parlonsen\/wp-content\/uploads\/le-temps-de-lire.jpg?resize=150%2C112&amp;ssl=1 150w, https:\/\/i0.wp.com\/www.o-p-i.fr\/parlonsen\/wp-content\/uploads\/le-temps-de-lire.jpg?resize=400%2C299&amp;ssl=1 400w, https:\/\/i0.wp.com\/www.o-p-i.fr\/parlonsen\/wp-content\/uploads\/le-temps-de-lire.jpg?w=406&amp;ssl=1 406w\" sizes=\"auto, (max-width: 300px) 100vw, 300px\" \/>Olivier KA et Laurent MARTIN pr\u00e9sentent <strong>\u00ab\u00a0Un dimanche avec Pr\u00e9vert\u00a0\u00bb<\/strong> \u00e0 la bouquinerie Le Temps de Lire, place du four \u00e0 Puycelsi.<\/p>\n<p>Lecture musicale suivie d&rsquo;un papotage de circonstance et d&rsquo;un rafra\u00eechissement<\/p>\n<p>Entr\u00e9e libre<\/p>\n<p><img data-recalc-dims=\"1\" loading=\"lazy\" decoding=\"async\" class=\"alignleft size-full wp-image-43170\" src=\"https:\/\/i0.wp.com\/www.o-p-i.fr\/parlonsen\/wp-content\/uploads\/pr%C3%A9vert.jpg?resize=170%2C143&#038;ssl=1\" alt=\"\" width=\"170\" height=\"143\" srcset=\"https:\/\/i0.wp.com\/www.o-p-i.fr\/parlonsen\/wp-content\/uploads\/pr%C3%A9vert.jpg?w=170&amp;ssl=1 170w, https:\/\/i0.wp.com\/www.o-p-i.fr\/parlonsen\/wp-content\/uploads\/pr%C3%A9vert.jpg?resize=150%2C126&amp;ssl=1 150w\" sizes=\"auto, (max-width: 170px) 100vw, 170px\" \/>Le Temps de Lire<\/p>\n<p>Courriel: <a href=\"mailto:letempsdelire.puycelsi@gmail.com\" target=\"_blank\" rel=\"noopener noreferrer\">letempsdelire.puycelsi@gmail.com<\/a><\/p>\n<p>SMS au 06 72 92 35 06<\/p>\n","protected":false},"excerpt":{"rendered":"<div class=\"mh-excerpt\">Dimanche 4 ao\u00fbt 2019, \u00e0 18h. au \u00ab\u00a0Temps de Lire\u00a0\u00bb<\/div>\n","protected":false},"author":4,"featured_media":0,"comment_status":"open","ping_status":"open","sticky":false,"template":"","format":"standard","meta":{"om_disable_all_campaigns":false,"advanced_seo_description":"","jetpack_seo_html_title":"","jetpack_seo_noindex":false,"_jetpack_memberships_contains_paid_content":false,"footnotes":"","_links_to":"","_links_to_target":""},"categories":[42,1,54,3697],"tags":[478,3470],"class_list":{"0":"post-43168","1":"post","2":"type-post","3":"status-publish","4":"format-standard","6":"category-a-cote-de-chez-nous","7":"category-culture","8":"category-loisirs","9":"category-n-161-aout-2019","10":"tag-puycelsi","11":"tag-le-temps-de-lire"},"jetpack_featured_media_url":"","views":{"total":0,"cached_at":"","cached_date":1738403835},"jetpack_likes_enabled":true,"jetpack_sharing_enabled":true,"jetpack_shortlink":"https:\/\/wp.me\/pg7Wxj-beg","jetpack-related-posts":[],"_links":{"self":[{"href":"https:\/\/www.o-p-i.fr\/parlonsen\/wp-json\/wp\/v2\/posts\/43168","targetHints":{"allow":["GET"]}}],"collection":[{"href":"https:\/\/www.o-p-i.fr\/parlonsen\/wp-json\/wp\/v2\/posts"}],"about":[{"href":"https:\/\/www.o-p-i.fr\/parlonsen\/wp-json\/wp\/v2\/types\/post"}],"author":[{"embeddable":true,"href":"https:\/\/www.o-p-i.fr\/parlonsen\/wp-json\/wp\/v2\/users\/4"}],"replies":[{"embeddable":true,"href":"https:\/\/www.o-p-i.fr\/parlonsen\/wp-json\/wp\/v2\/comments?post=43168"}],"version-history":[{"count":0,"href":"https:\/\/www.o-p-i.fr\/parlonsen\/wp-json\/wp\/v2\/posts\/43168\/revisions"}],"wp:attachment":[{"href":"https:\/\/www.o-p-i.fr\/parlonsen\/wp-json\/wp\/v2\/media?parent=43168"}],"wp:term":[{"taxonomy":"category","embeddable":true,"href":"https:\/\/www.o-p-i.fr\/parlonsen\/wp-json\/wp\/v2\/categories?post=43168"},{"taxonomy":"post_tag","embeddable":true,"href":"https:\/\/www.o-p-i.fr\/parlonsen\/wp-json\/wp\/v2\/tags?post=43168"}],"curies":[{"name":"wp","href":"https:\/\/api.w.org\/{rel}","templated":true}]}}